{"id":3040,"date":"2026-07-11T09:43:34","date_gmt":"2026-07-11T09:43:34","guid":{"rendered":"https:\/\/gundem59.com.tr\/?p=3040"},"modified":"2026-07-11T09:43:35","modified_gmt":"2026-07-11T09:43:35","slug":"sarikurttan-hava-kirliligi-tepkisi-yine-zehirleniyoruz","status":"publish","type":"post","link":"https:\/\/gundem59.com.tr\/?p=3040","title":{"rendered":"Sar\u0131kurt\u2019tan Hava Kirlili\u011fi Tepkisi: \u201cYine Zehirleniyoruz\u201d"},"content":{"rendered":"\n<p class=\"wp-block-paragraph\">Ahmet Sar\u0131kurt, kentte yeniden hissedilen k\u00f6t\u00fc koku ve hava kirlili\u011fine sert tepki g\u00f6sterdi. Sosyal medya hesab\u0131ndan a\u00e7\u0131klama yapan Sar\u0131kurt, hava kalitesinin insan sa\u011fl\u0131\u011f\u0131n\u0131 tehdit edecek seviyelere ula\u015ft\u0131\u011f\u0131n\u0131 belirterek yetkililere \u00e7a\u011fr\u0131da bulundu.<\/p>\n\n\n\n<p class=\"wp-block-paragraph\">Gece saatlerinde yapt\u0131\u011f\u0131 payla\u015f\u0131mda ya\u015fanan duruma dikkat \u00e7eken Sar\u0131kurt, \u201cBu gece yine zehirleniyoruz. T\u00fcrkiye&#8217;nin n\u00fcfusu itibar\u0131yla 78&#8217;inci en b\u00fcy\u00fck ya\u015fam alan\u0131. Ya\u015fatt\u0131\u011f\u0131n\u0131z\u0131 ya\u015fars\u0131n\u0131z in\u015fallah.\u201d ifadelerini kulland\u0131.<\/p>\n\n\n\n<h3 class=\"wp-block-heading\">Hava Kalitesi Sa\u011fl\u0131k A\u00e7\u0131s\u0131ndan Riskli Seviyede<\/h3>\n\n\n\n<p class=\"wp-block-paragraph\">10 Temmuz tarihli hava kalitesi verilerini payla\u015fan Sar\u0131kurt, \u00c7orlu\u2019da hava kalitesi indeksinin 107 olarak \u00f6l\u00e7\u00fcld\u00fc\u011f\u00fcn\u00fc belirtti. Bu de\u011ferin &#8220;sa\u011fl\u0131k a\u00e7\u0131s\u0131ndan sak\u0131ncal\u0131&#8221; seviyede oldu\u011funu vurgulayan Sar\u0131kurt, \u00f6zellikle hassas gruplar\u0131n olumsuz etkilenebilece\u011fine dikkat \u00e7ekti.<\/p>\n\n\n\n<p class=\"wp-block-paragraph\">Kentte uzun s\u00fcredir zaman zaman ya\u015fanan k\u00f6t\u00fc koku sorununun yeniden g\u00fcndeme geldi\u011fini ifade eden Sar\u0131kurt, temiz havan\u0131n temel bir insan hakk\u0131 oldu\u011funu s\u00f6yledi.<\/p>\n\n\n\n<h3 class=\"wp-block-heading\">\u201cTemiz Hava Ayr\u0131cal\u0131k De\u011fil, Ya\u015fam Hakk\u0131d\u0131r\u201d<\/h3>\n\n\n\n<p class=\"wp-block-paragraph\">A\u00e7\u0131klamas\u0131nda \u00e7evre sorunlar\u0131n\u0131n art\u0131k g\u00f6rmezden gelinmemesi gerekti\u011fini belirten Sar\u0131kurt, \u201cD\u00fcn gece bir kez daha k\u00f6t\u00fc koku ve kirli havayla kar\u015f\u0131 kar\u015f\u0131ya kald\u0131k. Temiz hava bir ayr\u0131cal\u0131k de\u011fil, en temel ya\u015fam hakk\u0131d\u0131r.\u201d dedi.<\/p>\n\n\n\n<h3 class=\"wp-block-heading\">Vatanda\u015flara ALO 181 \u00c7a\u011fr\u0131s\u0131<\/h3>\n\n\n\n<p class=\"wp-block-paragraph\">Kent genelinde hissedilen k\u00f6t\u00fc koku nedeniyle vatanda\u015flardan \u00e7ok say\u0131da \u015fik\u00e2yet geldi\u011fini ifade eden Sar\u0131kurt, \u00e7evre kirlili\u011fiyle ilgili bildirimlerin \u00c7evre, \u015eehircilik ve \u0130klim De\u011fi\u015fikli\u011fi Bakanl\u0131\u011f\u0131 b\u00fcnyesindeki ALO 181 \u00c7evre Hatt\u0131&#8217;na iletilebilece\u011fini hat\u0131rlatt\u0131.<\/p>\n\n\n\n<p class=\"wp-block-paragraph\">\u00c7orlu\u2019da daha temiz ve sa\u011fl\u0131kl\u0131 bir \u00e7evre olu\u015fturmak i\u00e7in m\u00fccadelelerini s\u00fcrd\u00fcreceklerini belirten Sar\u0131kurt, \u201cDaha temiz, daha sa\u011fl\u0131kl\u0131 ve ya\u015fanabilir bir \u00c7orlu i\u00e7in hep birlikte sesimizi duyurmaya devam edece\u011fiz.\u201d ifadelerini kulland\u0131.<\/p>\n","protected":false},"excerpt":{"rendered":"<p>Ahmet Sar\u0131kurt, kentte yeniden hissedilen k\u00f6t\u00fc koku ve hava kirlili\u011fine sert tepki g\u00f6sterdi. Sosyal medya&#8230;<\/p>\n","protected":false},"author":1,"featured_media":3041,"comment_status":"closed","ping_status":"closed","sticky":false,"template":"","format":"standard","meta":{"footnotes":""},"categories":[5],"tags":[],"ppma_author":[57],"class_list":["post-3040","post","type-post","status-publish","format-standard","has-post-thumbnail","hentry","category-corlu"],"authors":[{"term_id":57,"user_id":1,"is_guest":0,"slug":"admin","display_name":"Alp Aslan","avatar_url":"https:\/\/secure.gravatar.com\/avatar\/07c18c5ad3350b025db8f3328450e071acb435c703e565899c880c63362f137a?s=96&d=mm&r=g","author_category":"1","first_name":"Alp Aslan","last_name":"ER\u0130N","user_url":"http:\/\/www.gundem59.com.tr","job_title":"","description":""}],"_links":{"self":[{"href":"https:\/\/gundem59.com.tr\/index.php?rest_route=\/wp\/v2\/posts\/3040","targetHints":{"allow":["GET"]}}],"collection":[{"href":"https:\/\/gundem59.com.tr\/index.php?rest_route=\/wp\/v2\/posts"}],"about":[{"href":"https:\/\/gundem59.com.tr\/index.php?rest_route=\/wp\/v2\/types\/post"}],"author":[{"embeddable":true,"href":"https:\/\/gundem59.com.tr\/index.php?rest_route=\/wp\/v2\/users\/1"}],"replies":[{"embeddable":true,"href":"https:\/\/gundem59.com.tr\/index.php?rest_route=%2Fwp%2Fv2%2Fcomments&post=3040"}],"version-history":[{"count":1,"href":"https:\/\/gundem59.com.tr\/index.php?rest_route=\/wp\/v2\/posts\/3040\/revisions"}],"predecessor-version":[{"id":3042,"href":"https:\/\/gundem59.com.tr\/index.php?rest_route=\/wp\/v2\/posts\/3040\/revisions\/3042"}],"wp:featuredmedia":[{"embeddable":true,"href":"https:\/\/gundem59.com.tr\/index.php?rest_route=\/wp\/v2\/media\/3041"}],"wp:attachment":[{"href":"https:\/\/gundem59.com.tr\/index.php?rest_route=%2Fwp%2Fv2%2Fmedia&parent=3040"}],"wp:term":[{"taxonomy":"category","embeddable":true,"href":"https:\/\/gundem59.com.tr\/index.php?rest_route=%2Fwp%2Fv2%2Fcategories&post=3040"},{"taxonomy":"post_tag","embeddable":true,"href":"https:\/\/gundem59.com.tr\/index.php?rest_route=%2Fwp%2Fv2%2Ftags&post=3040"},{"taxonomy":"author","embeddable":true,"href":"https:\/\/gundem59.com.tr\/index.php?rest_route=%2Fwp%2Fv2%2Fppma_author&post=3040"}],"curies":[{"name":"wp","href":"https:\/\/api.w.org\/{rel}","templated":true}]}}