{"id":3037,"date":"2026-07-11T09:40:23","date_gmt":"2026-07-11T09:40:23","guid":{"rendered":"https:\/\/gundem59.com.tr\/?p=3037"},"modified":"2026-07-11T09:40:23","modified_gmt":"2026-07-11T09:40:23","slug":"tekirdag-barosu-baskani-av-egemen-gurcun-ve-beraberindeki-heyet-corlu-karatepe-ceza-infaz-kurumunda-tutuklu-bulunan-komedyen-deniz-goktasi-ziyaret-etti","status":"publish","type":"post","link":"https:\/\/gundem59.com.tr\/?p=3037","title":{"rendered":"Tekirda\u011f Barosu Ba\u015fkan\u0131 Av. Egemen G\u00fcrc\u00fcn ve beraberindeki heyet, \u00c7orlu Karatepe Ceza \u0130nfaz Kurumunda tutuklu bulunan komedyen Deniz G\u00f6kta\u015f&#8217;\u0131 ziyaret etti."},"content":{"rendered":"\n<p class=\"wp-block-paragraph\">Tekirda\u011f Barosu Ba\u015fkan\u0131 Av. Egemen G\u00fcrc\u00fcn ve beraberindeki heyet, \u00c7orlu Karatepe Ceza \u0130nfaz Kurumunda tutuklu bulunan komedyen Deniz G\u00f6kta\u015f&#8217;\u0131 ziyaret etti. Barodan yap\u0131lan a\u00e7\u0131klamada ifade ve sanat \u00f6zg\u00fcrl\u00fc\u011f\u00fc ile tutuklaman\u0131n istisnai bir koruma tedbiri oldu\u011fu vurguland\u0131.<br>Tekirda\u011f Barosu Ba\u015fkan\u0131 Av. Egemen G\u00fcrc\u00fcn, Ba\u015fkan Yard\u0131mc\u0131s\u0131 Av. Z\u00fcmr\u00fct Canku Arslan ve Baro Genel Sekreteri Av. Salih Mert \u00d6ge, \u00c7orlu Karatepe Ceza \u0130nfaz Kurumunda tutuklu bulunan komedyen Deniz G\u00f6kta\u015f&#8217;\u0131 ziyaret etti.<\/p>\n\n\n\n<p class=\"wp-block-paragraph\">Ger\u00e7ekle\u015ftirilen ziyarette, G\u00f6kta\u015f&#8217;\u0131n ceza infaz kurumundaki durumu ve hakk\u0131nda y\u00fcr\u00fct\u00fclen adli s\u00fcrece ili\u015fkin bilgi al\u0131nd\u0131.<\/p>\n\n\n\n<p class=\"wp-block-paragraph\">Ziyaretin ard\u0131ndan Tekirda\u011f Barosu taraf\u0131ndan yap\u0131lan a\u00e7\u0131klamada, demokratik bir hukuk devletinde ifade ve sanat \u00f6zg\u00fcrl\u00fc\u011f\u00fcn\u00fcn temel hak ve \u00f6zg\u00fcrl\u00fcklerin ayr\u0131lmaz bir par\u00e7as\u0131 oldu\u011fu belirtildi. Bu \u00f6zg\u00fcrl\u00fc\u011fe y\u00f6nelik m\u00fcdahalelerin ancak hukukun \u00f6ng\u00f6rd\u00fc\u011f\u00fc zorunlu ve istisnai hallerde m\u00fcmk\u00fcn olabilece\u011fi ifade edildi.<\/p>\n\n\n\n<p class=\"wp-block-paragraph\">Baro a\u00e7\u0131klamas\u0131nda tutuklaman\u0131n bir ceza de\u011fil, istisnai nitelikte bir koruma tedbiri oldu\u011funa dikkat \u00e7ekilerek, &#8220;Bu tedbirin ancak zorunluluk, \u00f6l\u00e7\u00fcl\u00fcl\u00fck ve orant\u0131l\u0131l\u0131k ilkelerine uygun olarak uygulanmas\u0131 gerekmektedir. Aksi uygulamalar ki\u015fi \u00f6zg\u00fcrl\u00fc\u011f\u00fc ve g\u00fcvenli\u011fi hakk\u0131 ile di\u011fer temel hak ve \u00f6zg\u00fcrl\u00fckler bak\u0131m\u0131ndan ciddi sak\u0131ncalar do\u011furabilir.&#8221; de\u011ferlendirmesinde bulunuldu.<\/p>\n\n\n\n<p class=\"wp-block-paragraph\">Tekirda\u011f Barosu, hukukun \u00fcst\u00fcnl\u00fc\u011f\u00fcn\u00fc, adil yarg\u0131lanma hakk\u0131n\u0131, masumiyet karinesini, ki\u015fi \u00f6zg\u00fcrl\u00fc\u011f\u00fc ve g\u00fcvenli\u011fi hakk\u0131n\u0131, ifade ve sanat \u00f6zg\u00fcrl\u00fc\u011f\u00fcn\u00fc kararl\u0131l\u0131kla savunmay\u0131 s\u00fcrd\u00fcrece\u011fini belirtti.<\/p>\n\n\n\n<p class=\"wp-block-paragraph\">T\u00fcm adli s\u00fcre\u00e7lerin Anayasa, uluslararas\u0131 insan haklar\u0131 s\u00f6zle\u015fmeleri ve evrensel hukuk ilkeleri do\u011frultusunda y\u00fcr\u00fct\u00fclmesinin hukuk devleti ilkesinin temel gere\u011fi oldu\u011fu vurguland\u0131.<\/p>\n","protected":false},"excerpt":{"rendered":"<p>Tekirda\u011f Barosu Ba\u015fkan\u0131 Av. Egemen G\u00fcrc\u00fcn ve beraberindeki heyet, \u00c7orlu Karatepe Ceza \u0130nfaz Kurumunda tutuklu&#8230;<\/p>\n","protected":false},"author":1,"featured_media":3038,"comment_status":"closed","ping_status":"closed","sticky":false,"template":"","format":"standard","meta":{"footnotes":""},"categories":[56],"tags":[],"ppma_author":[57],"class_list":["post-3037","post","type-post","status-publish","format-standard","has-post-thumbnail","hentry","category-guncel"],"authors":[{"term_id":57,"user_id":1,"is_guest":0,"slug":"admin","display_name":"Alp Aslan","avatar_url":"https:\/\/secure.gravatar.com\/avatar\/07c18c5ad3350b025db8f3328450e071acb435c703e565899c880c63362f137a?s=96&d=mm&r=g","author_category":"1","first_name":"Alp Aslan","last_name":"ER\u0130N","user_url":"http:\/\/www.gundem59.com.tr","job_title":"","description":""}],"_links":{"self":[{"href":"https:\/\/gundem59.com.tr\/index.php?rest_route=\/wp\/v2\/posts\/3037","targetHints":{"allow":["GET"]}}],"collection":[{"href":"https:\/\/gundem59.com.tr\/index.php?rest_route=\/wp\/v2\/posts"}],"about":[{"href":"https:\/\/gundem59.com.tr\/index.php?rest_route=\/wp\/v2\/types\/post"}],"author":[{"embeddable":true,"href":"https:\/\/gundem59.com.tr\/index.php?rest_route=\/wp\/v2\/users\/1"}],"replies":[{"embeddable":true,"href":"https:\/\/gundem59.com.tr\/index.php?rest_route=%2Fwp%2Fv2%2Fcomments&post=3037"}],"version-history":[{"count":1,"href":"https:\/\/gundem59.com.tr\/index.php?rest_route=\/wp\/v2\/posts\/3037\/revisions"}],"predecessor-version":[{"id":3039,"href":"https:\/\/gundem59.com.tr\/index.php?rest_route=\/wp\/v2\/posts\/3037\/revisions\/3039"}],"wp:featuredmedia":[{"embeddable":true,"href":"https:\/\/gundem59.com.tr\/index.php?rest_route=\/wp\/v2\/media\/3038"}],"wp:attachment":[{"href":"https:\/\/gundem59.com.tr\/index.php?rest_route=%2Fwp%2Fv2%2Fmedia&parent=3037"}],"wp:term":[{"taxonomy":"category","embeddable":true,"href":"https:\/\/gundem59.com.tr\/index.php?rest_route=%2Fwp%2Fv2%2Fcategories&post=3037"},{"taxonomy":"post_tag","embeddable":true,"href":"https:\/\/gundem59.com.tr\/index.php?rest_route=%2Fwp%2Fv2%2Ftags&post=3037"},{"taxonomy":"author","embeddable":true,"href":"https:\/\/gundem59.com.tr\/index.php?rest_route=%2Fwp%2Fv2%2Fppma_author&post=3037"}],"curies":[{"name":"wp","href":"https:\/\/api.w.org\/{rel}","templated":true}]}}