{"id":3034,"date":"2026-07-11T09:35:30","date_gmt":"2026-07-11T09:35:30","guid":{"rendered":"https:\/\/gundem59.com.tr\/?p=3034"},"modified":"2026-07-11T09:35:31","modified_gmt":"2026-07-11T09:35:31","slug":"kilicdaroglunun-turkiye-turu-tekirdagdan-basliyor","status":"publish","type":"post","link":"https:\/\/gundem59.com.tr\/?p=3034","title":{"rendered":"K\u0131l\u0131\u00e7daro\u011flu\u2019nun T\u00fcrkiye Turu Tekirda\u011f\u2019dan Ba\u015fl\u0131yor"},"content":{"rendered":"\n<p class=\"wp-block-paragraph\">Eski CHP Genel Ba\u015fkan\u0131 Kemal K\u0131l\u0131\u00e7daro\u011flu\u2019nun temmuz ay\u0131nda yeniden saha \u00e7al\u0131\u015fmalar\u0131na ba\u015flamaya haz\u0131rland\u0131\u011f\u0131 \u00f6\u011frenildi. Edinilen bilgilere g\u00f6re K\u0131l\u0131\u00e7daro\u011flu, ger\u00e7ekle\u015ftirece\u011fi T\u00fcrkiye turunun ilk dura\u011f\u0131 olarak Tekirda\u011f\u2019\u0131 se\u00e7erken, Marmaraere\u011flisi\u2019nde d\u00fczenlenecek festivale de kat\u0131lmas\u0131 bekleniyor.<\/p>\n\n\n\n<p class=\"wp-block-paragraph\">K\u0131l\u0131\u00e7daro\u011flu\u2019nun temmuz ay\u0131 i\u00e7erisinde CHP il ba\u015fkanlar\u0131yla bir araya gelerek yeni d\u00f6neme ili\u015fkin de\u011ferlendirmelerde bulunaca\u011f\u0131 belirtiliyor. Parti i\u00e7i geli\u015fmeler ve \u00fclke g\u00fcndemine ili\u015fkin g\u00f6r\u00fc\u015f al\u0131\u015fveri\u015flerinin yap\u0131laca\u011f\u0131 toplant\u0131lar\u0131n ard\u0131ndan K\u0131l\u0131\u00e7daro\u011flu\u2019nun \u00e7e\u015fitli illerde temaslarda bulunmas\u0131 planlan\u0131yor.<\/p>\n\n\n\n<p class=\"wp-block-paragraph\">Program kapsam\u0131nda Tekirda\u011f\u2019a gelmesi beklenen K\u0131l\u0131\u00e7daro\u011flu\u2019nun, Marmaraere\u011flisi\u2019nde d\u00fczenlenecek festivale kat\u0131larak vatanda\u015flarla bulu\u015faca\u011f\u0131 ifade ediliyor. Ziyarete ili\u015fkin a\u00e7\u0131klamada bulunan Mustafa Onur Bozkurter, K\u0131l\u0131\u00e7daro\u011flu\u2019nu il\u00e7ede a\u011f\u0131rlamaktan b\u00fcy\u00fck memnuniyet duyacaklar\u0131n\u0131 s\u00f6yledi.<\/p>\n\n\n\n<p class=\"wp-block-paragraph\">Bozkurter yapt\u0131\u011f\u0131 a\u00e7\u0131klamada, \u201cSay\u0131n Genel Ba\u015fkan\u0131m\u0131z\u0131 Marmara Ere\u011flisi\u2019nde a\u011f\u0131rlamak benim i\u00e7in b\u00fcy\u00fck bir \u015feref ve onurdur. Kendisini il\u00e7emizde misafir etmekten b\u00fcy\u00fck mutluluk duyaca\u011f\u0131z.\u201d ifadelerini kulland\u0131.<\/p>\n\n\n\n<p class=\"wp-block-paragraph\">Tekirda\u011f program\u0131n\u0131n ard\u0131ndan K\u0131l\u0131\u00e7daro\u011flu\u2019nun T\u00fcrkiye\u2019nin farkl\u0131 \u015fehirlerinde de \u00e7e\u015fitli ziyaretler ger\u00e7ekle\u015ftirmesi ve il ba\u015fkanlar\u0131yla bir araya gelerek yeni d\u00f6neme ili\u015fkin isti\u015farelerde bulunmas\u0131 bekleniyor.<\/p>\n\n\n\n<p class=\"wp-block-paragraph\">\u00d6te yandan K\u0131l\u0131\u00e7daro\u011flu\u2019nun Tekirda\u011f ziyaretine ili\u015fkin resmi program\u0131n, tarih ve detaylar\u0131n\u0131n \u00f6n\u00fcm\u00fczdeki g\u00fcnlerde netlik kazanaca\u011f\u0131 \u00f6\u011frenildi. Bu nedenle ziyaret takvimi ve festival program\u0131na ili\u015fkin bilgilerde de\u011fi\u015fiklik olabilece\u011fi belirtiliyor.<\/p>\n","protected":false},"excerpt":{"rendered":"<p>Eski CHP Genel Ba\u015fkan\u0131 Kemal K\u0131l\u0131\u00e7daro\u011flu\u2019nun temmuz ay\u0131nda yeniden saha \u00e7al\u0131\u015fmalar\u0131na ba\u015flamaya haz\u0131rland\u0131\u011f\u0131 \u00f6\u011frenildi. Edinilen&#8230;<\/p>\n","protected":false},"author":1,"featured_media":2986,"comment_status":"closed","ping_status":"closed","sticky":false,"template":"","format":"standard","meta":{"footnotes":""},"categories":[52],"tags":[],"ppma_author":[57],"class_list":["post-3034","post","type-post","status-publish","format-standard","has-post-thumbnail","hentry","category-politika"],"authors":[{"term_id":57,"user_id":1,"is_guest":0,"slug":"admin","display_name":"Alp Aslan","avatar_url":"https:\/\/secure.gravatar.com\/avatar\/07c18c5ad3350b025db8f3328450e071acb435c703e565899c880c63362f137a?s=96&d=mm&r=g","author_category":"1","first_name":"Alp Aslan","last_name":"ER\u0130N","user_url":"http:\/\/www.gundem59.com.tr","job_title":"","description":""}],"_links":{"self":[{"href":"https:\/\/gundem59.com.tr\/index.php?rest_route=\/wp\/v2\/posts\/3034","targetHints":{"allow":["GET"]}}],"collection":[{"href":"https:\/\/gundem59.com.tr\/index.php?rest_route=\/wp\/v2\/posts"}],"about":[{"href":"https:\/\/gundem59.com.tr\/index.php?rest_route=\/wp\/v2\/types\/post"}],"author":[{"embeddable":true,"href":"https:\/\/gundem59.com.tr\/index.php?rest_route=\/wp\/v2\/users\/1"}],"replies":[{"embeddable":true,"href":"https:\/\/gundem59.com.tr\/index.php?rest_route=%2Fwp%2Fv2%2Fcomments&post=3034"}],"version-history":[{"count":1,"href":"https:\/\/gundem59.com.tr\/index.php?rest_route=\/wp\/v2\/posts\/3034\/revisions"}],"predecessor-version":[{"id":3035,"href":"https:\/\/gundem59.com.tr\/index.php?rest_route=\/wp\/v2\/posts\/3034\/revisions\/3035"}],"wp:featuredmedia":[{"embeddable":true,"href":"https:\/\/gundem59.com.tr\/index.php?rest_route=\/wp\/v2\/media\/2986"}],"wp:attachment":[{"href":"https:\/\/gundem59.com.tr\/index.php?rest_route=%2Fwp%2Fv2%2Fmedia&parent=3034"}],"wp:term":[{"taxonomy":"category","embeddable":true,"href":"https:\/\/gundem59.com.tr\/index.php?rest_route=%2Fwp%2Fv2%2Fcategories&post=3034"},{"taxonomy":"post_tag","embeddable":true,"href":"https:\/\/gundem59.com.tr\/index.php?rest_route=%2Fwp%2Fv2%2Ftags&post=3034"},{"taxonomy":"author","embeddable":true,"href":"https:\/\/gundem59.com.tr\/index.php?rest_route=%2Fwp%2Fv2%2Fppma_author&post=3034"}],"curies":[{"name":"wp","href":"https:\/\/api.w.org\/{rel}","templated":true}]}}