{"id":3031,"date":"2026-07-11T09:33:46","date_gmt":"2026-07-11T09:33:46","guid":{"rendered":"https:\/\/gundem59.com.tr\/?p=3031"},"modified":"2026-07-11T09:33:46","modified_gmt":"2026-07-11T09:33:46","slug":"bozkurter-cumhuriyet-halk-partisinin-genel-baskani-kemal-kilicdarogludur","status":"publish","type":"post","link":"https:\/\/gundem59.com.tr\/?p=3031","title":{"rendered":"Bozkurter: \u201cCumhuriyet Halk Partisi\u2019nin Genel Ba\u015fkan\u0131 Kemal K\u0131l\u0131\u00e7daro\u011flu\u2019dur\u201d"},"content":{"rendered":"\n<p class=\"wp-block-paragraph\">Marmaraere\u011flisi Belediye Ba\u015fkan\u0131 Mustafa Onur Bozkurter, Temmuz ay\u0131 belediye meclisi toplant\u0131s\u0131nda yapt\u0131\u011f\u0131 a\u00e7\u0131klamalarla Cumhuriyet Halk Partisi\u2019nde ya\u015fanan genel ba\u015fkanl\u0131k tart\u0131\u015fmalar\u0131na ili\u015fkin g\u00f6r\u00fc\u015flerini bir kez daha ortaya koydu. Bozkurter, CHP&#8217;nin genel ba\u015fkan\u0131n\u0131n Kemal K\u0131l\u0131\u00e7daro\u011flu oldu\u011funu belirterek, bu konuda ortaya at\u0131lan iddialar\u0131n ger\u00e7e\u011fi yans\u0131tmad\u0131\u011f\u0131n\u0131 s\u00f6yledi.<\/p>\n\n\n\n<p class=\"wp-block-paragraph\">Meclis toplant\u0131s\u0131nda konu\u015fan Bozkurter, Tekirda\u011f\u2019da mutlak butlan karar\u0131n\u0131n ard\u0131ndan Kemal K\u0131l\u0131\u00e7daro\u011flu\u2019na a\u00e7\u0131k destek veren ilk belediye ba\u015fkan\u0131 oldu\u011funu hat\u0131rlatt\u0131. Destek a\u00e7\u0131klamas\u0131n\u0131n ard\u0131ndan kamuoyunda ve sosyal medyada \u00e7e\u015fitli iddialar\u0131n g\u00fcndeme getirildi\u011fini ifade eden Bozkurter, bu s\u00f6ylemlere kar\u015f\u0131 net bir duru\u015f sergiledi.<\/p>\n\n\n\n<p class=\"wp-block-paragraph\">Kendisi hakk\u0131nda ortaya at\u0131lan \u201csoka\u011fa \u00e7\u0131kam\u0131yor\u201d, \u201cvatanda\u015f tepki g\u00f6steriyor\u201d ve \u201csosyal medyada lin\u00e7 ediliyor\u201d y\u00f6n\u00fcndeki yorumlar\u0131n ger\u00e7e\u011fi yans\u0131tmad\u0131\u011f\u0131n\u0131 vurgulayan Bozkurter, bu iddialar\u0131n kamuoyunu yan\u0131ltmaya y\u00f6nelik oldu\u011funu belirtti.<\/p>\n\n\n\n<p class=\"wp-block-paragraph\">CHP\u2019deki liderlik tart\u0131\u015fmalar\u0131na ili\u015fkin g\u00f6r\u00fc\u015f\u00fcn\u00fc a\u00e7\u0131k \u015fekilde dile getiren Bozkurter, \u201c\u00d6yle bir \u015fey yok. Cumhuriyet Halk Partisi\u2019nin de genel ba\u015fkan\u0131 Say\u0131n Kemal K\u0131l\u0131\u00e7daro\u011flu\u2019dur. Bunu herkesin kabul etmesini istiyorum.\u201d ifadelerini kulland\u0131.<\/p>\n\n\n\n<p class=\"wp-block-paragraph\">Bozkurter\u2019in a\u00e7\u0131klamalar\u0131, CHP i\u00e7erisinde devam eden tart\u0131\u015fmalar\u0131n s\u00fcrd\u00fc\u011f\u00fc bir d\u00f6nemde dikkat \u00e7ekerken, Tekirda\u011f siyasetinde de yeni de\u011ferlendirmelere neden oldu. Belediye Ba\u015fkan\u0131&#8217;n\u0131n s\u00f6zleri, parti taban\u0131nda ve yerel siyasette farkl\u0131 yorumlar\u0131 beraberinde getirdi.<\/p>\n","protected":false},"excerpt":{"rendered":"<p>Marmaraere\u011flisi Belediye Ba\u015fkan\u0131 Mustafa Onur Bozkurter, Temmuz ay\u0131 belediye meclisi toplant\u0131s\u0131nda yapt\u0131\u011f\u0131 a\u00e7\u0131klamalarla Cumhuriyet Halk&#8230;<\/p>\n","protected":false},"author":1,"featured_media":3032,"comment_status":"closed","ping_status":"closed","sticky":false,"template":"","format":"standard","meta":{"footnotes":""},"categories":[52],"tags":[],"ppma_author":[57],"class_list":["post-3031","post","type-post","status-publish","format-standard","has-post-thumbnail","hentry","category-politika"],"authors":[{"term_id":57,"user_id":1,"is_guest":0,"slug":"admin","display_name":"Alp Aslan","avatar_url":"https:\/\/secure.gravatar.com\/avatar\/07c18c5ad3350b025db8f3328450e071acb435c703e565899c880c63362f137a?s=96&d=mm&r=g","author_category":"1","first_name":"Alp Aslan","last_name":"ER\u0130N","user_url":"http:\/\/www.gundem59.com.tr","job_title":"","description":""}],"_links":{"self":[{"href":"https:\/\/gundem59.com.tr\/index.php?rest_route=\/wp\/v2\/posts\/3031","targetHints":{"allow":["GET"]}}],"collection":[{"href":"https:\/\/gundem59.com.tr\/index.php?rest_route=\/wp\/v2\/posts"}],"about":[{"href":"https:\/\/gundem59.com.tr\/index.php?rest_route=\/wp\/v2\/types\/post"}],"author":[{"embeddable":true,"href":"https:\/\/gundem59.com.tr\/index.php?rest_route=\/wp\/v2\/users\/1"}],"replies":[{"embeddable":true,"href":"https:\/\/gundem59.com.tr\/index.php?rest_route=%2Fwp%2Fv2%2Fcomments&post=3031"}],"version-history":[{"count":1,"href":"https:\/\/gundem59.com.tr\/index.php?rest_route=\/wp\/v2\/posts\/3031\/revisions"}],"predecessor-version":[{"id":3033,"href":"https:\/\/gundem59.com.tr\/index.php?rest_route=\/wp\/v2\/posts\/3031\/revisions\/3033"}],"wp:featuredmedia":[{"embeddable":true,"href":"https:\/\/gundem59.com.tr\/index.php?rest_route=\/wp\/v2\/media\/3032"}],"wp:attachment":[{"href":"https:\/\/gundem59.com.tr\/index.php?rest_route=%2Fwp%2Fv2%2Fmedia&parent=3031"}],"wp:term":[{"taxonomy":"category","embeddable":true,"href":"https:\/\/gundem59.com.tr\/index.php?rest_route=%2Fwp%2Fv2%2Fcategories&post=3031"},{"taxonomy":"post_tag","embeddable":true,"href":"https:\/\/gundem59.com.tr\/index.php?rest_route=%2Fwp%2Fv2%2Ftags&post=3031"},{"taxonomy":"author","embeddable":true,"href":"https:\/\/gundem59.com.tr\/index.php?rest_route=%2Fwp%2Fv2%2Fppma_author&post=3031"}],"curies":[{"name":"wp","href":"https:\/\/api.w.org\/{rel}","templated":true}]}}