{"id":3028,"date":"2026-07-11T09:30:03","date_gmt":"2026-07-11T09:30:03","guid":{"rendered":"https:\/\/gundem59.com.tr\/?p=3028"},"modified":"2026-07-11T09:30:04","modified_gmt":"2026-07-11T09:30:04","slug":"cerkezkoyde-ev-sahibi-olmak-isteyenlere-toki-firsati-tekirdagda-424-konut-satisa-cikiyor","status":"publish","type":"post","link":"https:\/\/gundem59.com.tr\/?p=3028","title":{"rendered":"\u00c7erkezk\u00f6y\u2019de Ev Sahibi Olmak \u0130steyenlere TOK\u0130 F\u0131rsat\u0131: Tekirda\u011f\u2019da 424 Konut Sat\u0131\u015fa \u00c7\u0131k\u0131yor"},"content":{"rendered":"\n<p class=\"wp-block-paragraph\">Konut fiyatlar\u0131 ve kira bedellerinin her ge\u00e7en g\u00fcn artt\u0131\u011f\u0131 \u00c7erkezk\u00f6y ve Kapakl\u0131\u2019da ev sahibi olmay\u0131 hayal eden vatanda\u015flara sevindirici haber geldi. Toplu Konut \u0130daresi Ba\u015fkanl\u0131\u011f\u0131 (TOK\u0130), Tekirda\u011f genelinde toplam 424 konutu a\u00e7\u0131k sat\u0131\u015f y\u00f6ntemiyle vatanda\u015flar\u0131n kullan\u0131m\u0131na sunmaya haz\u0131rlan\u0131yor.<\/p>\n\n\n\n<p class=\"wp-block-paragraph\">\u00c7evre, \u015eehircilik ve \u0130klim De\u011fi\u015fikli\u011fi Bakanl\u0131\u011f\u0131 koordinasyonunda ger\u00e7ekle\u015ftirilecek sat\u0131\u015flar kapsam\u0131nda ba\u015fvurular 15 Haziran 2026 tarihinde ba\u015flayacak ve 17 Temmuz 2026 tarihine kadar devam edecek. A\u00e7\u0131k sat\u0131\u015f y\u00f6ntemiyle ger\u00e7ekle\u015ftirilecek kampanyada kura \u00e7ekimi yap\u0131lmayacak ve ba\u015fvuru \u00fccreti al\u0131nmayacak.<\/p>\n\n\n\n<h3 class=\"wp-block-heading\">Kura Yok, Ba\u015fvuru \u00dccreti Yok<\/h3>\n\n\n\n<p class=\"wp-block-paragraph\">TOK\u0130&#8217;nin yeni kampanyas\u0131yla birlikte vatanda\u015flar herhangi bir kura s\u00fcrecine girmeden ve ek ba\u015fvuru \u00fccreti \u00f6demeden konut sahibi olma imkan\u0131na kavu\u015facak. A\u00e7\u0131k sat\u0131\u015f sistemi sayesinde \u015fartlar\u0131 sa\u011flayan vatanda\u015flar do\u011frudan ba\u015fvuruda bulunabilecek.<\/p>\n\n\n\n<h3 class=\"wp-block-heading\">\u00c7erkezk\u00f6y ve Kapakl\u0131\u2019da Yo\u011fun \u0130lgi Bekleniyor<\/h3>\n\n\n\n<p class=\"wp-block-paragraph\">Son y\u0131llarda sanayi yat\u0131r\u0131mlar\u0131 ve g\u00f6\u00e7 nedeniyle n\u00fcfusu h\u0131zla artan \u00c7erkezk\u00f6y ve Kapakl\u0131\u2019da konut piyasas\u0131nda ya\u015fanan fiyat art\u0131\u015flar\u0131 vatanda\u015flar\u0131 alternatif \u00e7\u00f6z\u00fcmler aramaya y\u00f6neltiyor. \u00d6zellikle y\u00fcksek kira bedelleri ve artan konut maliyetleri nedeniyle ev sahibi olmakta zorlanan vatanda\u015flar\u0131n TOK\u0130 projelerine yo\u011fun ilgi g\u00f6stermesi bekleniyor.<\/p>\n\n\n\n<p class=\"wp-block-paragraph\">B\u00f6lgede \u00e7al\u0131\u015fan bir\u00e7ok ki\u015finin, sat\u0131\u015fa sunulacak konutlar\u0131n bulundu\u011fu \u00c7orlu, Saray ve S\u00fcleymanpa\u015fa projelerini de\u011ferlendirece\u011fi belirtiliyor. Uygun \u00f6deme ko\u015fullar\u0131 ve devlet g\u00fcvencesiyle sunulan konutlar\u0131n, ilk kez ev sahibi olacak vatanda\u015flar i\u00e7in \u00f6nemli bir f\u0131rsat olu\u015fturaca\u011f\u0131 ifade ediliyor.<\/p>\n\n\n\n<h3 class=\"wp-block-heading\">Ba\u015fvurular 15 Haziran\u2019da Ba\u015fl\u0131yor<\/h3>\n\n\n\n<p class=\"wp-block-paragraph\">TOK\u0130&#8217;nin Tekirda\u011f genelindeki 424 konutluk a\u00e7\u0131k sat\u0131\u015f kampanyas\u0131 i\u00e7in ba\u015fvurular 15 Haziran 2026 tarihinde ba\u015flayacak. Ba\u015fvuru s\u00fcrecine ili\u015fkin detaylar\u0131n TOK\u0130 taraf\u0131ndan yay\u0131mlanacak resmi duyurularla payla\u015f\u0131lmas\u0131 bekleniyor.<\/p>\n\n\n\n<p class=\"wp-block-paragraph\">Ev sahibi olmay\u0131 planlayan vatanda\u015flar\u0131n ba\u015fvuru tarihlerini takip etmeleri ve gerekli belgeleri \u00f6nceden haz\u0131rlamalar\u0131 tavsiye ediliyor. \u00d6zellikle \u00c7erkezk\u00f6y ve Kapakl\u0131\u2019da ya\u015fayan vatanda\u015flar i\u00e7in kampanyan\u0131n \u00f6nemli bir f\u0131rsat olarak de\u011ferlendirildi\u011fi belirtiliyor.<\/p>\n","protected":false},"excerpt":{"rendered":"<p>Konut fiyatlar\u0131 ve kira bedellerinin her ge\u00e7en g\u00fcn artt\u0131\u011f\u0131 \u00c7erkezk\u00f6y ve Kapakl\u0131\u2019da ev sahibi olmay\u0131&#8230;<\/p>\n","protected":false},"author":1,"featured_media":3029,"comment_status":"closed","ping_status":"closed","sticky":false,"template":"","format":"standard","meta":{"footnotes":""},"categories":[56],"tags":[],"ppma_author":[57],"class_list":["post-3028","post","type-post","status-publish","format-standard","has-post-thumbnail","hentry","category-guncel"],"authors":[{"term_id":57,"user_id":1,"is_guest":0,"slug":"admin","display_name":"Alp Aslan","avatar_url":"https:\/\/secure.gravatar.com\/avatar\/07c18c5ad3350b025db8f3328450e071acb435c703e565899c880c63362f137a?s=96&d=mm&r=g","author_category":"1","first_name":"Alp Aslan","last_name":"ER\u0130N","user_url":"http:\/\/www.gundem59.com.tr","job_title":"","description":""}],"_links":{"self":[{"href":"https:\/\/gundem59.com.tr\/index.php?rest_route=\/wp\/v2\/posts\/3028","targetHints":{"allow":["GET"]}}],"collection":[{"href":"https:\/\/gundem59.com.tr\/index.php?rest_route=\/wp\/v2\/posts"}],"about":[{"href":"https:\/\/gundem59.com.tr\/index.php?rest_route=\/wp\/v2\/types\/post"}],"author":[{"embeddable":true,"href":"https:\/\/gundem59.com.tr\/index.php?rest_route=\/wp\/v2\/users\/1"}],"replies":[{"embeddable":true,"href":"https:\/\/gundem59.com.tr\/index.php?rest_route=%2Fwp%2Fv2%2Fcomments&post=3028"}],"version-history":[{"count":1,"href":"https:\/\/gundem59.com.tr\/index.php?rest_route=\/wp\/v2\/posts\/3028\/revisions"}],"predecessor-version":[{"id":3030,"href":"https:\/\/gundem59.com.tr\/index.php?rest_route=\/wp\/v2\/posts\/3028\/revisions\/3030"}],"wp:featuredmedia":[{"embeddable":true,"href":"https:\/\/gundem59.com.tr\/index.php?rest_route=\/wp\/v2\/media\/3029"}],"wp:attachment":[{"href":"https:\/\/gundem59.com.tr\/index.php?rest_route=%2Fwp%2Fv2%2Fmedia&parent=3028"}],"wp:term":[{"taxonomy":"category","embeddable":true,"href":"https:\/\/gundem59.com.tr\/index.php?rest_route=%2Fwp%2Fv2%2Fcategories&post=3028"},{"taxonomy":"post_tag","embeddable":true,"href":"https:\/\/gundem59.com.tr\/index.php?rest_route=%2Fwp%2Fv2%2Ftags&post=3028"},{"taxonomy":"author","embeddable":true,"href":"https:\/\/gundem59.com.tr\/index.php?rest_route=%2Fwp%2Fv2%2Fppma_author&post=3028"}],"curies":[{"name":"wp","href":"https:\/\/api.w.org\/{rel}","templated":true}]}}