{"id":3023,"date":"2026-07-10T23:14:24","date_gmt":"2026-07-10T23:14:24","guid":{"rendered":"https:\/\/gundem59.com.tr\/?p=3023"},"modified":"2026-07-10T23:14:25","modified_gmt":"2026-07-10T23:14:25","slug":"vahap-akay-sessizligini-bozdu-kemal-beyi-ziyaret-ettik","status":"publish","type":"post","link":"https:\/\/gundem59.com.tr\/?p=3023","title":{"rendered":"Vahap Akay Sessizli\u011fini Bozdu: &#8220;Kemal Bey&#8217;i Ziyaret Ettik&#8221;"},"content":{"rendered":"\n<p class=\"wp-block-paragraph\"><strong>\u00c7erkezk\u00f6y Belediye Ba\u015fkan\u0131 Vahap Akay, CHP Genel Ba\u015fkan\u0131 Kemal K\u0131l\u0131\u00e7daro\u011flu&#8217;na ger\u00e7ekle\u015ftirdikleri ziyaretle ilgili kamuoyunda ortaya at\u0131lan iddialara a\u00e7\u0131kl\u0131k getirdi. Ziyareti do\u011frulayan Akay, g\u00f6r\u00fc\u015fmenin bir nezaket ziyareti oldu\u011funu belirterek, parti i\u00e7inde ya\u015fanan s\u00fcre\u00e7le ilgili \u00f6zel bir bilgiye sahip olmad\u0131\u011f\u0131n\u0131 s\u00f6yledi.<\/strong><\/p>\n\n\n\n<p class=\"wp-block-paragraph\">Son g\u00fcnlerde CHP kulislerinde geni\u015f yank\u0131 uyand\u0131ran ziyaretle ilgili konu\u015fan \u00c7erkezk\u00f6y Belediye Ba\u015fkan\u0131 Vahap Akay, Kemal K\u0131l\u0131\u00e7daro\u011flu ile g\u00f6r\u00fc\u015ft\u00fcklerini do\u011frulad\u0131.<\/p>\n\n\n\n<p class=\"wp-block-paragraph\">Akay, &#8220;Genel merkeze ziyarete gitti\u011fimiz do\u011frudur. Evet, Kemal Bey ile g\u00f6r\u00fc\u015ft\u00fck.&#8221; ifadelerini kullanarak ziyaretin gizli ya da farkl\u0131 anlamlar y\u00fcklenmesi gereken bir g\u00f6r\u00fc\u015fme olmad\u0131\u011f\u0131n\u0131 belirtti.<\/p>\n\n\n\n<h2 class=\"wp-block-heading\">&#8220;Gizlenen Bir Durum Yok&#8221;<\/h2>\n\n\n\n<p class=\"wp-block-paragraph\">Ziyaret sonras\u0131 herhangi bir foto\u011fraf payla\u015f\u0131lmamas\u0131yla ilgili de\u011ferlendirmelerde bulunan Akay, bunun \u00f6zel bir anlam ta\u015f\u0131mad\u0131\u011f\u0131n\u0131 s\u00f6yledi.<\/p>\n\n\n\n<p class=\"wp-block-paragraph\">Akay, &#8220;Onlar \u00e7ekmeyince biz de \u00e7ekmedik. Gizlenen ya da saklanan bir durum s\u00f6z konusu de\u011fil.&#8221; diyerek kamuoyunda olu\u015fan spek\u00fclasyonlara yan\u0131t verdi.<\/p>\n\n\n\n<h2 class=\"wp-block-heading\">&#8220;Herkesin Bildi\u011fi Kadar\u0131n\u0131 Biliyorum&#8221;<\/h2>\n\n\n\n<p class=\"wp-block-paragraph\">Cumhuriyet Halk Partisi&#8217;nde ya\u015fanan geli\u015fmeleri herkes gibi takip etti\u011fini ifade eden Akay, parti i\u00e7erisinde konu\u015fulan s\u00fcre\u00e7lere ili\u015fkin \u00f6zel bir bilgiye sahip olmad\u0131\u011f\u0131n\u0131 dile getirdi.<\/p>\n\n\n\n<p class=\"wp-block-paragraph\">Akay a\u00e7\u0131klamas\u0131nda \u015fu ifadeleri kulland\u0131:<\/p>\n\n\n\n<blockquote class=\"wp-block-quote is-layout-flow wp-block-quote-is-layout-flow\">\n<p class=\"wp-block-paragraph\">&#8220;Cumhuriyet Halk Partisi \u015fu anda farkl\u0131 bir d\u00f6nemin i\u00e7inde. Ayr\u0131l\u0131k r\u00fczg\u00e2rlar\u0131n\u0131n esti\u011fi, \u00e7e\u015fitli iddialar\u0131n konu\u015fuldu\u011fu bir s\u00fcre\u00e7 ya\u015fan\u0131yor. Ancak benim bundan sonras\u0131yla ilgili \u00f6zel bir bilgim ya da \u00f6ng\u00f6r\u00fcm yok. Herkesin bildi\u011fi kadar\u0131n\u0131 biliyorum.&#8221;<\/p>\n<\/blockquote>\n\n\n\n<h2 class=\"wp-block-heading\">&#8220;\u00d6nceli\u011fimiz Vatanda\u015fa Hizmet&#8221;<\/h2>\n\n\n\n<p class=\"wp-block-paragraph\">Belediye ba\u015fkan\u0131 olarak \u00f6nceliklerinin siyasi tart\u0131\u015fmalar de\u011fil, vatanda\u015flara hizmet oldu\u011funu vurgulayan Akay, belediyecilik \u00e7al\u0131\u015fmalar\u0131na odakland\u0131klar\u0131n\u0131 s\u00f6yledi.<\/p>\n\n\n\n<p class=\"wp-block-paragraph\">Akay, &#8220;\u015eu an siyaset konu\u015fmaktan \u00e7ok i\u015fimizi yap\u0131yoruz. Vatanda\u015f\u0131n bize verdi\u011fi belediyecilik g\u00f6revini yerine getirmeye \u00e7al\u0131\u015f\u0131yoruz.&#8221; dedi.<\/p>\n\n\n\n<h2 class=\"wp-block-heading\">Bask\u0131 \u0130ddialar\u0131n\u0131 Reddetti<\/h2>\n\n\n\n<p class=\"wp-block-paragraph\">Kendisine y\u00f6nelik herhangi bir bask\u0131 olup olmad\u0131\u011f\u0131 y\u00f6n\u00fcndeki sorular\u0131 da yan\u0131tlayan Akay, b\u00f6yle bir durum ya\u015famad\u0131\u011f\u0131n\u0131 belirtti.<\/p>\n\n\n\n<p class=\"wp-block-paragraph\">&#8220;Hay\u0131r, b\u00f6yle bir bask\u0131 s\u00f6z konusu de\u011fil. Benim bildi\u011fim ya da ya\u015fad\u0131\u011f\u0131m herhangi bir bask\u0131 yok.&#8221; diyen Akay, ortaya at\u0131lan iddialar\u0131n ger\u00e7e\u011fi yans\u0131tmad\u0131\u011f\u0131n\u0131 ifade etti.<\/p>\n\n\n\n<h2 class=\"wp-block-heading\">&#8220;Siyasetimi Her Zaman A\u00e7\u0131k Yapt\u0131m&#8221;<\/h2>\n\n\n\n<p class=\"wp-block-paragraph\">Kapal\u0131 kap\u0131lar ard\u0131nda siyaset yapt\u0131\u011f\u0131 y\u00f6n\u00fcndeki ele\u015ftirilere de yan\u0131t veren Akay, siyasi ya\u015fam\u0131 boyunca \u015feffaf bir tutum sergiledi\u011fini s\u00f6yledi.<\/p>\n\n\n\n<p class=\"wp-block-paragraph\">Akay, a\u00e7\u0131klamas\u0131n\u0131 \u015fu s\u00f6zlerle tamamlad\u0131:<\/p>\n\n\n\n<blockquote class=\"wp-block-quote is-layout-flow wp-block-quote-is-layout-flow\">\n<p class=\"wp-block-paragraph\">&#8220;Benim kapal\u0131 kap\u0131lar ard\u0131nda yapaca\u011f\u0131m hi\u00e7bir \u015fey olmad\u0131. Her \u015feyim g\u00f6z \u00f6n\u00fcndedir. Kapal\u0131 kap\u0131lar ard\u0131nda pazarl\u0131k yapanlar varsa \u00f6nce kendi kap\u0131lar\u0131n\u0131n arkas\u0131na baks\u0131nlar. Ben siyasetimi her zaman a\u00e7\u0131k ve net yapt\u0131m.&#8221;<\/p>\n<\/blockquote>\n\n\n\n<p class=\"wp-block-paragraph\">CHP&#8217;de ya\u015fanan geli\u015fmelerin ard\u0131ndan yap\u0131lan bu a\u00e7\u0131klaman\u0131n, parti kulislerinde konu\u015fulan iddialara ili\u015fkin tart\u0131\u015fmalar\u0131 yeniden g\u00fcndeme ta\u015f\u0131mas\u0131 bekleniyor.<\/p>\n","protected":false},"excerpt":{"rendered":"<p>\u00c7erkezk\u00f6y Belediye Ba\u015fkan\u0131 Vahap Akay, CHP Genel Ba\u015fkan\u0131 Kemal K\u0131l\u0131\u00e7daro\u011flu&#8217;na ger\u00e7ekle\u015ftirdikleri ziyaretle ilgili kamuoyunda ortaya&#8230;<\/p>\n","protected":false},"author":1,"featured_media":3024,"comment_status":"closed","ping_status":"closed","sticky":false,"template":"","format":"standard","meta":{"footnotes":""},"categories":[52],"tags":[],"ppma_author":[57],"class_list":["post-3023","post","type-post","status-publish","format-standard","has-post-thumbnail","hentry","category-politika"],"authors":[{"term_id":57,"user_id":1,"is_guest":0,"slug":"admin","display_name":"Alp Aslan","avatar_url":"https:\/\/secure.gravatar.com\/avatar\/07c18c5ad3350b025db8f3328450e071acb435c703e565899c880c63362f137a?s=96&d=mm&r=g","author_category":"1","first_name":"Alp Aslan","last_name":"ER\u0130N","user_url":"http:\/\/www.gundem59.com.tr","job_title":"","description":""}],"_links":{"self":[{"href":"https:\/\/gundem59.com.tr\/index.php?rest_route=\/wp\/v2\/posts\/3023","targetHints":{"allow":["GET"]}}],"collection":[{"href":"https:\/\/gundem59.com.tr\/index.php?rest_route=\/wp\/v2\/posts"}],"about":[{"href":"https:\/\/gundem59.com.tr\/index.php?rest_route=\/wp\/v2\/types\/post"}],"author":[{"embeddable":true,"href":"https:\/\/gundem59.com.tr\/index.php?rest_route=\/wp\/v2\/users\/1"}],"replies":[{"embeddable":true,"href":"https:\/\/gundem59.com.tr\/index.php?rest_route=%2Fwp%2Fv2%2Fcomments&post=3023"}],"version-history":[{"count":1,"href":"https:\/\/gundem59.com.tr\/index.php?rest_route=\/wp\/v2\/posts\/3023\/revisions"}],"predecessor-version":[{"id":3025,"href":"https:\/\/gundem59.com.tr\/index.php?rest_route=\/wp\/v2\/posts\/3023\/revisions\/3025"}],"wp:featuredmedia":[{"embeddable":true,"href":"https:\/\/gundem59.com.tr\/index.php?rest_route=\/wp\/v2\/media\/3024"}],"wp:attachment":[{"href":"https:\/\/gundem59.com.tr\/index.php?rest_route=%2Fwp%2Fv2%2Fmedia&parent=3023"}],"wp:term":[{"taxonomy":"category","embeddable":true,"href":"https:\/\/gundem59.com.tr\/index.php?rest_route=%2Fwp%2Fv2%2Fcategories&post=3023"},{"taxonomy":"post_tag","embeddable":true,"href":"https:\/\/gundem59.com.tr\/index.php?rest_route=%2Fwp%2Fv2%2Ftags&post=3023"},{"taxonomy":"author","embeddable":true,"href":"https:\/\/gundem59.com.tr\/index.php?rest_route=%2Fwp%2Fv2%2Fppma_author&post=3023"}],"curies":[{"name":"wp","href":"https:\/\/api.w.org\/{rel}","templated":true}]}}