{"id":3000,"date":"2026-07-10T21:45:30","date_gmt":"2026-07-10T21:45:30","guid":{"rendered":"https:\/\/gundem59.com.tr\/?p=3000"},"modified":"2026-07-10T21:45:31","modified_gmt":"2026-07-10T21:45:31","slug":"tekirdagda-modern-incir-yetistiriciliginde-ilk-ilekleme-heyecani","status":"publish","type":"post","link":"https:\/\/gundem59.com.tr\/?p=3000","title":{"rendered":"Tekirda\u011f&#8217;da Modern \u0130ncir Yeti\u015ftiricili\u011finde \u0130lk \u0130lekleme Heyecan\u0131"},"content":{"rendered":"\n<p class=\"wp-block-paragraph\"><strong>Tekirda\u011f&#8217;\u0131n \u015eark\u00f6y il\u00e7esinde modern tar\u0131m teknikleriyle kurulan incir bah\u00e7esinde ilk kez ilekleme uygulamas\u0131 ger\u00e7ekle\u015ftirildi. Telli terbiye sistemiyle \u00fcretim yapan \u00e7ift\u00e7i Muhammed Bulut&#8217;un bah\u00e7esinde incelemelerde bulunan Tar\u0131m ve Orman \u0130l M\u00fcd\u00fcrl\u00fc\u011f\u00fc ekipleri, uygulaman\u0131n verim ve kalite a\u00e7\u0131s\u0131ndan \u00f6nemli katk\u0131lar sa\u011flayaca\u011f\u0131n\u0131 belirtti.<\/strong><\/p>\n\n\n\n<p class=\"wp-block-paragraph\">Tekirda\u011f&#8217;da tar\u0131msal \u00fcretimde yenilik\u00e7i y\u00f6ntemler yayg\u0131nla\u015fmaya devam ediyor. \u015eark\u00f6y il\u00e7esinde \u00fcretici Muhammed Bulut taraf\u0131ndan kurulan modern incir bah\u00e7esi, b\u00f6lgede \u00f6rnek g\u00f6sterilen projeler aras\u0131nda yer al\u0131yor.<\/p>\n\n\n\n<p class=\"wp-block-paragraph\">Tekirda\u011f Tar\u0131m ve Orman \u0130l M\u00fcd\u00fcrl\u00fc\u011f\u00fc ekipleri, telli terbiye sistemiyle yeti\u015ftirilen incir bah\u00e7esini ziyaret ederek \u00fcretim s\u00fcrecini yerinde inceledi. Bah\u00e7ede ger\u00e7ekle\u015ftirilen ilk ilekleme uygulamas\u0131 hakk\u0131nda bilgi alan ekipler, modern yeti\u015ftiricilik y\u00f6ntemlerinin b\u00f6lge tar\u0131m\u0131na sa\u011flayaca\u011f\u0131 katk\u0131lar\u0131 de\u011ferlendirdi.<\/p>\n\n\n\n<h2 class=\"wp-block-heading\">Kaliteli \u00dcr\u00fcn \u0130\u00e7in \u0130lekleme Yap\u0131ld\u0131<\/h2>\n\n\n\n<p class=\"wp-block-paragraph\">\u0130ncir \u00fcretiminde b\u00fcy\u00fck \u00f6nem ta\u015f\u0131yan ilekleme uygulamas\u0131nda, erkek incir meyveleri bah\u00e7e i\u00e7erisindeki tellere as\u0131l\u0131yor. Erkek incirlerde bulunan incir ar\u0131c\u0131klar\u0131, polenleri di\u015fi incirlere ta\u015f\u0131yarak d\u00f6llenmeyi sa\u011fl\u0131yor. Bu y\u00f6ntem sayesinde meyve tutumu artarken, \u00fcr\u00fcn kalitesi ve verim de y\u00fckseliyor.<\/p>\n\n\n\n<p class=\"wp-block-paragraph\">Uzmanlar, do\u011fru zamanda ve do\u011fru y\u00f6ntemle yap\u0131lan ileklemenin kaliteli incir \u00fcretiminin temel unsurlar\u0131ndan biri oldu\u011funa dikkat \u00e7ekiyor.<\/p>\n\n\n\n<h2 class=\"wp-block-heading\">Bursa ve \u0130zmir&#8217;den \u0130lham Ald\u0131<\/h2>\n\n\n\n<p class=\"wp-block-paragraph\">Bah\u00e7enin sahibi Muhammed Bulut, modern incir yeti\u015ftiricili\u011fine askerlik arkada\u015f\u0131n\u0131n tavsiyesiyle ilgi duydu\u011funu belirtti.<\/p>\n\n\n\n<p class=\"wp-block-paragraph\">Bursa&#8217;da g\u00f6rd\u00fc\u011f\u00fc telli terbiye sistemi \u00fczerine ara\u015ft\u0131rmalar yapt\u0131\u011f\u0131n\u0131 ifade eden Bulut, daha sonra \u0130zmir&#8217;in Menemen il\u00e7esindeki ba\u015far\u0131l\u0131 uygulamalar\u0131 inceleyerek kendi projesini hayata ge\u00e7irdi\u011fini s\u00f6yledi.<\/p>\n\n\n\n<p class=\"wp-block-paragraph\">Yakla\u015f\u0131k bir y\u0131l s\u00fcren haz\u0131rl\u0131k s\u00fcrecinin ard\u0131ndan bah\u00e7eyi kurduklar\u0131n\u0131 belirten Bulut, &#8220;Bu i\u015fe Bursa&#8217;da ya\u015fayan askerlik arkada\u015f\u0131m sayesinde ilgi duydum. Sistemi yerinde g\u00f6rd\u00fckten sonra internet \u00fczerinden ara\u015ft\u0131rmalar yapt\u0131m. \u0130zmir Menemen&#8217;de yap\u0131lan uygulamalar\u0131 inceledim. Bu y\u0131l ilk kez ilekleme yap\u0131yoruz. Erkek incirleri tellere asarak ar\u0131c\u0131klar\u0131n bah\u00e7eye e\u015fit \u015fekilde da\u011f\u0131lmas\u0131n\u0131 sa\u011fl\u0131yoruz. Hedefimiz daha kaliteli ve daha verimli \u00fcr\u00fcn elde etmek&#8221; dedi.<\/p>\n\n\n\n<h2 class=\"wp-block-heading\">Modern Tar\u0131m Teknikleri Yayg\u0131nla\u015f\u0131yor<\/h2>\n\n\n\n<p class=\"wp-block-paragraph\">Tekirda\u011f Tar\u0131m ve Orman \u0130l M\u00fcd\u00fcrl\u00fc\u011f\u00fc yetkilileri, modern yeti\u015ftiricilik tekniklerinin tar\u0131msal \u00fcretimde verimlili\u011fi art\u0131rd\u0131\u011f\u0131n\u0131 ve \u00fcreticilerin gelirlerine \u00f6nemli katk\u0131lar sa\u011flad\u0131\u011f\u0131n\u0131 belirtti.<\/p>\n\n\n\n<p class=\"wp-block-paragraph\">Yetkililer, b\u00f6lgede yenilik\u00e7i tar\u0131m uygulamalar\u0131n\u0131n yayg\u0131nla\u015ft\u0131r\u0131lmas\u0131 i\u00e7in \u00e7al\u0131\u015fmalar\u0131n s\u00fcrd\u00fc\u011f\u00fcn\u00fc ifade ederek \u00fcretici Muhammed Bulut&#8217;a bereketli ve verimli bir sezon temennisinde bulundu.<\/p>\n\n\n\n<p class=\"wp-block-paragraph\">\u015eark\u00f6y&#8217;de hayata ge\u00e7irilen bu \u00f6rnek uygulaman\u0131n, b\u00f6lgede incir \u00fcretimi yapmak isteyen di\u011fer \u00e7ift\u00e7ilere de ilham vermesi bekleniyor.<\/p>\n","protected":false},"excerpt":{"rendered":"<p>Tekirda\u011f&#8217;\u0131n \u015eark\u00f6y il\u00e7esinde modern tar\u0131m teknikleriyle kurulan incir bah\u00e7esinde ilk kez ilekleme uygulamas\u0131 ger\u00e7ekle\u015ftirildi. Telli&#8230;<\/p>\n","protected":false},"author":1,"featured_media":3001,"comment_status":"closed","ping_status":"closed","sticky":false,"template":"","format":"standard","meta":{"footnotes":""},"categories":[56],"tags":[],"ppma_author":[57],"class_list":["post-3000","post","type-post","status-publish","format-standard","has-post-thumbnail","hentry","category-guncel"],"authors":[{"term_id":57,"user_id":1,"is_guest":0,"slug":"admin","display_name":"Alp Aslan","avatar_url":"https:\/\/secure.gravatar.com\/avatar\/07c18c5ad3350b025db8f3328450e071acb435c703e565899c880c63362f137a?s=96&d=mm&r=g","author_category":"1","first_name":"Alp Aslan","last_name":"ER\u0130N","user_url":"http:\/\/www.gundem59.com.tr","job_title":"","description":""}],"_links":{"self":[{"href":"https:\/\/gundem59.com.tr\/index.php?rest_route=\/wp\/v2\/posts\/3000","targetHints":{"allow":["GET"]}}],"collection":[{"href":"https:\/\/gundem59.com.tr\/index.php?rest_route=\/wp\/v2\/posts"}],"about":[{"href":"https:\/\/gundem59.com.tr\/index.php?rest_route=\/wp\/v2\/types\/post"}],"author":[{"embeddable":true,"href":"https:\/\/gundem59.com.tr\/index.php?rest_route=\/wp\/v2\/users\/1"}],"replies":[{"embeddable":true,"href":"https:\/\/gundem59.com.tr\/index.php?rest_route=%2Fwp%2Fv2%2Fcomments&post=3000"}],"version-history":[{"count":1,"href":"https:\/\/gundem59.com.tr\/index.php?rest_route=\/wp\/v2\/posts\/3000\/revisions"}],"predecessor-version":[{"id":3002,"href":"https:\/\/gundem59.com.tr\/index.php?rest_route=\/wp\/v2\/posts\/3000\/revisions\/3002"}],"wp:featuredmedia":[{"embeddable":true,"href":"https:\/\/gundem59.com.tr\/index.php?rest_route=\/wp\/v2\/media\/3001"}],"wp:attachment":[{"href":"https:\/\/gundem59.com.tr\/index.php?rest_route=%2Fwp%2Fv2%2Fmedia&parent=3000"}],"wp:term":[{"taxonomy":"category","embeddable":true,"href":"https:\/\/gundem59.com.tr\/index.php?rest_route=%2Fwp%2Fv2%2Fcategories&post=3000"},{"taxonomy":"post_tag","embeddable":true,"href":"https:\/\/gundem59.com.tr\/index.php?rest_route=%2Fwp%2Fv2%2Ftags&post=3000"},{"taxonomy":"author","embeddable":true,"href":"https:\/\/gundem59.com.tr\/index.php?rest_route=%2Fwp%2Fv2%2Fppma_author&post=3000"}],"curies":[{"name":"wp","href":"https:\/\/api.w.org\/{rel}","templated":true}]}}