{"id":2994,"date":"2026-07-10T19:27:29","date_gmt":"2026-07-10T19:27:29","guid":{"rendered":"https:\/\/gundem59.com.tr\/?p=2994"},"modified":"2026-07-10T19:27:30","modified_gmt":"2026-07-10T19:27:30","slug":"tekirdag-sehir-hastanesi-ulasimini-rahatlatacak-koprulu-kavsak-projesinde-kritik-asama-tamamlandi","status":"publish","type":"post","link":"https:\/\/gundem59.com.tr\/?p=2994","title":{"rendered":"Tekirda\u011f \u015eehir Hastanesi Ula\u015f\u0131m\u0131n\u0131 Rahatlatacak K\u00f6pr\u00fcl\u00fc Kav\u015fak Projesinde Kritik A\u015fama Tamamland\u0131"},"content":{"rendered":"\n<p class=\"wp-block-paragraph\"><strong>Tekirda\u011f B\u00fcy\u00fck\u015fehir Belediyesi taraf\u0131ndan hayata ge\u00e7irilmesi planlanan ve Dr. \u0130smail Fehmi Cumal\u0131o\u011flu \u015eehir Hastanesi&#8217;ne ula\u015f\u0131m\u0131 \u00f6nemli \u00f6l\u00e7\u00fcde kolayla\u015ft\u0131racak k\u00f6pr\u00fcl\u00fc kav\u015fak projesinde \u00f6nemli bir a\u015fama geride b\u0131rak\u0131ld\u0131. \u00d6n onay ve jeolojik sondaj \u00e7al\u0131\u015fmalar\u0131n\u0131n tamamland\u0131\u011f\u0131 projede uygulama projelerinin haz\u0131rlanmas\u0131 s\u00fcr\u00fcyor.<\/strong><\/p>\n\n\n\n<p class=\"wp-block-paragraph\">S\u00fcleymanpa\u015fa il\u00e7esinde bulunan AFAD Kav\u015fa\u011f\u0131&#8217;nda yap\u0131lmas\u0131 planlanan k\u00f6pr\u00fcl\u00fc kav\u015fak projesi, Tekirda\u011f B\u00fcy\u00fck\u015fehir Belediyesi ile Karayollar\u0131 Genel M\u00fcd\u00fcrl\u00fc\u011f\u00fc i\u015f birli\u011finde y\u00fcr\u00fct\u00fcl\u00fcyor. Osmangazi Bulvar\u0131 (D110 \u00c7evreyolu) ile \u0130stiklal Mar\u015f\u0131 Caddesi&#8217;nin kesi\u015fim noktas\u0131nda in\u015fa edilecek proje sayesinde, Trakya&#8217;n\u0131n en \u00f6nemli sa\u011fl\u0131k merkezlerinden biri olan Dr. \u0130smail Fehmi Cumal\u0131o\u011flu \u015eehir Hastanesi&#8217;ne ula\u015f\u0131m daha h\u0131zl\u0131 ve g\u00fcvenli hale gelecek.<\/p>\n\n\n\n<h2 class=\"wp-block-heading\">\u00d6n Onay ve Sondaj \u00c7al\u0131\u015fmalar\u0131 Tamamland\u0131<\/h2>\n\n\n\n<p class=\"wp-block-paragraph\">Karayollar\u0131 Genel M\u00fcd\u00fcrl\u00fc\u011f\u00fc standartlar\u0131na uygun olarak haz\u0131rlanan avan ve revize projeler ile hidrolik ve hidrolojik et\u00fctlerin uygun bulunmas\u0131n\u0131n ard\u0131ndan \u00f6n onay s\u00fcreci ba\u015far\u0131yla tamamland\u0131. Daha sonra sahada ger\u00e7ekle\u015ftirilen jeolojik ve jeoteknik sondaj \u00e7al\u0131\u015fmalar\u0131n\u0131n da sonu\u00e7land\u0131r\u0131ld\u0131\u011f\u0131 bildirildi.<\/p>\n\n\n\n<p class=\"wp-block-paragraph\">Elde edilen teknik veriler do\u011frultusunda uygulama projelerinin haz\u0131rlanmas\u0131na devam edilirken, tamamlanan projelerin Karayollar\u0131 Genel M\u00fcd\u00fcrl\u00fc\u011f\u00fc&#8217;n\u00fcn onay\u0131na sunulaca\u011f\u0131 belirtildi.<\/p>\n\n\n\n<h2 class=\"wp-block-heading\">Hastaneye Ula\u015f\u0131m Daha K\u0131sa S\u00fcrede Sa\u011flanacak<\/h2>\n\n\n\n<p class=\"wp-block-paragraph\">Projenin hayata ge\u00e7irilmesiyle birlikte \u00f6zellikle Malkara ve bat\u0131 y\u00f6n\u00fcnden \u015fehir hastanesine ula\u015f\u0131m \u00f6nemli \u00f6l\u00e7\u00fcde kolayla\u015facak.<\/p>\n\n\n\n<p class=\"wp-block-paragraph\">Planlamaya g\u00f6re;<\/p>\n\n\n\n<ul class=\"wp-block-list\">\n<li>Bat\u0131 y\u00f6n\u00fcnden \u015fehir hastanesine ula\u015f\u0131m yakla\u015f\u0131k <strong>4,5 kilometre k\u0131salacak.<\/strong><\/li>\n\n\n\n<li>G\u00fcney y\u00f6n\u00fcnden ula\u015f\u0131m ise yakla\u015f\u0131k <strong>1,5 kilometre azalacak.<\/strong><\/li>\n<\/ul>\n\n\n\n<p class=\"wp-block-paragraph\">Bu sayede ambulanslar\u0131n acil vakalara daha k\u0131sa s\u00fcrede m\u00fcdahale etmesi, sa\u011fl\u0131k \u00e7al\u0131\u015fanlar\u0131n\u0131n ve vatanda\u015flar\u0131n zaman kayb\u0131 ya\u015famadan hastaneye ula\u015fmas\u0131 hedefleniyor.<\/p>\n\n\n\n<h2 class=\"wp-block-heading\">Trafik G\u00fcvenli\u011fi ve \u00c7evreye Katk\u0131 Sa\u011flayacak<\/h2>\n\n\n\n<p class=\"wp-block-paragraph\">Proje kapsam\u0131nda;<\/p>\n\n\n\n<ul class=\"wp-block-list\">\n<li>Yakla\u015f\u0131k <strong>1,8 kilometrelik ana yol,<\/strong><\/li>\n\n\n\n<li>3 kilometreye yak\u0131n toplay\u0131c\u0131 yol,<\/li>\n\n\n\n<li>Ba\u011flant\u0131 yollar\u0131,<\/li>\n\n\n\n<li>\u015eehir hastanesine do\u011frudan ula\u015f\u0131m sa\u011flayacak g\u00fczerg\u00e2h,<\/li>\n\n\n\n<li>93 metre uzunlu\u011funda farkl\u0131 seviyeli k\u00f6pr\u00fcl\u00fc kav\u015fak,<\/li>\n\n\n\n<li>\u00c7e\u015fitli sanat yap\u0131lar\u0131<\/li>\n<\/ul>\n\n\n\n<p class=\"wp-block-paragraph\">in\u015fa edilecek.<\/p>\n\n\n\n<p class=\"wp-block-paragraph\">K\u00f6pr\u00fcl\u00fc kav\u015fa\u011f\u0131n tamamlanmas\u0131yla birlikte D110 \u00c7evreyolu \u00fczerindeki trafik ak\u0131\u015f\u0131n\u0131n daha g\u00fcvenli ve kesintisiz hale gelmesi, yak\u0131t t\u00fcketiminin azalmas\u0131 ve karbon emisyonunun d\u00fc\u015f\u00fcr\u00fclmesi de hedefleniyor.<\/p>\n\n\n\n<h2 class=\"wp-block-heading\">Yap\u0131m A\u015famas\u0131na Ge\u00e7ilmesi Bekleniyor<\/h2>\n\n\n\n<p class=\"wp-block-paragraph\">Uygulama projelerinin tamamlanmas\u0131n\u0131n ard\u0131ndan Karayollar\u0131 Genel M\u00fcd\u00fcrl\u00fc\u011f\u00fc&#8217;n\u00fcn onay\u0131 al\u0131nacak. Sonras\u0131nda Tekirda\u011f B\u00fcy\u00fck\u015fehir Belediyesi ile Karayollar\u0131 Genel M\u00fcd\u00fcrl\u00fc\u011f\u00fc aras\u0131nda yap\u0131lacak protokol\u00fcn ard\u0131ndan projenin yap\u0131m s\u00fcrecine ba\u015flanmas\u0131 planlan\u0131yor.<\/p>\n\n\n\n<p class=\"wp-block-paragraph\">Kent ula\u015f\u0131m\u0131 a\u00e7\u0131s\u0131ndan b\u00fcy\u00fck \u00f6nem ta\u015f\u0131yan k\u00f6pr\u00fcl\u00fc kav\u015fak projesinin tamamlanmas\u0131yla birlikte hem \u015fehir hastanesine eri\u015fimin kolayla\u015fmas\u0131 hem de b\u00f6lgedeki trafik yo\u011funlu\u011funun \u00f6nemli \u00f6l\u00e7\u00fcde azalmas\u0131 bekleniyor.<\/p>\n","protected":false},"excerpt":{"rendered":"<p>Tekirda\u011f B\u00fcy\u00fck\u015fehir Belediyesi taraf\u0131ndan hayata ge\u00e7irilmesi planlanan ve Dr. \u0130smail Fehmi Cumal\u0131o\u011flu \u015eehir Hastanesi&#8217;ne ula\u015f\u0131m\u0131&#8230;<\/p>\n","protected":false},"author":1,"featured_media":2995,"comment_status":"closed","ping_status":"closed","sticky":false,"template":"","format":"standard","meta":{"footnotes":""},"categories":[56],"tags":[],"ppma_author":[57],"class_list":["post-2994","post","type-post","status-publish","format-standard","has-post-thumbnail","hentry","category-guncel"],"authors":[{"term_id":57,"user_id":1,"is_guest":0,"slug":"admin","display_name":"Alp Aslan","avatar_url":"https:\/\/secure.gravatar.com\/avatar\/07c18c5ad3350b025db8f3328450e071acb435c703e565899c880c63362f137a?s=96&d=mm&r=g","author_category":"1","first_name":"Alp Aslan","last_name":"ER\u0130N","user_url":"http:\/\/www.gundem59.com.tr","job_title":"","description":""}],"_links":{"self":[{"href":"https:\/\/gundem59.com.tr\/index.php?rest_route=\/wp\/v2\/posts\/2994","targetHints":{"allow":["GET"]}}],"collection":[{"href":"https:\/\/gundem59.com.tr\/index.php?rest_route=\/wp\/v2\/posts"}],"about":[{"href":"https:\/\/gundem59.com.tr\/index.php?rest_route=\/wp\/v2\/types\/post"}],"author":[{"embeddable":true,"href":"https:\/\/gundem59.com.tr\/index.php?rest_route=\/wp\/v2\/users\/1"}],"replies":[{"embeddable":true,"href":"https:\/\/gundem59.com.tr\/index.php?rest_route=%2Fwp%2Fv2%2Fcomments&post=2994"}],"version-history":[{"count":1,"href":"https:\/\/gundem59.com.tr\/index.php?rest_route=\/wp\/v2\/posts\/2994\/revisions"}],"predecessor-version":[{"id":2996,"href":"https:\/\/gundem59.com.tr\/index.php?rest_route=\/wp\/v2\/posts\/2994\/revisions\/2996"}],"wp:featuredmedia":[{"embeddable":true,"href":"https:\/\/gundem59.com.tr\/index.php?rest_route=\/wp\/v2\/media\/2995"}],"wp:attachment":[{"href":"https:\/\/gundem59.com.tr\/index.php?rest_route=%2Fwp%2Fv2%2Fmedia&parent=2994"}],"wp:term":[{"taxonomy":"category","embeddable":true,"href":"https:\/\/gundem59.com.tr\/index.php?rest_route=%2Fwp%2Fv2%2Fcategories&post=2994"},{"taxonomy":"post_tag","embeddable":true,"href":"https:\/\/gundem59.com.tr\/index.php?rest_route=%2Fwp%2Fv2%2Ftags&post=2994"},{"taxonomy":"author","embeddable":true,"href":"https:\/\/gundem59.com.tr\/index.php?rest_route=%2Fwp%2Fv2%2Fppma_author&post=2994"}],"curies":[{"name":"wp","href":"https:\/\/api.w.org\/{rel}","templated":true}]}}