{"id":2991,"date":"2026-07-10T19:23:47","date_gmt":"2026-07-10T19:23:47","guid":{"rendered":"https:\/\/gundem59.com.tr\/?p=2991"},"modified":"2026-07-10T19:24:35","modified_gmt":"2026-07-10T19:24:35","slug":"tekirdagda-milli-birlik-ve-demokrasi-kupasi-yelken-yarislari-tamamlandi","status":"publish","type":"post","link":"https:\/\/gundem59.com.tr\/?p=2991","title":{"rendered":"Tekirda\u011f&#8217;da Milli Birlik ve Demokrasi Kupas\u0131 Yelken Yar\u0131\u015flar\u0131 Tamamland\u0131"},"content":{"rendered":"\n<p class=\"wp-block-paragraph\"><strong>Tekirda\u011f&#8217;da 15 Temmuz Demokrasi ve Milli Birlik G\u00fcn\u00fc etkinlikleri kapsam\u0131nda d\u00fczenlenen &#8220;Milli Birlik ve Demokrasi Kupas\u0131 Yelken Yar\u0131\u015flar\u0131&#8221; sona erdi. Marmara Denizi&#8217;nde ger\u00e7ekle\u015ftirilen yar\u0131\u015flarda dereceye giren sporcular madalyalar\u0131na kavu\u015ftu.<\/strong><\/p>\n\n\n\n<p class=\"wp-block-paragraph\">Tekirda\u011f Yelken ve \u0130htisas Kul\u00fcb\u00fc ev sahipli\u011finde d\u00fczenlenen organizasyona 39 sporcu kat\u0131ld\u0131. Marmara Denizi a\u00e7\u0131klar\u0131nda start\u0131 verilen yar\u0131\u015flar, farkl\u0131 ya\u015f ve s\u0131n\u0131flarda b\u00fcy\u00fck heyecana sahne oldu.<\/p>\n\n\n\n<p class=\"wp-block-paragraph\">Sporcular, r\u00fczg\u00e2r ve deniz ko\u015fullar\u0131na kar\u015f\u0131 m\u00fccadele ederek dereceye girebilmek i\u00e7in k\u0131yas\u0131ya yar\u0131\u015ft\u0131. Organizasyon, hem sporcular hem de izleyiciler taraf\u0131ndan ilgiyle takip edildi.<\/p>\n\n\n\n<h3 class=\"wp-block-heading\">Madalyalar Sahiplerini Buldu<\/h3>\n\n\n\n<p class=\"wp-block-paragraph\">Yar\u0131\u015flar\u0131n ard\u0131ndan Tekirda\u011f Yelken ve \u0130htisas Kul\u00fcb\u00fc&#8217;nde \u00f6d\u00fcl t\u00f6reni d\u00fczenlendi. T\u00f6rende T\u00fcrkiye Yelken Federasyonu Tekirda\u011f Temsilcisi H\u00fcseyin Ergin \u00d6zdem ile kul\u00fcp y\u00f6neticileri taraf\u0131ndan dereceye giren sporculara madalyalar\u0131 takdim edildi.<\/p>\n\n\n\n<h3 class=\"wp-block-heading\">\u0130\u015fte Kategorilerinde Birinci Olan Sporcular<\/h3>\n\n\n\n<p class=\"wp-block-paragraph\"><strong>Optimist Genel Kategori<\/strong><br>&#x1f947; Ahmet Arel Barut<\/p>\n\n\n\n<p class=\"wp-block-paragraph\"><strong>Optimist Junior Kategori<\/strong><br>&#x1f947; Mert Roni \u00c7elik<\/p>\n\n\n\n<p class=\"wp-block-paragraph\"><strong>Optimist K\u0131zlar Kategorisi<\/strong><br>&#x1f947; Duru Ate\u015f<\/p>\n\n\n\n<p class=\"wp-block-paragraph\"><strong>ILCA 4 Genel Kategori<\/strong><br>&#x1f947; Eren \u00c7ak\u0131r<\/p>\n\n\n\n<p class=\"wp-block-paragraph\"><strong>420 Kategorisi<\/strong><br>&#x1f947; Emre G\u00fcl<\/p>\n\n\n\n<h3 class=\"wp-block-heading\">15 Temmuz Etkinliklerine Spor Damgas\u0131<\/h3>\n\n\n\n<p class=\"wp-block-paragraph\">15 Temmuz Demokrasi ve Milli Birlik G\u00fcn\u00fc kapsam\u0131nda d\u00fczenlenen yar\u0131\u015flar, gen\u00e7 sporcular\u0131n yeteneklerini sergilemelerine olanak sa\u011flarken, milli birlik ve beraberlik ruhunun spor arac\u0131l\u0131\u011f\u0131yla ya\u015fat\u0131lmas\u0131na da katk\u0131 sundu.<\/p>\n\n\n\n<p class=\"wp-block-paragraph\">Yetkililer, Tekirda\u011f&#8217;da yelken sporunun geli\u015fmesi ve gen\u00e7lerin spora te\u015fvik edilmesi amac\u0131yla benzer organizasyonlar\u0131n devam edece\u011fini belirtti.<\/p>\n","protected":false},"excerpt":{"rendered":"<p>Tekirda\u011f&#8217;da 15 Temmuz Demokrasi ve Milli Birlik G\u00fcn\u00fc etkinlikleri kapsam\u0131nda d\u00fczenlenen &#8220;Milli Birlik ve Demokrasi&#8230;<\/p>\n","protected":false},"author":1,"featured_media":2992,"comment_status":"closed","ping_status":"closed","sticky":false,"template":"","format":"standard","meta":{"footnotes":""},"categories":[48],"tags":[],"ppma_author":[57],"class_list":["post-2991","post","type-post","status-publish","format-standard","has-post-thumbnail","hentry","category-spor"],"authors":[{"term_id":57,"user_id":1,"is_guest":0,"slug":"admin","display_name":"Alp Aslan","avatar_url":"https:\/\/secure.gravatar.com\/avatar\/07c18c5ad3350b025db8f3328450e071acb435c703e565899c880c63362f137a?s=96&d=mm&r=g","author_category":"1","first_name":"Alp Aslan","last_name":"ER\u0130N","user_url":"http:\/\/www.gundem59.com.tr","job_title":"","description":""}],"_links":{"self":[{"href":"https:\/\/gundem59.com.tr\/index.php?rest_route=\/wp\/v2\/posts\/2991","targetHints":{"allow":["GET"]}}],"collection":[{"href":"https:\/\/gundem59.com.tr\/index.php?rest_route=\/wp\/v2\/posts"}],"about":[{"href":"https:\/\/gundem59.com.tr\/index.php?rest_route=\/wp\/v2\/types\/post"}],"author":[{"embeddable":true,"href":"https:\/\/gundem59.com.tr\/index.php?rest_route=\/wp\/v2\/users\/1"}],"replies":[{"embeddable":true,"href":"https:\/\/gundem59.com.tr\/index.php?rest_route=%2Fwp%2Fv2%2Fcomments&post=2991"}],"version-history":[{"count":1,"href":"https:\/\/gundem59.com.tr\/index.php?rest_route=\/wp\/v2\/posts\/2991\/revisions"}],"predecessor-version":[{"id":2993,"href":"https:\/\/gundem59.com.tr\/index.php?rest_route=\/wp\/v2\/posts\/2991\/revisions\/2993"}],"wp:featuredmedia":[{"embeddable":true,"href":"https:\/\/gundem59.com.tr\/index.php?rest_route=\/wp\/v2\/media\/2992"}],"wp:attachment":[{"href":"https:\/\/gundem59.com.tr\/index.php?rest_route=%2Fwp%2Fv2%2Fmedia&parent=2991"}],"wp:term":[{"taxonomy":"category","embeddable":true,"href":"https:\/\/gundem59.com.tr\/index.php?rest_route=%2Fwp%2Fv2%2Fcategories&post=2991"},{"taxonomy":"post_tag","embeddable":true,"href":"https:\/\/gundem59.com.tr\/index.php?rest_route=%2Fwp%2Fv2%2Ftags&post=2991"},{"taxonomy":"author","embeddable":true,"href":"https:\/\/gundem59.com.tr\/index.php?rest_route=%2Fwp%2Fv2%2Fppma_author&post=2991"}],"curies":[{"name":"wp","href":"https:\/\/api.w.org\/{rel}","templated":true}]}}