{"id":2988,"date":"2026-07-10T19:21:05","date_gmt":"2026-07-10T19:21:05","guid":{"rendered":"https:\/\/gundem59.com.tr\/?p=2988"},"modified":"2026-07-10T19:21:06","modified_gmt":"2026-07-10T19:21:06","slug":"dunya-nufus-gununde-vali-soyturke-ziyaret","status":"publish","type":"post","link":"https:\/\/gundem59.com.tr\/?p=2988","title":{"rendered":"D\u00fcnya N\u00fcfus G\u00fcn\u00fc&#8217;nde Vali Soyt\u00fcrk&#8217;e Ziyaret"},"content":{"rendered":"\n<p class=\"wp-block-paragraph\"><strong>11 Temmuz D\u00fcnya N\u00fcfus G\u00fcn\u00fc dolay\u0131s\u0131yla Tekirda\u011f \u0130l N\u00fcfus ve Vatanda\u015fl\u0131k M\u00fcd\u00fcrl\u00fc\u011f\u00fc heyeti, Tekirda\u011f Valisi Recep Soyt\u00fcrk&#8217;\u00fc makam\u0131nda ziyaret etti.<\/strong><\/p>\n\n\n\n<p class=\"wp-block-paragraph\">\u0130l N\u00fcfus M\u00fcd\u00fcr\u00fc Aydo\u011fan Tulgar ve N\u00fcfus M\u00fcd\u00fcrl\u00fc\u011f\u00fc personelinden olu\u015fan heyet, D\u00fcnya N\u00fcfus G\u00fcn\u00fc kapsam\u0131nda Vali Recep Soyt\u00fcrk ile bir araya geldi.<\/p>\n\n\n\n<p class=\"wp-block-paragraph\">Ziyaretten duydu\u011fu memnuniyeti dile getiren Vali Soyt\u00fcrk, N\u00fcfus ve Vatanda\u015fl\u0131k \u0130\u015fleri Genel M\u00fcd\u00fcrl\u00fc\u011f\u00fc taraf\u0131ndan hayata ge\u00e7irilen projeler sayesinde n\u00fcfus m\u00fcd\u00fcrl\u00fcklerinin teknolojik altyap\u0131s\u0131n\u0131n s\u00fcrekli geli\u015fti\u011fini belirtti.<\/p>\n\n\n\n<p class=\"wp-block-paragraph\">Vatanda\u015flara sunulan hizmetlerin her ge\u00e7en g\u00fcn daha h\u0131zl\u0131 ve kaliteli hale geldi\u011fini ifade eden Soyt\u00fcrk, dijital d\u00f6n\u00fc\u015f\u00fcm \u00e7al\u0131\u015fmalar\u0131n\u0131n kamu hizmetlerine \u00f6nemli katk\u0131lar sa\u011flad\u0131\u011f\u0131n\u0131 vurgulad\u0131.<\/p>\n\n\n\n<h3 class=\"wp-block-heading\">&#8220;Personelimize Te\u015fekk\u00fcr Ediyorum&#8221;<\/h3>\n\n\n\n<p class=\"wp-block-paragraph\">Vali Soyt\u00fcrk yapt\u0131\u011f\u0131 a\u00e7\u0131klamada, &#8220;N\u00fcfus ve Vatanda\u015fl\u0131k \u0130\u015fleri Genel M\u00fcd\u00fcrl\u00fc\u011f\u00fc&#8217;n\u00fcn projeleri sayesinde n\u00fcfus m\u00fcd\u00fcrl\u00fcklerinin teknolojik altyap\u0131s\u0131 her ge\u00e7en g\u00fcn geli\u015fmekte ve vatanda\u015flar\u0131m\u0131za daha iyi hizmetler sunulmaktad\u0131r. \u0130limizde n\u00fcfus m\u00fcd\u00fcrl\u00fcklerinde \u00fcst\u00fcn hizmet ve sorumluluk anlay\u0131\u015f\u0131yla g\u00f6rev yapan t\u00fcm personelimize te\u015fekk\u00fcr ediyor, D\u00fcnya N\u00fcfus G\u00fcn\u00fc&#8217;n\u00fc kutluyorum.&#8221; ifadelerini kulland\u0131.<\/p>\n\n\n\n<p class=\"wp-block-paragraph\">Ziyaret, g\u00fcn\u00fcn an\u0131s\u0131na \u00e7ekilen hat\u0131ra foto\u011fraf\u0131n\u0131n ard\u0131ndan sona erdi.<\/p>\n","protected":false},"excerpt":{"rendered":"<p>11 Temmuz D\u00fcnya N\u00fcfus G\u00fcn\u00fc dolay\u0131s\u0131yla Tekirda\u011f \u0130l N\u00fcfus ve Vatanda\u015fl\u0131k M\u00fcd\u00fcrl\u00fc\u011f\u00fc heyeti, Tekirda\u011f Valisi&#8230;<\/p>\n","protected":false},"author":1,"featured_media":2989,"comment_status":"closed","ping_status":"closed","sticky":false,"template":"","format":"standard","meta":{"footnotes":""},"categories":[56],"tags":[],"ppma_author":[57],"class_list":["post-2988","post","type-post","status-publish","format-standard","has-post-thumbnail","hentry","category-guncel"],"authors":[{"term_id":57,"user_id":1,"is_guest":0,"slug":"admin","display_name":"Alp Aslan","avatar_url":"https:\/\/secure.gravatar.com\/avatar\/07c18c5ad3350b025db8f3328450e071acb435c703e565899c880c63362f137a?s=96&d=mm&r=g","author_category":"1","first_name":"Alp Aslan","last_name":"ER\u0130N","user_url":"http:\/\/www.gundem59.com.tr","job_title":"","description":""}],"_links":{"self":[{"href":"https:\/\/gundem59.com.tr\/index.php?rest_route=\/wp\/v2\/posts\/2988","targetHints":{"allow":["GET"]}}],"collection":[{"href":"https:\/\/gundem59.com.tr\/index.php?rest_route=\/wp\/v2\/posts"}],"about":[{"href":"https:\/\/gundem59.com.tr\/index.php?rest_route=\/wp\/v2\/types\/post"}],"author":[{"embeddable":true,"href":"https:\/\/gundem59.com.tr\/index.php?rest_route=\/wp\/v2\/users\/1"}],"replies":[{"embeddable":true,"href":"https:\/\/gundem59.com.tr\/index.php?rest_route=%2Fwp%2Fv2%2Fcomments&post=2988"}],"version-history":[{"count":1,"href":"https:\/\/gundem59.com.tr\/index.php?rest_route=\/wp\/v2\/posts\/2988\/revisions"}],"predecessor-version":[{"id":2990,"href":"https:\/\/gundem59.com.tr\/index.php?rest_route=\/wp\/v2\/posts\/2988\/revisions\/2990"}],"wp:featuredmedia":[{"embeddable":true,"href":"https:\/\/gundem59.com.tr\/index.php?rest_route=\/wp\/v2\/media\/2989"}],"wp:attachment":[{"href":"https:\/\/gundem59.com.tr\/index.php?rest_route=%2Fwp%2Fv2%2Fmedia&parent=2988"}],"wp:term":[{"taxonomy":"category","embeddable":true,"href":"https:\/\/gundem59.com.tr\/index.php?rest_route=%2Fwp%2Fv2%2Fcategories&post=2988"},{"taxonomy":"post_tag","embeddable":true,"href":"https:\/\/gundem59.com.tr\/index.php?rest_route=%2Fwp%2Fv2%2Ftags&post=2988"},{"taxonomy":"author","embeddable":true,"href":"https:\/\/gundem59.com.tr\/index.php?rest_route=%2Fwp%2Fv2%2Fppma_author&post=2988"}],"curies":[{"name":"wp","href":"https:\/\/api.w.org\/{rel}","templated":true}]}}