{"id":2985,"date":"2026-07-10T19:18:15","date_gmt":"2026-07-10T19:18:15","guid":{"rendered":"https:\/\/gundem59.com.tr\/?p=2985"},"modified":"2026-07-10T19:18:15","modified_gmt":"2026-07-10T19:18:15","slug":"chpde-yeni-gorevden-almalar-tekirdag-dahil-7-il-ve-merkez-ilce-yonetimi-gorevden-alindi","status":"publish","type":"post","link":"https:\/\/gundem59.com.tr\/?p=2985","title":{"rendered":"CHP&#8217;de Yeni G\u00f6revden Almalar: Tekirda\u011f Dahil 7 \u0130l ve Merkez \u0130l\u00e7e Y\u00f6netimi G\u00f6revden Al\u0131nd\u0131"},"content":{"rendered":"\n<p class=\"wp-block-paragraph\"><strong>CHP Merkez Y\u00f6netim Kurulu (MYK), Kemal K\u0131l\u0131\u00e7daro\u011flu ba\u015fkanl\u0131\u011f\u0131nda ger\u00e7ekle\u015ftirdi\u011fi toplant\u0131da \u00f6nemli te\u015fkilat de\u011fi\u015fikliklerine imza att\u0131. Toplant\u0131n\u0131n ard\u0131ndan yap\u0131lan a\u00e7\u0131klamada, aralar\u0131nda Tekirda\u011f&#8217;\u0131n da bulundu\u011fu 7 il ve baz\u0131 merkez il\u00e7e y\u00f6netimlerinin g\u00f6revden al\u0131nd\u0131\u011f\u0131 duyuruldu.<\/strong><\/p>\n\n\n\n<p class=\"wp-block-paragraph\">CHP Genel Merkezi&#8217;nde ger\u00e7ekle\u015ftirilen MYK toplant\u0131s\u0131nda, NATO Zirvesi, ekonomik ve siyasi geli\u015fmeler, parti \u00f6rg\u00fctlerinin durumu ve eyl\u00fcl ay\u0131nda ba\u015flat\u0131lmas\u0131 planlanan kurultay s\u00fcreci ele al\u0131nd\u0131.<\/p>\n\n\n\n<p class=\"wp-block-paragraph\">Toplant\u0131n\u0131n ard\u0131ndan a\u00e7\u0131klamalarda bulunan Parti S\u00f6zc\u00fcs\u00fc M\u00fcslim Sar\u0131, MYK karar\u0131yla baz\u0131 il ve il\u00e7e y\u00f6netimlerinin g\u00f6revden al\u0131nd\u0131\u011f\u0131n\u0131 ve yeni g\u00f6revlendirmelerin yap\u0131ld\u0131\u011f\u0131n\u0131 a\u00e7\u0131klad\u0131.<\/p>\n\n\n\n<h3 class=\"wp-block-heading\">Tekirda\u011f Dahil 7 \u0130l Y\u00f6netimi G\u00f6revden Al\u0131nd\u0131<\/h3>\n\n\n\n<p class=\"wp-block-paragraph\">MYK karar\u0131 do\u011frultusunda;<\/p>\n\n\n\n<ul class=\"wp-block-list\">\n<li>Afyonkarahisar<\/li>\n\n\n\n<li>Giresun<\/li>\n\n\n\n<li>Trabzon<\/li>\n\n\n\n<li>Yozgat<\/li>\n\n\n\n<li>Burdur<\/li>\n\n\n\n<li>Ayd\u0131n<\/li>\n\n\n\n<li>Tekirda\u011f<\/li>\n<\/ul>\n\n\n\n<p class=\"wp-block-paragraph\">il y\u00f6netimlerinin g\u00f6revden al\u0131nd\u0131\u011f\u0131 bildirildi.<\/p>\n\n\n\n<p class=\"wp-block-paragraph\">Ayr\u0131ca Trabzon&#8217;un Ortahisar il\u00e7esi ile baz\u0131 merkez il\u00e7e y\u00f6netimlerinde de de\u011fi\u015fikli\u011fe gidildi\u011fi belirtildi.<\/p>\n\n\n\n<h3 class=\"wp-block-heading\">3 \u0130l Ba\u015fkan\u0131 Disipline Sevk Edildi<\/h3>\n\n\n\n<p class=\"wp-block-paragraph\">Parti y\u00f6netimi taraf\u0131ndan yap\u0131lan a\u00e7\u0131klamada, daha \u00f6nce g\u00f6revden al\u0131nan \u0130zmir \u0130l Ba\u015fkan\u0131 \u00c7a\u011fatay G\u00fc\u00e7 ile Giresun ve Trabzon il ba\u015fkanlar\u0131n\u0131n kesin ihra\u00e7 talebiyle disipline sevk edildi\u011fi ifade edildi.<\/p>\n\n\n\n<p class=\"wp-block-paragraph\">Disiplin s\u00fcrecinin gerek\u00e7esi olarak, parti i\u00e7inde devam eden hukuki s\u00fcre\u00e7ler ve te\u015fkilat \u00e7al\u0131\u015fmalar\u0131na ili\u015fkin de\u011ferlendirmeler g\u00f6sterildi.<\/p>\n\n\n\n<h3 class=\"wp-block-heading\">Te\u015fkilatlarda Revizyon S\u00fcr\u00fcyor<\/h3>\n\n\n\n<p class=\"wp-block-paragraph\">CHP&#8217;de son d\u00f6nemde \u00e7ok say\u0131da il ve il\u00e7e te\u015fkilat\u0131nda g\u00f6rev de\u011fi\u015fiklikleri ya\u015fan\u0131rken, parti y\u00f6netiminin \u00f6rg\u00fct yap\u0131s\u0131n\u0131 yeniden \u015fekillendirmeye y\u00f6nelik \u00e7al\u0131\u015fmalar\u0131n\u0131 s\u00fcrd\u00fcrd\u00fc\u011f\u00fc belirtiliyor.<\/p>\n\n\n\n<p class=\"wp-block-paragraph\">Daha \u00f6nce de bir\u00e7ok il ba\u015fkan\u0131 ve il y\u00f6netimi g\u00f6revden al\u0131nm\u0131\u015f, baz\u0131 isimler hakk\u0131nda disiplin s\u00fcre\u00e7leri ba\u015flat\u0131lm\u0131\u015ft\u0131. Parti y\u00f6netiminin \u00f6n\u00fcm\u00fczdeki s\u00fcre\u00e7te yeni atamalarla te\u015fkilat yap\u0131lanmas\u0131n\u0131 tamamlamas\u0131 bekleniyor.<\/p>\n\n\n\n<p class=\"wp-block-paragraph\">\u00d6zellikle Tekirda\u011f&#8217;da al\u0131nan karar\u0131n ard\u0131ndan yeni il y\u00f6netiminin kimlerden olu\u015faca\u011f\u0131 ve g\u00f6revlendirmelerin ne zaman yap\u0131laca\u011f\u0131 merak konusu oldu.<\/p>\n","protected":false},"excerpt":{"rendered":"<p>CHP Merkez Y\u00f6netim Kurulu (MYK), Kemal K\u0131l\u0131\u00e7daro\u011flu ba\u015fkanl\u0131\u011f\u0131nda ger\u00e7ekle\u015ftirdi\u011fi toplant\u0131da \u00f6nemli te\u015fkilat de\u011fi\u015fikliklerine imza att\u0131&#8230;.<\/p>\n","protected":false},"author":1,"featured_media":2986,"comment_status":"closed","ping_status":"closed","sticky":false,"template":"","format":"standard","meta":{"footnotes":""},"categories":[52],"tags":[],"ppma_author":[57],"class_list":["post-2985","post","type-post","status-publish","format-standard","has-post-thumbnail","hentry","category-politika"],"authors":[{"term_id":57,"user_id":1,"is_guest":0,"slug":"admin","display_name":"Alp Aslan","avatar_url":"https:\/\/secure.gravatar.com\/avatar\/07c18c5ad3350b025db8f3328450e071acb435c703e565899c880c63362f137a?s=96&d=mm&r=g","author_category":"1","first_name":"Alp Aslan","last_name":"ER\u0130N","user_url":"http:\/\/www.gundem59.com.tr","job_title":"","description":""}],"_links":{"self":[{"href":"https:\/\/gundem59.com.tr\/index.php?rest_route=\/wp\/v2\/posts\/2985","targetHints":{"allow":["GET"]}}],"collection":[{"href":"https:\/\/gundem59.com.tr\/index.php?rest_route=\/wp\/v2\/posts"}],"about":[{"href":"https:\/\/gundem59.com.tr\/index.php?rest_route=\/wp\/v2\/types\/post"}],"author":[{"embeddable":true,"href":"https:\/\/gundem59.com.tr\/index.php?rest_route=\/wp\/v2\/users\/1"}],"replies":[{"embeddable":true,"href":"https:\/\/gundem59.com.tr\/index.php?rest_route=%2Fwp%2Fv2%2Fcomments&post=2985"}],"version-history":[{"count":1,"href":"https:\/\/gundem59.com.tr\/index.php?rest_route=\/wp\/v2\/posts\/2985\/revisions"}],"predecessor-version":[{"id":2987,"href":"https:\/\/gundem59.com.tr\/index.php?rest_route=\/wp\/v2\/posts\/2985\/revisions\/2987"}],"wp:featuredmedia":[{"embeddable":true,"href":"https:\/\/gundem59.com.tr\/index.php?rest_route=\/wp\/v2\/media\/2986"}],"wp:attachment":[{"href":"https:\/\/gundem59.com.tr\/index.php?rest_route=%2Fwp%2Fv2%2Fmedia&parent=2985"}],"wp:term":[{"taxonomy":"category","embeddable":true,"href":"https:\/\/gundem59.com.tr\/index.php?rest_route=%2Fwp%2Fv2%2Fcategories&post=2985"},{"taxonomy":"post_tag","embeddable":true,"href":"https:\/\/gundem59.com.tr\/index.php?rest_route=%2Fwp%2Fv2%2Ftags&post=2985"},{"taxonomy":"author","embeddable":true,"href":"https:\/\/gundem59.com.tr\/index.php?rest_route=%2Fwp%2Fv2%2Fppma_author&post=2985"}],"curies":[{"name":"wp","href":"https:\/\/api.w.org\/{rel}","templated":true}]}}