{"id":2973,"date":"2026-07-09T20:19:55","date_gmt":"2026-07-09T20:19:55","guid":{"rendered":"https:\/\/gundem59.com.tr\/?p=2973"},"modified":"2026-07-09T20:19:56","modified_gmt":"2026-07-09T20:19:56","slug":"tekirdagda-toplu-ulasima-zam-yeni-tarifeler-1-agustosta-yururluge-girecek","status":"publish","type":"post","link":"https:\/\/gundem59.com.tr\/?p=2973","title":{"rendered":"Tekirda\u011f&#8217;da Toplu Ula\u015f\u0131ma Zam: Yeni Tarifeler 1 A\u011fustos&#8217;ta Y\u00fcr\u00fcrl\u00fc\u011fe Girecek"},"content":{"rendered":"\n<p class=\"wp-block-paragraph\"><strong>Tekirda\u011f B\u00fcy\u00fck\u015fehir Belediyesi Meclisi, toplu ula\u015f\u0131m \u00fccretlerine zam yap\u0131lmas\u0131n\u0131 kararla\u015ft\u0131rd\u0131. Temmuz ay\u0131 ola\u011fan meclis toplant\u0131s\u0131nda al\u0131nan karar do\u011frultusunda, yeni ula\u015f\u0131m tarifeleri 1 A\u011fustos 2026 tarihinden itibaren uygulanacak.<\/strong><\/p>\n\n\n\n<p class=\"wp-block-paragraph\">Tekirda\u011f B\u00fcy\u00fck\u015fehir Belediyesi Temmuz Ay\u0131 Ola\u011fan Meclis Toplant\u0131s\u0131, B\u00fcy\u00fck\u015fehir Belediye Ba\u015fkan\u0131 <strong>Dr. Candan Y\u00fcceer<\/strong> ba\u015fkanl\u0131\u011f\u0131nda ger\u00e7ekle\u015ftirildi.<\/p>\n\n\n\n<p class=\"wp-block-paragraph\">Meclis toplant\u0131s\u0131nda kent g\u00fcndemindeki bir\u00e7ok konu g\u00f6r\u00fc\u015f\u00fcl\u00fcrken, toplu ula\u015f\u0131m \u00fccretlerine ili\u015fkin tarife d\u00fczenlemesi de karara ba\u011fland\u0131.<\/p>\n\n\n\n<h2 class=\"wp-block-heading\">Yeni Tarife 1 A\u011fustos&#8217;ta Ba\u015fl\u0131yor<\/h2>\n\n\n\n<p class=\"wp-block-paragraph\">Meclis \u00fcyelerinin de\u011ferlendirmesinin ard\u0131ndan kabul edilen d\u00fczenlemeyle birlikte, Tekirda\u011f genelinde toplu ula\u015f\u0131mda uygulanacak yeni \u00fccret tarifesi <strong>1 A\u011fustos 2026<\/strong> tarihinden itibaren y\u00fcr\u00fcrl\u00fc\u011fe girecek.<\/p>\n\n\n\n<p class=\"wp-block-paragraph\">Zam karar\u0131n\u0131n, artan akaryak\u0131t, bak\u0131m, yedek par\u00e7a, personel ve i\u015fletme maliyetleri do\u011frultusunda al\u0131nd\u0131\u011f\u0131 belirtildi.<\/p>\n\n\n\n<h2 class=\"wp-block-heading\">G\u00fcncel \u00dccretler A\u00e7\u0131klanacak<\/h2>\n\n\n\n<p class=\"wp-block-paragraph\">Yeni tarifeye ili\u015fkin tam \u00fccret, \u00f6\u011frenci, \u00f6\u011fretmen ve di\u011fer indirimli ula\u015f\u0131m \u00fccretlerinin Tekirda\u011f B\u00fcy\u00fck\u015fehir Belediyesi taraf\u0131ndan kamuoyuyla payla\u015f\u0131lmas\u0131 bekleniyor.<\/p>\n\n\n\n<p class=\"wp-block-paragraph\">Vatanda\u015flar, yeni \u00fccret tarifesine belediyenin resmi duyurular\u0131 ve toplu ula\u015f\u0131m i\u015fletmeleri arac\u0131l\u0131\u011f\u0131yla ula\u015fabilecek.<\/p>\n\n\n\n<h2 class=\"wp-block-heading\">Mecliste G\u00fcndemde Bir\u00e7ok Konu G\u00f6r\u00fc\u015f\u00fcld\u00fc<\/h2>\n\n\n\n<p class=\"wp-block-paragraph\">Temmuz ay\u0131 ola\u011fan meclis toplant\u0131s\u0131nda ula\u015f\u0131m\u0131n yan\u0131 s\u0131ra belediyenin yat\u0131r\u0131m \u00e7al\u0131\u015fmalar\u0131, komisyon raporlar\u0131 ve \u00e7e\u015fitli idari g\u00fcndem maddeleri de g\u00f6r\u00fc\u015f\u00fclerek karara ba\u011fland\u0131.<\/p>\n\n\n\n<p class=\"wp-block-paragraph\">1 A\u011fustos itibar\u0131yla y\u00fcr\u00fcrl\u00fc\u011fe girecek yeni ula\u015f\u0131m tarifesinin, Tekirda\u011f genelindeki toplu ta\u015f\u0131ma ara\u00e7lar\u0131nda uygulanaca\u011f\u0131 bildirildi.<\/p>\n","protected":false},"excerpt":{"rendered":"<p>Tekirda\u011f B\u00fcy\u00fck\u015fehir Belediyesi Meclisi, toplu ula\u015f\u0131m \u00fccretlerine zam yap\u0131lmas\u0131n\u0131 kararla\u015ft\u0131rd\u0131. Temmuz ay\u0131 ola\u011fan meclis toplant\u0131s\u0131nda&#8230;<\/p>\n","protected":false},"author":1,"featured_media":2974,"comment_status":"closed","ping_status":"closed","sticky":false,"template":"","format":"standard","meta":{"footnotes":""},"categories":[56],"tags":[],"ppma_author":[57],"class_list":["post-2973","post","type-post","status-publish","format-standard","has-post-thumbnail","hentry","category-guncel"],"authors":[{"term_id":57,"user_id":1,"is_guest":0,"slug":"admin","display_name":"Alp Aslan","avatar_url":"https:\/\/secure.gravatar.com\/avatar\/07c18c5ad3350b025db8f3328450e071acb435c703e565899c880c63362f137a?s=96&d=mm&r=g","author_category":"1","first_name":"Alp Aslan","last_name":"ER\u0130N","user_url":"http:\/\/www.gundem59.com.tr","job_title":"","description":""}],"_links":{"self":[{"href":"https:\/\/gundem59.com.tr\/index.php?rest_route=\/wp\/v2\/posts\/2973","targetHints":{"allow":["GET"]}}],"collection":[{"href":"https:\/\/gundem59.com.tr\/index.php?rest_route=\/wp\/v2\/posts"}],"about":[{"href":"https:\/\/gundem59.com.tr\/index.php?rest_route=\/wp\/v2\/types\/post"}],"author":[{"embeddable":true,"href":"https:\/\/gundem59.com.tr\/index.php?rest_route=\/wp\/v2\/users\/1"}],"replies":[{"embeddable":true,"href":"https:\/\/gundem59.com.tr\/index.php?rest_route=%2Fwp%2Fv2%2Fcomments&post=2973"}],"version-history":[{"count":1,"href":"https:\/\/gundem59.com.tr\/index.php?rest_route=\/wp\/v2\/posts\/2973\/revisions"}],"predecessor-version":[{"id":2975,"href":"https:\/\/gundem59.com.tr\/index.php?rest_route=\/wp\/v2\/posts\/2973\/revisions\/2975"}],"wp:featuredmedia":[{"embeddable":true,"href":"https:\/\/gundem59.com.tr\/index.php?rest_route=\/wp\/v2\/media\/2974"}],"wp:attachment":[{"href":"https:\/\/gundem59.com.tr\/index.php?rest_route=%2Fwp%2Fv2%2Fmedia&parent=2973"}],"wp:term":[{"taxonomy":"category","embeddable":true,"href":"https:\/\/gundem59.com.tr\/index.php?rest_route=%2Fwp%2Fv2%2Fcategories&post=2973"},{"taxonomy":"post_tag","embeddable":true,"href":"https:\/\/gundem59.com.tr\/index.php?rest_route=%2Fwp%2Fv2%2Ftags&post=2973"},{"taxonomy":"author","embeddable":true,"href":"https:\/\/gundem59.com.tr\/index.php?rest_route=%2Fwp%2Fv2%2Fppma_author&post=2973"}],"curies":[{"name":"wp","href":"https:\/\/api.w.org\/{rel}","templated":true}]}}