{"id":2970,"date":"2026-07-09T20:13:48","date_gmt":"2026-07-09T20:13:48","guid":{"rendered":"https:\/\/gundem59.com.tr\/?p=2970"},"modified":"2026-07-09T20:13:49","modified_gmt":"2026-07-09T20:13:49","slug":"nkude-15-temmuz-konferansi-duzenlenecek","status":"publish","type":"post","link":"https:\/\/gundem59.com.tr\/?p=2970","title":{"rendered":"NK\u00dc&#8217;de 15 Temmuz Konferans\u0131 D\u00fczenlenecek"},"content":{"rendered":"\n<p class=\"wp-block-paragraph\"><strong>Tekirda\u011f Nam\u0131k Kemal \u00dcniversitesi Hukuk Fak\u00fcltesi taraf\u0131ndan, 15 Temmuz \u015eehitleri Anma, Demokrasi ve Milli Birlik G\u00fcn\u00fc kapsam\u0131nda &#8220;Devletin Tek Rehberi Hukuk, Memurun Tek Sadakati Devlet: 15 Temmuz Dersi&#8221; ba\u015fl\u0131kl\u0131 konferans d\u00fczenlenecek.<\/strong><\/p>\n\n\n\n<p class=\"wp-block-paragraph\">Tekirda\u011f Nam\u0131k Kemal \u00dcniversitesi (NK\u00dc) Hukuk Fak\u00fcltesi Dekanl\u0131\u011f\u0131 taraf\u0131ndan organize edilen konferans, <strong>16 Temmuz 2026 Per\u015fembe g\u00fcn\u00fc saat 14.00&#8217;te<\/strong> Hukuk Fak\u00fcltesi Kurgusal Mahkeme Salonu&#8217;nda ger\u00e7ekle\u015ftirilecek.<\/p>\n\n\n\n<h2 class=\"wp-block-heading\">15 Temmuz Hukuk Perspektifiyle Ele Al\u0131nacak<\/h2>\n\n\n\n<p class=\"wp-block-paragraph\">Konferansta, <strong>Hukuk Fak\u00fcltesi Dekan Yard\u0131mc\u0131s\u0131<\/strong>, ayn\u0131 zamanda <strong>Hukuk Felsefesi ve Sosyolojisi Anabilim Dal\u0131 Ba\u015fkan\u0131 Do\u00e7. Dr. Bur\u00e7in Aydo\u011fdu<\/strong> konu\u015fmac\u0131 olarak yer alacak.<\/p>\n\n\n\n<p class=\"wp-block-paragraph\">Etkinlikte, <strong>15 Temmuz darbe giri\u015fimi<\/strong>, hukuk devleti ilkesi, kamu y\u00f6netimi, devlet-memur ili\u015fkisi ve kamu g\u00f6revlilerinin hukuki sorumluluklar\u0131 \u00e7er\u00e7evesinde akademik a\u00e7\u0131dan de\u011ferlendirilecek.<\/p>\n\n\n\n<h2 class=\"wp-block-heading\">Hukuk Devleti ve Kamu G\u00f6revlilerinin Sorumlulu\u011fu Anlat\u0131lacak<\/h2>\n\n\n\n<p class=\"wp-block-paragraph\">Konferansta, hukuk devletinin temel ilkeleri, kamu g\u00f6revlilerinin devlete ba\u011fl\u0131l\u0131\u011f\u0131, anayasal d\u00fczenin korunmas\u0131n\u0131n \u00f6nemi ve 15 Temmuz&#8217;un kamu y\u00f6netimine yans\u0131malar\u0131 ele al\u0131nacak.<\/p>\n\n\n\n<p class=\"wp-block-paragraph\">\u00dcniversite yetkilileri, etkinli\u011fin \u00f6\u011frenciler, akademisyenler ve konuya ilgi duyan kat\u0131l\u0131mc\u0131lara a\u00e7\u0131k olarak ger\u00e7ekle\u015ftirilece\u011fini belirtti.<\/p>\n\n\n\n<p class=\"wp-block-paragraph\">15 Temmuz \u015eehitleri Anma, Demokrasi ve Milli Birlik G\u00fcn\u00fc kapsam\u0131nda d\u00fczenlenecek konferans\u0131n, darbe giri\u015fiminin hukuki ve toplumsal boyutlar\u0131n\u0131n de\u011ferlendirilmesine katk\u0131 sa\u011flamas\u0131 ama\u00e7lan\u0131yor.<\/p>\n","protected":false},"excerpt":{"rendered":"<p>Tekirda\u011f Nam\u0131k Kemal \u00dcniversitesi Hukuk Fak\u00fcltesi taraf\u0131ndan, 15 Temmuz \u015eehitleri Anma, Demokrasi ve Milli Birlik&#8230;<\/p>\n","protected":false},"author":1,"featured_media":2971,"comment_status":"closed","ping_status":"closed","sticky":false,"template":"","format":"standard","meta":{"footnotes":""},"categories":[56],"tags":[],"ppma_author":[57],"class_list":["post-2970","post","type-post","status-publish","format-standard","has-post-thumbnail","hentry","category-guncel"],"authors":[{"term_id":57,"user_id":1,"is_guest":0,"slug":"admin","display_name":"Alp Aslan","avatar_url":"https:\/\/secure.gravatar.com\/avatar\/07c18c5ad3350b025db8f3328450e071acb435c703e565899c880c63362f137a?s=96&d=mm&r=g","author_category":"1","first_name":"Alp Aslan","last_name":"ER\u0130N","user_url":"http:\/\/www.gundem59.com.tr","job_title":"","description":""}],"_links":{"self":[{"href":"https:\/\/gundem59.com.tr\/index.php?rest_route=\/wp\/v2\/posts\/2970","targetHints":{"allow":["GET"]}}],"collection":[{"href":"https:\/\/gundem59.com.tr\/index.php?rest_route=\/wp\/v2\/posts"}],"about":[{"href":"https:\/\/gundem59.com.tr\/index.php?rest_route=\/wp\/v2\/types\/post"}],"author":[{"embeddable":true,"href":"https:\/\/gundem59.com.tr\/index.php?rest_route=\/wp\/v2\/users\/1"}],"replies":[{"embeddable":true,"href":"https:\/\/gundem59.com.tr\/index.php?rest_route=%2Fwp%2Fv2%2Fcomments&post=2970"}],"version-history":[{"count":1,"href":"https:\/\/gundem59.com.tr\/index.php?rest_route=\/wp\/v2\/posts\/2970\/revisions"}],"predecessor-version":[{"id":2972,"href":"https:\/\/gundem59.com.tr\/index.php?rest_route=\/wp\/v2\/posts\/2970\/revisions\/2972"}],"wp:featuredmedia":[{"embeddable":true,"href":"https:\/\/gundem59.com.tr\/index.php?rest_route=\/wp\/v2\/media\/2971"}],"wp:attachment":[{"href":"https:\/\/gundem59.com.tr\/index.php?rest_route=%2Fwp%2Fv2%2Fmedia&parent=2970"}],"wp:term":[{"taxonomy":"category","embeddable":true,"href":"https:\/\/gundem59.com.tr\/index.php?rest_route=%2Fwp%2Fv2%2Fcategories&post=2970"},{"taxonomy":"post_tag","embeddable":true,"href":"https:\/\/gundem59.com.tr\/index.php?rest_route=%2Fwp%2Fv2%2Ftags&post=2970"},{"taxonomy":"author","embeddable":true,"href":"https:\/\/gundem59.com.tr\/index.php?rest_route=%2Fwp%2Fv2%2Fppma_author&post=2970"}],"curies":[{"name":"wp","href":"https:\/\/api.w.org\/{rel}","templated":true}]}}