{"id":2967,"date":"2026-07-09T20:08:19","date_gmt":"2026-07-09T20:08:19","guid":{"rendered":"https:\/\/gundem59.com.tr\/?p=2967"},"modified":"2026-07-09T20:08:20","modified_gmt":"2026-07-09T20:08:20","slug":"kapaklidaki-cinayette-3-supheli-tutuklandi","status":"publish","type":"post","link":"https:\/\/gundem59.com.tr\/?p=2967","title":{"rendered":"Kapakl\u0131&#8217;daki Cinayette 3 \u015e\u00fcpheli Tutukland\u0131"},"content":{"rendered":"\n<p class=\"wp-block-paragraph\"><strong>Tekirda\u011f&#8217;\u0131n Kapakl\u0131 il\u00e7esinde bir i\u015f yerinde \u00f6l\u00fc bulunan 51 ya\u015f\u0131ndaki \u00d6.U.&#8217;nun \u00f6ld\u00fcr\u00fclmesine ili\u015fkin g\u00f6zalt\u0131na al\u0131nan 3 \u015f\u00fcpheli, \u00e7\u0131kar\u0131ld\u0131klar\u0131 mahkemece tutuklanarak cezaevine g\u00f6nderildi.<\/strong><\/p>\n\n\n\n<p class=\"wp-block-paragraph\">Kapakl\u0131 il\u00e7esinde meydana gelen cinayet olay\u0131yla ilgili y\u00fcr\u00fct\u00fclen soru\u015fturma kapsam\u0131nda g\u00f6zalt\u0131na al\u0131nan \u00fc\u00e7 \u015f\u00fcpheli, emniyetteki i\u015flemlerinin tamamlanmas\u0131n\u0131n ard\u0131ndan adliyeye sevk edildi.<\/p>\n\n\n\n<h2 class=\"wp-block-heading\">\u0130\u015f Yerinde Hareketsiz Halde Bulundu<\/h2>\n\n\n\n<p class=\"wp-block-paragraph\">Olay, Kapakl\u0131 il\u00e7esi <strong>Muhtar \u00c7etin Dilsiz Sokak<\/strong> \u00fczerinde bulunan bir i\u015f yerinde meydana geldi.<\/p>\n\n\n\n<p class=\"wp-block-paragraph\">\u0130\u015f yerinde yerde hareketsiz yatan bir ki\u015fiyi g\u00f6renlerin ihbar\u0131 \u00fczerine olay yerine polis ve sa\u011fl\u0131k ekipleri sevk edildi.<\/p>\n\n\n\n<p class=\"wp-block-paragraph\">Sa\u011fl\u0131k ekiplerinin yapt\u0131\u011f\u0131 kontrolde, \u015fahs\u0131n ya\u015fam\u0131n\u0131 yitirdi\u011fi belirlendi. Yap\u0131lan kimlik tespit \u00e7al\u0131\u015fmalar\u0131nda hayat\u0131n\u0131 kaybeden ki\u015finin <strong>51 ya\u015f\u0131ndaki \u00d6.U.<\/strong> oldu\u011fu tespit edildi.<\/p>\n\n\n\n<h2 class=\"wp-block-heading\">G\u00fcvenlik Kameralar\u0131 Cinayeti Ayd\u0131nlatt\u0131<\/h2>\n\n\n\n<p class=\"wp-block-paragraph\">Olay\u0131n ard\u0131ndan geni\u015f \u00e7apl\u0131 soru\u015fturma ba\u015flatan Kapakl\u0131 \u0130l\u00e7e Emniyet M\u00fcd\u00fcrl\u00fc\u011f\u00fc ekipleri, b\u00f6lgedeki g\u00fcvenlik kameras\u0131 g\u00f6r\u00fcnt\u00fclerini ve elde edilen delilleri detayl\u0131 \u015fekilde inceledi.<\/p>\n\n\n\n<p class=\"wp-block-paragraph\">Yap\u0131lan \u00e7al\u0131\u015fmalar sonucunda cinayetin \u015f\u00fcphelisinin <strong>M.D. (43)<\/strong> oldu\u011fu belirlendi. Polis ekipleri, M.D.&#8217;nin olay yerine bir ara\u00e7la geldi\u011fini, ara\u00e7ta ayr\u0131ca <strong>M.K.D. (24)<\/strong> ile <strong>G.K. (34)<\/strong> isimli ki\u015filerin de bulundu\u011funu tespit etti.<\/p>\n\n\n\n<p class=\"wp-block-paragraph\">\u0130ncelemelerde, \u00fc\u00e7 \u015f\u00fcphelinin olay\u0131n ard\u0131ndan ayn\u0131 ara\u00e7la b\u00f6lgeden ayr\u0131ld\u0131\u011f\u0131 belirlendi.<\/p>\n\n\n\n<h2 class=\"wp-block-heading\">Operasyonla Yakaland\u0131lar<\/h2>\n\n\n\n<p class=\"wp-block-paragraph\">\u015e\u00fcphelilerin ka\u00e7\u0131\u015f g\u00fczerg\u00e2h\u0131n\u0131 belirleyen polis ekipleri, d\u00fczenledikleri operasyonla M.D., M.K.D. ve G.K.&#8217;yi yakalayarak g\u00f6zalt\u0131na ald\u0131.<\/p>\n\n\n\n<h2 class=\"wp-block-heading\">\u00dc\u00e7\u00fc de Tutukland\u0131<\/h2>\n\n\n\n<p class=\"wp-block-paragraph\">Emniyetteki i\u015flemlerinin ard\u0131ndan <strong>\u00c7erkezk\u00f6y Adliyesi&#8217;ne<\/strong> sevk edilen \u00fc\u00e7 \u015f\u00fcpheli, \u00e7\u0131kar\u0131ld\u0131klar\u0131 n\u00f6bet\u00e7i hakimlik taraf\u0131ndan tutuklanarak cezaevine g\u00f6nderildi.<\/p>\n\n\n\n<p class=\"wp-block-paragraph\">Kapakl\u0131 Cumhuriyet Ba\u015fsavc\u0131l\u0131\u011f\u0131 koordinesinde y\u00fcr\u00fct\u00fclen cinayet soru\u015fturmas\u0131n\u0131n devam etti\u011fi \u00f6\u011frenildi.<\/p>\n","protected":false},"excerpt":{"rendered":"<p>Tekirda\u011f&#8217;\u0131n Kapakl\u0131 il\u00e7esinde bir i\u015f yerinde \u00f6l\u00fc bulunan 51 ya\u015f\u0131ndaki \u00d6.U.&#8217;nun \u00f6ld\u00fcr\u00fclmesine ili\u015fkin g\u00f6zalt\u0131na al\u0131nan&#8230;<\/p>\n","protected":false},"author":1,"featured_media":2968,"comment_status":"closed","ping_status":"closed","sticky":false,"template":"","format":"standard","meta":{"footnotes":""},"categories":[7],"tags":[],"ppma_author":[57],"class_list":["post-2967","post","type-post","status-publish","format-standard","has-post-thumbnail","hentry","category-kapakli"],"authors":[{"term_id":57,"user_id":1,"is_guest":0,"slug":"admin","display_name":"Alp Aslan","avatar_url":"https:\/\/secure.gravatar.com\/avatar\/07c18c5ad3350b025db8f3328450e071acb435c703e565899c880c63362f137a?s=96&d=mm&r=g","author_category":"1","first_name":"Alp Aslan","last_name":"ER\u0130N","user_url":"http:\/\/www.gundem59.com.tr","job_title":"","description":""}],"_links":{"self":[{"href":"https:\/\/gundem59.com.tr\/index.php?rest_route=\/wp\/v2\/posts\/2967","targetHints":{"allow":["GET"]}}],"collection":[{"href":"https:\/\/gundem59.com.tr\/index.php?rest_route=\/wp\/v2\/posts"}],"about":[{"href":"https:\/\/gundem59.com.tr\/index.php?rest_route=\/wp\/v2\/types\/post"}],"author":[{"embeddable":true,"href":"https:\/\/gundem59.com.tr\/index.php?rest_route=\/wp\/v2\/users\/1"}],"replies":[{"embeddable":true,"href":"https:\/\/gundem59.com.tr\/index.php?rest_route=%2Fwp%2Fv2%2Fcomments&post=2967"}],"version-history":[{"count":1,"href":"https:\/\/gundem59.com.tr\/index.php?rest_route=\/wp\/v2\/posts\/2967\/revisions"}],"predecessor-version":[{"id":2969,"href":"https:\/\/gundem59.com.tr\/index.php?rest_route=\/wp\/v2\/posts\/2967\/revisions\/2969"}],"wp:featuredmedia":[{"embeddable":true,"href":"https:\/\/gundem59.com.tr\/index.php?rest_route=\/wp\/v2\/media\/2968"}],"wp:attachment":[{"href":"https:\/\/gundem59.com.tr\/index.php?rest_route=%2Fwp%2Fv2%2Fmedia&parent=2967"}],"wp:term":[{"taxonomy":"category","embeddable":true,"href":"https:\/\/gundem59.com.tr\/index.php?rest_route=%2Fwp%2Fv2%2Fcategories&post=2967"},{"taxonomy":"post_tag","embeddable":true,"href":"https:\/\/gundem59.com.tr\/index.php?rest_route=%2Fwp%2Fv2%2Ftags&post=2967"},{"taxonomy":"author","embeddable":true,"href":"https:\/\/gundem59.com.tr\/index.php?rest_route=%2Fwp%2Fv2%2Fppma_author&post=2967"}],"curies":[{"name":"wp","href":"https:\/\/api.w.org\/{rel}","templated":true}]}}