{"id":2963,"date":"2026-07-09T19:59:30","date_gmt":"2026-07-09T19:59:30","guid":{"rendered":"https:\/\/gundem59.com.tr\/?p=2963"},"modified":"2026-07-09T19:59:31","modified_gmt":"2026-07-09T19:59:31","slug":"tekirdagda-beyaz-esya-sektoru-masaya-yatirildi-hedef-yerli-uretimi-ve-istihdami-artirmak","status":"publish","type":"post","link":"https:\/\/gundem59.com.tr\/?p=2963","title":{"rendered":"Tekirda\u011f&#8217;da Beyaz E\u015fya Sekt\u00f6r\u00fc Masaya Yat\u0131r\u0131ld\u0131: Hedef Yerli \u00dcretimi ve \u0130stihdam\u0131 Art\u0131rmak"},"content":{"rendered":"\n<p class=\"wp-block-paragraph\"><strong>Tekirda\u011f&#8217;da beyaz e\u015fya sekt\u00f6r\u00fcnde ithal edilen \u00fcr\u00fcnlerin yerlile\u015ftirilmesine y\u00f6nelik \u00f6nemli bir toplant\u0131 ger\u00e7ekle\u015ftirildi. \u00c7erkezk\u00f6y Organize Sanayi B\u00f6lgesi&#8217;nde d\u00fczenlenen toplant\u0131da, yerli tedarik zincirinin g\u00fc\u00e7lendirilmesi, yan sanayinin desteklenmesi ve istihdam\u0131n art\u0131r\u0131lmas\u0131 konular\u0131 ele al\u0131nd\u0131.<\/strong><\/p>\n\n\n\n<p class=\"wp-block-paragraph\">Tekirda\u011f, T\u00fcrkiye&#8217;nin beyaz e\u015fya \u00fcretiminde \u00f6nemli merkezlerinden biri olmay\u0131 s\u00fcrd\u00fcr\u00fcrken, sekt\u00f6rde kullan\u0131lan \u00fcr\u00fcnlerin daha b\u00fcy\u00fck b\u00f6l\u00fcm\u00fcn\u00fcn yerli \u00fcreticilerden kar\u015f\u0131lanmas\u0131na y\u00f6nelik \u00e7al\u0131\u015fmalar h\u0131z kazan\u0131yor.<\/p>\n\n\n\n<p class=\"wp-block-paragraph\">Bu kapsamda, <strong>\u00c7erkezk\u00f6y Organize Sanayi B\u00f6lgesi&#8217;nde (\u00c7OSB)<\/strong> d\u00fczenlenen Beyaz E\u015fya Sekt\u00f6r Toplant\u0131s\u0131&#8217;nda, sekt\u00f6r\u00fcn mevcut durumu ve yerlile\u015fme hedefleri de\u011ferlendirildi.<\/p>\n\n\n\n<h2 class=\"wp-block-heading\">\u0130thal \u00dcr\u00fcnlerin Yerli \u00dcretimi Hedefleniyor<\/h2>\n\n\n\n<p class=\"wp-block-paragraph\">Toplant\u0131da yap\u0131lan de\u011ferlendirmelerde, beyaz e\u015fya sekt\u00f6r\u00fcn\u00fcn \u00fcretimde kulland\u0131\u011f\u0131 \u00fcr\u00fcnlerin yakla\u015f\u0131k <strong>y\u00fczde 60&#8217;\u0131n\u0131n yerli \u00fcreticilerden<\/strong>, <strong>y\u00fczde 40&#8217;\u0131n\u0131n ise yurt d\u0131\u015f\u0131ndan ithal edildi\u011fi<\/strong> belirtildi.<\/p>\n\n\n\n<p class=\"wp-block-paragraph\">Tekirda\u011f&#8217;da plastik, kau\u00e7uk, elektrikli te\u00e7hizat, ana metal, elektronik ve optik gibi bir\u00e7ok alanda faaliyet g\u00f6steren g\u00fc\u00e7l\u00fc yan sanayi firmalar\u0131n\u0131n bulundu\u011funa dikkat \u00e7ekilerek, ithal edilen \u00fcr\u00fcnlerin \u00f6nemli bir b\u00f6l\u00fcm\u00fcn\u00fcn ilde \u00fcretilebilecek kapasiteye sahip oldu\u011fu ifade edildi.<\/p>\n\n\n\n<h2 class=\"wp-block-heading\">Yerli Tedarik Zinciri G\u00fc\u00e7lendirilecek<\/h2>\n\n\n\n<p class=\"wp-block-paragraph\">Toplant\u0131da, beyaz e\u015fya sekt\u00f6r\u00fcn\u00fcn \u00f6nc\u00fc firmalar\u0131 ile yan sanayi kurulu\u015flar\u0131 aras\u0131nda i\u015f birli\u011finin art\u0131r\u0131lmas\u0131 ve ithal edilen \u00fcr\u00fcnlerin yerli \u00fcretimle kar\u015f\u0131lanmas\u0131na y\u00f6nelik at\u0131labilecek ad\u0131mlar g\u00f6r\u00fc\u015f\u00fcld\u00fc.<\/p>\n\n\n\n<p class=\"wp-block-paragraph\">\u00d6zellikle <strong>BSH<\/strong> ve <strong>Ar\u00e7elik<\/strong> gibi ana \u00fcretici firmalar\u0131n, \u00fcretim yapabilecek potansiyele sahip yerli yan sanayi i\u015fletmelerinden daha fazla \u00fcr\u00fcn tedarik etmesinin sa\u011flayaca\u011f\u0131 avantajlar de\u011ferlendirildi.<\/p>\n\n\n\n<p class=\"wp-block-paragraph\">Yerlile\u015fmenin art\u0131r\u0131lmas\u0131yla birlikte yeni i\u015f imkanlar\u0131n\u0131n olu\u015fmas\u0131, istihdam\u0131n artmas\u0131, cari a\u00e7\u0131\u011f\u0131n azalt\u0131lmas\u0131na katk\u0131 sa\u011flanmas\u0131 ve ana \u00fcreticilerin lojistik ile \u00fcretim maliyetlerinde \u00f6nemli avantaj elde etmesi hedefleniyor.<\/p>\n\n\n\n<h2 class=\"wp-block-heading\">Geni\u015f Kat\u0131l\u0131mla Ger\u00e7ekle\u015ftirildi<\/h2>\n\n\n\n<p class=\"wp-block-paragraph\">Toplant\u0131ya Tekirda\u011f Valisi <strong>Recep Soyt\u00fcrk<\/strong>, Kapakl\u0131 Kaymakam\u0131 <strong>Mustafa G\u00fcrdal<\/strong>, Sanayi ve Teknoloji \u0130l M\u00fcd\u00fcr\u00fc <strong>Fahrettin Ak\u00e7al<\/strong>, \u00c7erkezk\u00f6y Organize Sanayi B\u00f6lgesi Y\u00f6netim Kurulu Ba\u015fkan\u0131 <strong>Ey\u00fcp S\u00f6zdinler<\/strong>, \u00c7erkezk\u00f6y Ticaret ve Sanayi Odas\u0131 Ba\u015fkan\u0131 <strong>Ahmet \u00c7etin<\/strong>, \u00c7orlu Ticaret ve Sanayi Odas\u0131 Ba\u015fkan\u0131 <strong>Erdim Noyan<\/strong> ile beyaz e\u015fya sekt\u00f6r\u00fcn\u00fcn ana \u00fcretici firmalar\u0131 ve yan sanayi temsilcileri kat\u0131ld\u0131.<\/p>\n\n\n\n<p class=\"wp-block-paragraph\">Toplant\u0131da, Tekirda\u011f&#8217;\u0131n sanayi g\u00fcc\u00fcn\u00fcn daha da art\u0131r\u0131lmas\u0131 ve beyaz e\u015fya sekt\u00f6r\u00fcnde yerli \u00fcretim oran\u0131n\u0131n y\u00fckseltilmesine y\u00f6nelik ortak \u00e7al\u0131\u015fma ve i\u015f birli\u011fi imkanlar\u0131 de\u011ferlendirildi.<\/p>\n","protected":false},"excerpt":{"rendered":"<p>Tekirda\u011f&#8217;da beyaz e\u015fya sekt\u00f6r\u00fcnde ithal edilen \u00fcr\u00fcnlerin yerlile\u015ftirilmesine y\u00f6nelik \u00f6nemli bir toplant\u0131 ger\u00e7ekle\u015ftirildi. \u00c7erkezk\u00f6y Organize&#8230;<\/p>\n","protected":false},"author":1,"featured_media":2964,"comment_status":"closed","ping_status":"closed","sticky":false,"template":"","format":"standard","meta":{"footnotes":""},"categories":[56],"tags":[],"ppma_author":[57],"class_list":["post-2963","post","type-post","status-publish","format-standard","has-post-thumbnail","hentry","category-guncel"],"authors":[{"term_id":57,"user_id":1,"is_guest":0,"slug":"admin","display_name":"Alp Aslan","avatar_url":"https:\/\/secure.gravatar.com\/avatar\/07c18c5ad3350b025db8f3328450e071acb435c703e565899c880c63362f137a?s=96&d=mm&r=g","author_category":"1","first_name":"Alp Aslan","last_name":"ER\u0130N","user_url":"http:\/\/www.gundem59.com.tr","job_title":"","description":""}],"_links":{"self":[{"href":"https:\/\/gundem59.com.tr\/index.php?rest_route=\/wp\/v2\/posts\/2963","targetHints":{"allow":["GET"]}}],"collection":[{"href":"https:\/\/gundem59.com.tr\/index.php?rest_route=\/wp\/v2\/posts"}],"about":[{"href":"https:\/\/gundem59.com.tr\/index.php?rest_route=\/wp\/v2\/types\/post"}],"author":[{"embeddable":true,"href":"https:\/\/gundem59.com.tr\/index.php?rest_route=\/wp\/v2\/users\/1"}],"replies":[{"embeddable":true,"href":"https:\/\/gundem59.com.tr\/index.php?rest_route=%2Fwp%2Fv2%2Fcomments&post=2963"}],"version-history":[{"count":1,"href":"https:\/\/gundem59.com.tr\/index.php?rest_route=\/wp\/v2\/posts\/2963\/revisions"}],"predecessor-version":[{"id":2965,"href":"https:\/\/gundem59.com.tr\/index.php?rest_route=\/wp\/v2\/posts\/2963\/revisions\/2965"}],"wp:featuredmedia":[{"embeddable":true,"href":"https:\/\/gundem59.com.tr\/index.php?rest_route=\/wp\/v2\/media\/2964"}],"wp:attachment":[{"href":"https:\/\/gundem59.com.tr\/index.php?rest_route=%2Fwp%2Fv2%2Fmedia&parent=2963"}],"wp:term":[{"taxonomy":"category","embeddable":true,"href":"https:\/\/gundem59.com.tr\/index.php?rest_route=%2Fwp%2Fv2%2Fcategories&post=2963"},{"taxonomy":"post_tag","embeddable":true,"href":"https:\/\/gundem59.com.tr\/index.php?rest_route=%2Fwp%2Fv2%2Ftags&post=2963"},{"taxonomy":"author","embeddable":true,"href":"https:\/\/gundem59.com.tr\/index.php?rest_route=%2Fwp%2Fv2%2Fppma_author&post=2963"}],"curies":[{"name":"wp","href":"https:\/\/api.w.org\/{rel}","templated":true}]}}