{"id":2960,"date":"2026-07-09T19:57:25","date_gmt":"2026-07-09T19:57:25","guid":{"rendered":"https:\/\/gundem59.com.tr\/?p=2960"},"modified":"2026-07-09T19:57:25","modified_gmt":"2026-07-09T19:57:25","slug":"corlulu-talya-bormali-dunya-matematik-olimpiyatinda-bronz-madalya-kazandi","status":"publish","type":"post","link":"https:\/\/gundem59.com.tr\/?p=2960","title":{"rendered":"\u00c7orlulu Talya Bormal\u0131, D\u00fcnya Matematik Olimpiyat\u0131&#8217;nda Bronz Madalya Kazand\u0131"},"content":{"rendered":"\n<p class=\"wp-block-paragraph\">Tekirda\u011f&#8217;\u0131n \u00c7orlu il\u00e7esinde e\u011fitim g\u00f6ren ilkokul 4. s\u0131n\u0131f \u00f6\u011frencisi Talya Bormal\u0131, Azerbaycan&#8217;\u0131n ba\u015fkenti Bak\u00fc&#8217;de d\u00fczenlenen T\u00fcrk D\u00fcnyas\u0131 Matematik Olimpiyat\u0131 (TIMO) 2026 D\u00fcnya Finali&#8217;nde bronz madalya kazanarak T\u00fcrkiye&#8217;ye gurur ya\u015fatt\u0131.<br>T\u00fcrkiye&#8217;yi Bak\u00fc&#8217;de Temsil Etti<br>\u00c7orlu Bah\u00e7e\u015fehir Koleji 4. s\u0131n\u0131f \u00f6\u011frencisi Talya Bormal\u0131, 2-6 Temmuz 2026 tarihleri aras\u0131nda Azerbaycan&#8217;\u0131n ba\u015fkenti Bak\u00fc&#8217;de ger\u00e7ekle\u015ftirilen T\u00fcrk D\u00fcnyas\u0131 Matematik Olimpiyat\u0131 (TIMO) 2026 D\u00fcnya Finali&#8217;nde T\u00fcrkiye ad\u0131na yar\u0131\u015ft\u0131.<br>D\u00fcnyan\u0131n farkl\u0131 \u00fclkelerinden ba\u015far\u0131l\u0131 \u00f6\u011frencilerin kat\u0131ld\u0131\u011f\u0131 organizasyonda, 13 \u00fclkeden matematik alan\u0131nda dereceye giren \u00f6\u011frenciler k\u0131yas\u0131ya m\u00fccadele etti.<br>Ba\u015far\u0131s\u0131yla Bronz Madalyaya Uzand\u0131<br>Matematiksel muhakeme, analitik d\u00fc\u015f\u00fcnme ve problem \u00e7\u00f6zme becerilerinin de\u011ferlendirildi\u011fi olimpiyatta \u00fcst\u00fcn performans sergileyen Talya Bormal\u0131, d\u00fcnya finalini bronz madalya ile tamamlayarak \u00f6nemli bir ba\u015far\u0131ya imza att\u0131.<br>Gen\u00e7 \u00f6\u011frencinin elde etti\u011fi derece, hem ailesi hem de \u00f6\u011fretmenleri taraf\u0131ndan b\u00fcy\u00fck sevin\u00e7le kar\u015f\u0131lan\u0131rken, \u00c7orlu ve Tekirda\u011f&#8217;da da gurur kayna\u011f\u0131 oldu.<br>T\u00fcrkiye&#8217;ye Gurur Ya\u015fatt\u0131<br>Uluslararas\u0131 d\u00fczeyde ger\u00e7ekle\u015ftirilen prestijli organizasyonda bronz madalya kazanan Talya Bormal\u0131&#8217;n\u0131n ba\u015far\u0131s\u0131, T\u00fcrk \u00f6\u011frencilerinin matematik alan\u0131ndaki yetkinli\u011fini bir kez daha g\u00f6zler \u00f6n\u00fcne serdi.<br>Ba\u015far\u0131l\u0131 \u00f6\u011frencinin \u00f6n\u00fcm\u00fczdeki y\u0131llarda ulusal ve uluslararas\u0131 akademik yar\u0131\u015fmalarda da T\u00fcrkiye&#8217;yi temsil etmeye devam etmesi bekleniyor.<\/p>\n","protected":false},"excerpt":{"rendered":"<p>Tekirda\u011f&#8217;\u0131n \u00c7orlu il\u00e7esinde e\u011fitim g\u00f6ren ilkokul 4. s\u0131n\u0131f \u00f6\u011frencisi Talya Bormal\u0131, Azerbaycan&#8217;\u0131n ba\u015fkenti Bak\u00fc&#8217;de d\u00fczenlenen&#8230;<\/p>\n","protected":false},"author":1,"featured_media":2961,"comment_status":"closed","ping_status":"closed","sticky":false,"template":"","format":"standard","meta":{"footnotes":""},"categories":[56],"tags":[],"ppma_author":[57],"class_list":["post-2960","post","type-post","status-publish","format-standard","has-post-thumbnail","hentry","category-guncel"],"authors":[{"term_id":57,"user_id":1,"is_guest":0,"slug":"admin","display_name":"Alp Aslan","avatar_url":"https:\/\/secure.gravatar.com\/avatar\/07c18c5ad3350b025db8f3328450e071acb435c703e565899c880c63362f137a?s=96&d=mm&r=g","author_category":"1","first_name":"Alp Aslan","last_name":"ER\u0130N","user_url":"http:\/\/www.gundem59.com.tr","job_title":"","description":""}],"_links":{"self":[{"href":"https:\/\/gundem59.com.tr\/index.php?rest_route=\/wp\/v2\/posts\/2960","targetHints":{"allow":["GET"]}}],"collection":[{"href":"https:\/\/gundem59.com.tr\/index.php?rest_route=\/wp\/v2\/posts"}],"about":[{"href":"https:\/\/gundem59.com.tr\/index.php?rest_route=\/wp\/v2\/types\/post"}],"author":[{"embeddable":true,"href":"https:\/\/gundem59.com.tr\/index.php?rest_route=\/wp\/v2\/users\/1"}],"replies":[{"embeddable":true,"href":"https:\/\/gundem59.com.tr\/index.php?rest_route=%2Fwp%2Fv2%2Fcomments&post=2960"}],"version-history":[{"count":1,"href":"https:\/\/gundem59.com.tr\/index.php?rest_route=\/wp\/v2\/posts\/2960\/revisions"}],"predecessor-version":[{"id":2962,"href":"https:\/\/gundem59.com.tr\/index.php?rest_route=\/wp\/v2\/posts\/2960\/revisions\/2962"}],"wp:featuredmedia":[{"embeddable":true,"href":"https:\/\/gundem59.com.tr\/index.php?rest_route=\/wp\/v2\/media\/2961"}],"wp:attachment":[{"href":"https:\/\/gundem59.com.tr\/index.php?rest_route=%2Fwp%2Fv2%2Fmedia&parent=2960"}],"wp:term":[{"taxonomy":"category","embeddable":true,"href":"https:\/\/gundem59.com.tr\/index.php?rest_route=%2Fwp%2Fv2%2Fcategories&post=2960"},{"taxonomy":"post_tag","embeddable":true,"href":"https:\/\/gundem59.com.tr\/index.php?rest_route=%2Fwp%2Fv2%2Ftags&post=2960"},{"taxonomy":"author","embeddable":true,"href":"https:\/\/gundem59.com.tr\/index.php?rest_route=%2Fwp%2Fv2%2Fppma_author&post=2960"}],"curies":[{"name":"wp","href":"https:\/\/api.w.org\/{rel}","templated":true}]}}