{"id":2957,"date":"2026-07-09T19:53:49","date_gmt":"2026-07-09T19:53:49","guid":{"rendered":"https:\/\/gundem59.com.tr\/?p=2957"},"modified":"2026-07-09T19:53:49","modified_gmt":"2026-07-09T19:53:49","slug":"ergenede-koprulu-kavsak-projesi-icin-kritik-toplanti","status":"publish","type":"post","link":"https:\/\/gundem59.com.tr\/?p=2957","title":{"rendered":"Ergene&#8217;de K\u00f6pr\u00fcl\u00fc Kav\u015fak Projesi \u0130\u00e7in Kritik Toplant\u0131"},"content":{"rendered":"\n<p class=\"wp-block-paragraph\">Tekirda\u011f&#8217;\u0131n Ergene il\u00e7esinde uzun s\u00fcredir g\u00fcndemde olan Velime\u015fe Hemzemin Ge\u00e7idi&#8217;nin k\u00f6pr\u00fcl\u00fc kav\u015fa\u011fa d\u00f6n\u00fc\u015ft\u00fcr\u00fclmesi projesi i\u00e7in de\u011ferlendirme toplant\u0131s\u0131 ger\u00e7ekle\u015ftirildi. Projenin hayata ge\u00e7irilmesiyle birlikte b\u00f6lgedeki ula\u015f\u0131m\u0131n daha g\u00fcvenli ve kesintisiz hale gelmesi hedefleniyor.<\/p>\n\n\n\n<p class=\"wp-block-paragraph\">Tekirda\u011f Valili\u011fi koordinesinde d\u00fczenlenen toplant\u0131da, Ergene il\u00e7esi Velime\u015fe Mahallesi&#8217;nde bulunan ve yaya ile ara\u00e7 trafi\u011fine kapat\u0131lan TCDD hemzemin ge\u00e7idinin yerine yap\u0131lmas\u0131 planlanan k\u00f6pr\u00fcl\u00fc kav\u015fak projesi masaya yat\u0131r\u0131ld\u0131.<\/p>\n\n\n\n<p class=\"wp-block-paragraph\">Karayollar\u0131 Genel M\u00fcd\u00fcrl\u00fc\u011f\u00fc \u00dcstlenecek<\/p>\n\n\n\n<p class=\"wp-block-paragraph\">Tekirda\u011f Valili\u011fi&#8217;nden yap\u0131lan a\u00e7\u0131klamaya g\u00f6re, Ula\u015ft\u0131rma ve Altyap\u0131 Bakan\u0131 Abdulkadir Uralo\u011flu&#8217;nun Tekirda\u011f ziyareti s\u0131ras\u0131nda, hemzemin ge\u00e7idin k\u00f6pr\u00fcl\u00fc kav\u015fakla de\u011fi\u015ftirilmesine y\u00f6nelik projenin yap\u0131m\u0131n\u0131 Karayollar\u0131 Genel M\u00fcd\u00fcrl\u00fc\u011f\u00fc&#8217;n\u00fcn \u00fcstlenmesi kararla\u015ft\u0131r\u0131ld\u0131.<\/p>\n\n\n\n<p class=\"wp-block-paragraph\">Bu karar\u0131n ard\u0131ndan projenin uygulanma s\u00fcrecini de\u011ferlendirmek amac\u0131yla Valilik Toplant\u0131 Salonu&#8217;nda Tekirda\u011f Valisi Recep Soyt\u00fcrk ba\u015fkanl\u0131\u011f\u0131nda kapsaml\u0131 bir toplant\u0131 ger\u00e7ekle\u015ftirildi.<\/p>\n\n\n\n<p class=\"wp-block-paragraph\">S\u00fcre\u00e7 ve Yol Haritas\u0131 De\u011ferlendirildi<\/p>\n\n\n\n<p class=\"wp-block-paragraph\">Toplant\u0131ya Tekirda\u011f B\u00fcy\u00fck\u015fehir Belediyesi Genel Sekreteri Erg\u00fcl Halis\u00e7elik, Ergene Belediye Ba\u015fkan\u0131 M\u00fcge Y\u0131ld\u0131z Topak, Devlet Demiryollar\u0131 1. B\u00f6lge M\u00fcd\u00fcr\u00fc Necmettin Acar, Karayollar\u0131 1. B\u00f6lge M\u00fcd\u00fcr\u00fc \u015eenol Alt\u0131ok ile Ula\u015f\u0131m Dairesi Ba\u015fkan Vekili Mustafa Nazl\u0131g\u00fcl kat\u0131ld\u0131.<\/p>\n\n\n\n<p class=\"wp-block-paragraph\">Toplant\u0131da, mevcut hemzemin ge\u00e7idin yerine yap\u0131lacak k\u00f6pr\u00fcl\u00fc kav\u015fak projesinin teknik s\u00fcreci, kurumlar aras\u0131ndaki koordinasyon ve izlenecek yol haritas\u0131 ayr\u0131nt\u0131l\u0131 \u015fekilde ele al\u0131nd\u0131.<\/p>\n\n\n\n<p class=\"wp-block-paragraph\">Ula\u015f\u0131m Daha G\u00fcvenli Hale Gelecek<\/p>\n\n\n\n<p class=\"wp-block-paragraph\">Hayata ge\u00e7irilmesi planlanan k\u00f6pr\u00fcl\u00fc kav\u015fak projesiyle birlikte, Velime\u015fe Mahallesi&#8217;nde ya\u015fanan ula\u015f\u0131m sorunlar\u0131n\u0131n giderilmesi, ara\u00e7 ve yaya trafi\u011finin daha g\u00fcvenli hale getirilmesi ve b\u00f6lgedeki trafik ak\u0131\u015f\u0131n\u0131n kesintisiz sa\u011flanmas\u0131 ama\u00e7lan\u0131yor.<\/p>\n\n\n\n<p class=\"wp-block-paragraph\">Yetkililer, proje s\u00fcrecinin kurumlar aras\u0131ndaki koordinasyonla s\u00fcrd\u00fcr\u00fclece\u011fini ve \u00e7al\u0131\u015fmalar\u0131n planlanan takvim do\u011frultusunda ilerleyece\u011fini belirtti.<\/p>\n","protected":false},"excerpt":{"rendered":"<p>Tekirda\u011f&#8217;\u0131n Ergene il\u00e7esinde uzun s\u00fcredir g\u00fcndemde olan Velime\u015fe Hemzemin Ge\u00e7idi&#8217;nin k\u00f6pr\u00fcl\u00fc kav\u015fa\u011fa d\u00f6n\u00fc\u015ft\u00fcr\u00fclmesi projesi i\u00e7in&#8230;<\/p>\n","protected":false},"author":1,"featured_media":2958,"comment_status":"closed","ping_status":"closed","sticky":false,"template":"","format":"standard","meta":{"footnotes":""},"categories":[10],"tags":[],"ppma_author":[57],"class_list":["post-2957","post","type-post","status-publish","format-standard","has-post-thumbnail","hentry","category-ergene"],"authors":[{"term_id":57,"user_id":1,"is_guest":0,"slug":"admin","display_name":"Alp Aslan","avatar_url":"https:\/\/secure.gravatar.com\/avatar\/07c18c5ad3350b025db8f3328450e071acb435c703e565899c880c63362f137a?s=96&d=mm&r=g","author_category":"1","first_name":"Alp Aslan","last_name":"ER\u0130N","user_url":"http:\/\/www.gundem59.com.tr","job_title":"","description":""}],"_links":{"self":[{"href":"https:\/\/gundem59.com.tr\/index.php?rest_route=\/wp\/v2\/posts\/2957","targetHints":{"allow":["GET"]}}],"collection":[{"href":"https:\/\/gundem59.com.tr\/index.php?rest_route=\/wp\/v2\/posts"}],"about":[{"href":"https:\/\/gundem59.com.tr\/index.php?rest_route=\/wp\/v2\/types\/post"}],"author":[{"embeddable":true,"href":"https:\/\/gundem59.com.tr\/index.php?rest_route=\/wp\/v2\/users\/1"}],"replies":[{"embeddable":true,"href":"https:\/\/gundem59.com.tr\/index.php?rest_route=%2Fwp%2Fv2%2Fcomments&post=2957"}],"version-history":[{"count":1,"href":"https:\/\/gundem59.com.tr\/index.php?rest_route=\/wp\/v2\/posts\/2957\/revisions"}],"predecessor-version":[{"id":2959,"href":"https:\/\/gundem59.com.tr\/index.php?rest_route=\/wp\/v2\/posts\/2957\/revisions\/2959"}],"wp:featuredmedia":[{"embeddable":true,"href":"https:\/\/gundem59.com.tr\/index.php?rest_route=\/wp\/v2\/media\/2958"}],"wp:attachment":[{"href":"https:\/\/gundem59.com.tr\/index.php?rest_route=%2Fwp%2Fv2%2Fmedia&parent=2957"}],"wp:term":[{"taxonomy":"category","embeddable":true,"href":"https:\/\/gundem59.com.tr\/index.php?rest_route=%2Fwp%2Fv2%2Fcategories&post=2957"},{"taxonomy":"post_tag","embeddable":true,"href":"https:\/\/gundem59.com.tr\/index.php?rest_route=%2Fwp%2Fv2%2Ftags&post=2957"},{"taxonomy":"author","embeddable":true,"href":"https:\/\/gundem59.com.tr\/index.php?rest_route=%2Fwp%2Fv2%2Fppma_author&post=2957"}],"curies":[{"name":"wp","href":"https:\/\/api.w.org\/{rel}","templated":true}]}}