{"id":2954,"date":"2026-07-09T19:50:58","date_gmt":"2026-07-09T19:50:58","guid":{"rendered":"https:\/\/gundem59.com.tr\/?p=2954"},"modified":"2026-07-09T19:50:59","modified_gmt":"2026-07-09T19:50:59","slug":"yesilay-tekirdag-sube-baskanindan-kapakli-kaymakami-mustafa-gurdala-ziyaret","status":"publish","type":"post","link":"https:\/\/gundem59.com.tr\/?p=2954","title":{"rendered":"Ye\u015filay Tekirda\u011f \u015eube Ba\u015fkan\u0131&#8217;ndan Kapakl\u0131 Kaymakam\u0131 Mustafa G\u00fcrdal&#8217;a Ziyaret"},"content":{"rendered":"\n<p class=\"wp-block-paragraph\">Ye\u015filay Tekirda\u011f \u015eube Ba\u015fkan\u0131 Zafer Soyk\u0131rl\u0131, Kapakl\u0131 Kaymakam\u0131 Mustafa G\u00fcrdal&#8217;\u0131 makam\u0131nda ziyaret etti. G\u00f6r\u00fc\u015fmede ba\u011f\u0131ml\u0131l\u0131kla m\u00fccadele, toplum sa\u011fl\u0131\u011f\u0131n\u0131n korunmas\u0131na y\u00f6nelik \u00e7al\u0131\u015fmalar ve kurumlar aras\u0131 i\u015f birli\u011fi konular\u0131 ele al\u0131nd\u0131.<\/p>\n\n\n\n<p class=\"wp-block-paragraph\">Kapakl\u0131 Kaymakaml\u0131\u011f\u0131&#8217;nda ger\u00e7ekle\u015fen ziyarette, Ye\u015filay Tekirda\u011f \u015eube Ba\u015fkan\u0131 Zafer Soyk\u0131rl\u0131 ile Kapakl\u0131 Kaymakam\u0131 Mustafa G\u00fcrdal bir s\u00fcre sohbet ederek y\u00fcr\u00fct\u00fclen \u00e7al\u0131\u015fmalar hakk\u0131nda de\u011ferlendirmelerde bulundu.<\/p>\n\n\n\n<p class=\"wp-block-paragraph\">Ba\u011f\u0131ml\u0131l\u0131kla M\u00fccadele Masaya Yat\u0131r\u0131ld\u0131<\/p>\n\n\n\n<p class=\"wp-block-paragraph\">Ziyarette, Ye\u015filay&#8217;\u0131n ba\u011f\u0131ml\u0131l\u0131kla m\u00fccadele kapsam\u0131nda ger\u00e7ekle\u015ftirdi\u011fi faaliyetler, toplum sa\u011fl\u0131\u011f\u0131n\u0131n korunmas\u0131na y\u00f6nelik projeler ve kamu kurumlar\u0131yla y\u00fcr\u00fct\u00fclebilecek ortak \u00e7al\u0131\u015fmalar hakk\u0131nda g\u00f6r\u00fc\u015f al\u0131\u015fveri\u015finde bulunuldu.<\/p>\n\n\n\n<p class=\"wp-block-paragraph\">Toplant\u0131da, ba\u011f\u0131ml\u0131l\u0131kla m\u00fccadelede fark\u0131ndal\u0131k olu\u015fturulmas\u0131n\u0131n ve kurumlar aras\u0131ndaki koordinasyonun \u00f6nemine dikkat \u00e7ekildi.<\/p>\n\n\n\n<p class=\"wp-block-paragraph\">Ye\u015filay Kapakl\u0131 \u015eube Ba\u015fkan\u0131 da Kat\u0131ld\u0131<\/p>\n\n\n\n<p class=\"wp-block-paragraph\">Ger\u00e7ekle\u015fen ziyarette Ye\u015filay Kapakl\u0131 \u015eube Ba\u015fkan\u0131 \u0130rfan Kartal da haz\u0131r bulundu.<\/p>\n\n\n\n<p class=\"wp-block-paragraph\">Kapakl\u0131 Kaymakam\u0131 Mustafa G\u00fcrdal, nazik ziyaretlerinden dolay\u0131 Ye\u015filay Tekirda\u011f \u015eube Ba\u015fkan\u0131 Zafer Soyk\u0131rl\u0131 ile Ye\u015filay Kapakl\u0131 \u015eube Ba\u015fkan\u0131 \u0130rfan Kartal&#8217;a te\u015fekk\u00fcr ederek, ba\u011f\u0131ml\u0131l\u0131kla m\u00fccadele konusunda y\u00fcr\u00fct\u00fclen \u00e7al\u0131\u015fmalar\u0131 \u00f6nemsediklerini ifade etti.<\/p>\n\n\n\n<p class=\"wp-block-paragraph\">Ziyaret, g\u00fcn\u00fcn an\u0131s\u0131na \u00e7ekilen hat\u0131ra foto\u011fraf\u0131n\u0131n ard\u0131ndan sona erdi.<\/p>\n","protected":false},"excerpt":{"rendered":"<p>Ye\u015filay Tekirda\u011f \u015eube Ba\u015fkan\u0131 Zafer Soyk\u0131rl\u0131, Kapakl\u0131 Kaymakam\u0131 Mustafa G\u00fcrdal&#8217;\u0131 makam\u0131nda ziyaret etti. G\u00f6r\u00fc\u015fmede ba\u011f\u0131ml\u0131l\u0131kla&#8230;<\/p>\n","protected":false},"author":1,"featured_media":2955,"comment_status":"closed","ping_status":"closed","sticky":false,"template":"","format":"standard","meta":{"footnotes":""},"categories":[56],"tags":[],"ppma_author":[57],"class_list":["post-2954","post","type-post","status-publish","format-standard","has-post-thumbnail","hentry","category-guncel"],"authors":[{"term_id":57,"user_id":1,"is_guest":0,"slug":"admin","display_name":"Alp Aslan","avatar_url":"https:\/\/secure.gravatar.com\/avatar\/07c18c5ad3350b025db8f3328450e071acb435c703e565899c880c63362f137a?s=96&d=mm&r=g","author_category":"1","first_name":"Alp Aslan","last_name":"ER\u0130N","user_url":"http:\/\/www.gundem59.com.tr","job_title":"","description":""}],"_links":{"self":[{"href":"https:\/\/gundem59.com.tr\/index.php?rest_route=\/wp\/v2\/posts\/2954","targetHints":{"allow":["GET"]}}],"collection":[{"href":"https:\/\/gundem59.com.tr\/index.php?rest_route=\/wp\/v2\/posts"}],"about":[{"href":"https:\/\/gundem59.com.tr\/index.php?rest_route=\/wp\/v2\/types\/post"}],"author":[{"embeddable":true,"href":"https:\/\/gundem59.com.tr\/index.php?rest_route=\/wp\/v2\/users\/1"}],"replies":[{"embeddable":true,"href":"https:\/\/gundem59.com.tr\/index.php?rest_route=%2Fwp%2Fv2%2Fcomments&post=2954"}],"version-history":[{"count":1,"href":"https:\/\/gundem59.com.tr\/index.php?rest_route=\/wp\/v2\/posts\/2954\/revisions"}],"predecessor-version":[{"id":2956,"href":"https:\/\/gundem59.com.tr\/index.php?rest_route=\/wp\/v2\/posts\/2954\/revisions\/2956"}],"wp:featuredmedia":[{"embeddable":true,"href":"https:\/\/gundem59.com.tr\/index.php?rest_route=\/wp\/v2\/media\/2955"}],"wp:attachment":[{"href":"https:\/\/gundem59.com.tr\/index.php?rest_route=%2Fwp%2Fv2%2Fmedia&parent=2954"}],"wp:term":[{"taxonomy":"category","embeddable":true,"href":"https:\/\/gundem59.com.tr\/index.php?rest_route=%2Fwp%2Fv2%2Fcategories&post=2954"},{"taxonomy":"post_tag","embeddable":true,"href":"https:\/\/gundem59.com.tr\/index.php?rest_route=%2Fwp%2Fv2%2Ftags&post=2954"},{"taxonomy":"author","embeddable":true,"href":"https:\/\/gundem59.com.tr\/index.php?rest_route=%2Fwp%2Fv2%2Fppma_author&post=2954"}],"curies":[{"name":"wp","href":"https:\/\/api.w.org\/{rel}","templated":true}]}}