{"id":2944,"date":"2026-07-09T19:35:09","date_gmt":"2026-07-09T19:35:09","guid":{"rendered":"https:\/\/gundem59.com.tr\/?p=2944"},"modified":"2026-07-09T19:35:10","modified_gmt":"2026-07-09T19:35:10","slug":"tekirdagda-kuvvetli-saganak-etkili-oldu-cadde-ve-sokaklarda-su-birikintileri-olustu","status":"publish","type":"post","link":"https:\/\/gundem59.com.tr\/?p=2944","title":{"rendered":"Tekirda\u011f&#8217;da Kuvvetli Sa\u011fanak Etkili Oldu: Cadde ve Sokaklarda Su Birikintileri Olu\u015ftu"},"content":{"rendered":"\n<p class=\"wp-block-paragraph\">Tekirda\u011f&#8217;da aniden bast\u0131ran kuvvetli sa\u011fanak ya\u011f\u0131\u015f g\u00fcnl\u00fck ya\u015fam\u0131 olumsuz etkiledi. Ya\u011fmura haz\u0131rl\u0131ks\u0131z yakalanan vatanda\u015flar duraklara ve kapal\u0131 alanlara s\u0131\u011f\u0131n\u0131rken, baz\u0131 cadde ve sokaklarda su birikintileri meydana geldi.<\/p>\n\n\n\n<p class=\"wp-block-paragraph\">Tekirda\u011f&#8217;da \u00f6\u011fle saatlerinde aniden ba\u015flayan ya\u011f\u0131\u015f, k\u0131sa s\u00fcrede etkisini art\u0131rarak kuvvetli sa\u011fana\u011fa d\u00f6n\u00fc\u015ft\u00fc. Kent genelinde etkili olan ya\u011f\u0131\u015f nedeniyle vatanda\u015flar zor anlar ya\u015fad\u0131.<\/p>\n\n\n\n<p class=\"wp-block-paragraph\">Vatanda\u015flar Ya\u011fmura Haz\u0131rl\u0131ks\u0131z Yakaland\u0131<\/p>\n\n\n\n<p class=\"wp-block-paragraph\">Ya\u011f\u0131\u015f\u0131n ba\u015flamas\u0131yla birlikte d\u0131\u015far\u0131da bulunan vatanda\u015flardan baz\u0131lar\u0131 \u015femsiyelerle ya\u011fmurdan korunmaya \u00e7al\u0131\u015f\u0131rken, baz\u0131lar\u0131 ise otob\u00fcs duraklar\u0131 ile parklardaki kamelyalara s\u0131\u011f\u0131narak ya\u011f\u0131\u015f\u0131n dinmesini bekledi.<\/p>\n\n\n\n<p class=\"wp-block-paragraph\">Kent merkezinde zaman zaman etkisini art\u0131ran sa\u011fanak, trafikte de k\u0131sa s\u00fcreli aksamalara neden oldu.<\/p>\n\n\n\n<p class=\"wp-block-paragraph\">Cadde ve Sokaklarda Su Birikintileri Olu\u015ftu<\/p>\n\n\n\n<p class=\"wp-block-paragraph\">Kuvvetli ya\u011f\u0131\u015f nedeniyle baz\u0131 cadde ve sokaklarda su birikintileri olu\u015furken, s\u00fcr\u00fcc\u00fcler ilerlemekte g\u00fc\u00e7l\u00fck \u00e7ekti. Yetkililer, ya\u011f\u0131\u015f\u0131n etkili oldu\u011fu b\u00f6lgelerde dikkatli olunmas\u0131 konusunda uyar\u0131larda bulundu.<\/p>\n\n\n\n<p class=\"wp-block-paragraph\">Ya\u011f\u0131\u015f G\u00fcn Boyunca S\u00fcrecek<\/p>\n\n\n\n<p class=\"wp-block-paragraph\">Meteoroloji verilerine g\u00f6re hava s\u0131cakl\u0131\u011f\u0131n\u0131n yakla\u015f\u0131k 20 derece \u00f6l\u00e7\u00fcld\u00fc\u011f\u00fc Tekirda\u011f&#8217;da sa\u011fanak ya\u011f\u0131\u015f\u0131n g\u00fcn boyunca aral\u0131klarla etkisini s\u00fcrd\u00fcrmesi bekleniyor.<\/p>\n\n\n\n<p class=\"wp-block-paragraph\">Yetkililer, ani ya\u011f\u0131\u015flara kar\u015f\u0131 vatanda\u015flar\u0131n dikkatli ve tedbirli olmalar\u0131n\u0131 istedi.<\/p>\n","protected":false},"excerpt":{"rendered":"<p>Tekirda\u011f&#8217;da aniden bast\u0131ran kuvvetli sa\u011fanak ya\u011f\u0131\u015f g\u00fcnl\u00fck ya\u015fam\u0131 olumsuz etkiledi. Ya\u011fmura haz\u0131rl\u0131ks\u0131z yakalanan vatanda\u015flar duraklara&#8230;<\/p>\n","protected":false},"author":1,"featured_media":2945,"comment_status":"closed","ping_status":"closed","sticky":false,"template":"","format":"standard","meta":{"footnotes":""},"categories":[56],"tags":[],"ppma_author":[57],"class_list":["post-2944","post","type-post","status-publish","format-standard","has-post-thumbnail","hentry","category-guncel"],"authors":[{"term_id":57,"user_id":1,"is_guest":0,"slug":"admin","display_name":"Alp Aslan","avatar_url":"https:\/\/secure.gravatar.com\/avatar\/07c18c5ad3350b025db8f3328450e071acb435c703e565899c880c63362f137a?s=96&d=mm&r=g","author_category":"1","first_name":"Alp Aslan","last_name":"ER\u0130N","user_url":"http:\/\/www.gundem59.com.tr","job_title":"","description":""}],"_links":{"self":[{"href":"https:\/\/gundem59.com.tr\/index.php?rest_route=\/wp\/v2\/posts\/2944","targetHints":{"allow":["GET"]}}],"collection":[{"href":"https:\/\/gundem59.com.tr\/index.php?rest_route=\/wp\/v2\/posts"}],"about":[{"href":"https:\/\/gundem59.com.tr\/index.php?rest_route=\/wp\/v2\/types\/post"}],"author":[{"embeddable":true,"href":"https:\/\/gundem59.com.tr\/index.php?rest_route=\/wp\/v2\/users\/1"}],"replies":[{"embeddable":true,"href":"https:\/\/gundem59.com.tr\/index.php?rest_route=%2Fwp%2Fv2%2Fcomments&post=2944"}],"version-history":[{"count":1,"href":"https:\/\/gundem59.com.tr\/index.php?rest_route=\/wp\/v2\/posts\/2944\/revisions"}],"predecessor-version":[{"id":2946,"href":"https:\/\/gundem59.com.tr\/index.php?rest_route=\/wp\/v2\/posts\/2944\/revisions\/2946"}],"wp:featuredmedia":[{"embeddable":true,"href":"https:\/\/gundem59.com.tr\/index.php?rest_route=\/wp\/v2\/media\/2945"}],"wp:attachment":[{"href":"https:\/\/gundem59.com.tr\/index.php?rest_route=%2Fwp%2Fv2%2Fmedia&parent=2944"}],"wp:term":[{"taxonomy":"category","embeddable":true,"href":"https:\/\/gundem59.com.tr\/index.php?rest_route=%2Fwp%2Fv2%2Fcategories&post=2944"},{"taxonomy":"post_tag","embeddable":true,"href":"https:\/\/gundem59.com.tr\/index.php?rest_route=%2Fwp%2Fv2%2Ftags&post=2944"},{"taxonomy":"author","embeddable":true,"href":"https:\/\/gundem59.com.tr\/index.php?rest_route=%2Fwp%2Fv2%2Fppma_author&post=2944"}],"curies":[{"name":"wp","href":"https:\/\/api.w.org\/{rel}","templated":true}]}}