{"id":2941,"date":"2026-07-09T19:30:41","date_gmt":"2026-07-09T19:30:41","guid":{"rendered":"https:\/\/gundem59.com.tr\/?p=2941"},"modified":"2026-07-09T19:30:42","modified_gmt":"2026-07-09T19:30:42","slug":"tbng-tekirdagda-yeni-dogal-gaz-kuyusu-aciyor-hedef-gunluk-200-bin-metrekup-uretim","status":"publish","type":"post","link":"https:\/\/gundem59.com.tr\/?p=2941","title":{"rendered":"TBNG Tekirda\u011f&#8217;da Yeni Do\u011fal Gaz Kuyusu A\u00e7\u0131yor: Hedef G\u00fcnl\u00fck 200 Bin Metrek\u00fcp \u00dcretim"},"content":{"rendered":"\n<p class=\"wp-block-paragraph\">Trakya Havzas\u0131 Do\u011falgaz \u015eirketi (TBNG), Tekirda\u011f&#8217;da yerli do\u011fal gaz \u00fcretimini art\u0131rmak amac\u0131yla yeni sondaj \u00e7al\u0131\u015fmalar\u0131n\u0131 s\u00fcrd\u00fcr\u00fcyor. Karacak\u0131lavuz Mahallesi&#8217;nde a\u00e7\u0131lan yeni kuyuyla birlikte g\u00fcnl\u00fck 200 bin metrek\u00fcpl\u00fck \u00fcretim kapasitesinin korunmas\u0131 ve art\u0131r\u0131lmas\u0131 hedefleniyor.<\/p>\n\n\n\n<p class=\"wp-block-paragraph\">Cumhurba\u015fkanl\u0131\u011f\u0131 Yat\u0131r\u0131m Ofisi&#8217;nin deste\u011fiyle haz\u0131rlanan 2026 sondaj program\u0131 kapsam\u0131nda \u00e7al\u0131\u015fmalar\u0131n\u0131 s\u00fcrd\u00fcren Trakya Havzas\u0131 Do\u011falgaz \u015eirketi (TBNG), Tekirda\u011f&#8217;da yeni do\u011fal gaz kuyular\u0131n\u0131 devreye almak i\u00e7in \u00e7al\u0131\u015fmalar\u0131na h\u0131z verdi.<\/p>\n\n\n\n<p class=\"wp-block-paragraph\">Karacak\u0131lavuz&#8217;da Sondaj \u00c7al\u0131\u015fmalar\u0131 Devam Ediyor<\/p>\n\n\n\n<p class=\"wp-block-paragraph\">TBNG CEO&#8217;su Sinan Furat, Tekirda\u011f&#8217;\u0131n Karacak\u0131lavuz Mahallesi&#8217;nde y\u00fcr\u00fct\u00fclen sondaj \u00e7al\u0131\u015fmalar\u0131n\u0131 yerinde inceleyerek gazetecilere a\u00e7\u0131klamalarda bulundu.<\/p>\n\n\n\n<p class=\"wp-block-paragraph\">2026 y\u0131l\u0131 sondaj program\u0131 kapsam\u0131nda d\u00f6rd\u00fcnc\u00fc sondaj sahas\u0131nda \u00e7al\u0131\u015fmalar\u0131n devam etti\u011fini belirten Furat, yakla\u015f\u0131k 2 bin metre derinli\u011fe inilerek tespit edilen do\u011fal gaz rezervlerinin \u00fcretime kazand\u0131r\u0131lmas\u0131n\u0131n hedeflendi\u011fini s\u00f6yledi.<\/p>\n\n\n\n<p class=\"wp-block-paragraph\">Furat, yerli do\u011fal gaz \u00fcretiminin art\u0131r\u0131lmas\u0131n\u0131n hem enerji arz g\u00fcvenli\u011fi hem de \u00fclke ekonomisi a\u00e7\u0131s\u0131ndan b\u00fcy\u00fck \u00f6nem ta\u015f\u0131d\u0131\u011f\u0131na dikkat \u00e7ekti.<\/p>\n\n\n\n<p class=\"wp-block-paragraph\">&#8220;40 Y\u0131ld\u0131r T\u00fcrkiye&#8217;de Do\u011fal Gaz \u00dcretiyoruz&#8221;<\/p>\n\n\n\n<p class=\"wp-block-paragraph\">\u015eirket olarak yakla\u015f\u0131k 40 y\u0131ld\u0131r T\u00fcrkiye&#8217;de do\u011fal gaz \u00fcretimi ger\u00e7ekle\u015ftirdiklerini ifade eden Sinan Furat, bug\u00fcne kadar 500&#8217;\u00fcn \u00fczerinde kuyuda sondaj \u00e7al\u0131\u015fmas\u0131 yapt\u0131klar\u0131n\u0131 belirtti.<\/p>\n\n\n\n<p class=\"wp-block-paragraph\">Halen 90&#8217;\u0131n \u00fczerinde aktif kuyudan her g\u00fcn do\u011fal gaz \u00fcretimi ger\u00e7ekle\u015ftirildi\u011fini aktaran Furat, \u015firketin g\u00fcnl\u00fck yakla\u015f\u0131k 200 bin metrek\u00fcp do\u011fal gaz \u00fcretti\u011fini s\u00f6yledi.<\/p>\n\n\n\n<p class=\"wp-block-paragraph\">80 Bin Hanenin T\u00fcketimine E\u015fde\u011fer \u00dcretim<\/p>\n\n\n\n<p class=\"wp-block-paragraph\">TBNG&#8217;nin g\u00fcnl\u00fck \u00fcretiminin yakla\u015f\u0131k 80 bin hanenin do\u011fal gaz ihtiyac\u0131n\u0131 kar\u015f\u0131layabilecek seviyede oldu\u011funu belirten Furat, 2026 y\u0131l\u0131 hedeflerinin mevcut \u00fcretimi koruyarak yeni kuyularla daha da art\u0131rmak oldu\u011funu kaydetti.<\/p>\n\n\n\n<p class=\"wp-block-paragraph\">Karadeniz Gaz\u0131 Sekt\u00f6re \u0130vme Kazand\u0131rd\u0131<\/p>\n\n\n\n<p class=\"wp-block-paragraph\">T\u00fcrkiye&#8217;de son y\u0131llarda yerli do\u011fal gaz \u00fcretiminde \u00f6nemli art\u0131\u015f ya\u015fand\u0131\u011f\u0131n\u0131 vurgulayan Furat, \u00f6zellikle Karadeniz&#8217;deki do\u011fal gaz ke\u015fiflerinin sekt\u00f6re b\u00fcy\u00fck katk\u0131 sa\u011flad\u0131\u011f\u0131n\u0131 ifade etti.<\/p>\n\n\n\n<p class=\"wp-block-paragraph\">Karadeniz&#8217;de 2025 y\u0131l\u0131nda do\u011fal gaz \u00fcretiminin 2,5 milyar metrek\u00fcpe ula\u015ft\u0131\u011f\u0131n\u0131 belirten Furat, ayn\u0131 d\u00f6nemde karadaki \u00fcretimin ise 600 milyon metrek\u00fcp olarak ger\u00e7ekle\u015fti\u011fini s\u00f6yledi.<\/p>\n\n\n\n<p class=\"wp-block-paragraph\">Furat, TBNG&#8217;nin tek ba\u015f\u0131na T\u00fcrkiye&#8217;de karada \u00fcretilen do\u011fal gaz\u0131n yakla\u015f\u0131k 90 milyon metrek\u00fcpl\u00fck, yani y\u00fczde 15&#8217;lik b\u00f6l\u00fcm\u00fcn\u00fc ger\u00e7ekle\u015ftirdi\u011fini belirterek, yerli enerji \u00fcretiminin artmas\u0131n\u0131n t\u00fcm sekt\u00f6r i\u00e7in sevindirici bir geli\u015fme oldu\u011funu dile getirdi.<\/p>\n\n\n\n<p class=\"wp-block-paragraph\">Tekirda\u011f&#8217;da s\u00fcrd\u00fcr\u00fclen yeni sondaj \u00e7al\u0131\u015fmalar\u0131n\u0131n tamamlanmas\u0131n\u0131n ard\u0131ndan b\u00f6lgedeki yerli do\u011fal gaz \u00fcretiminin daha da art\u0131r\u0131lmas\u0131 hedefleniyor.<\/p>\n","protected":false},"excerpt":{"rendered":"<p>Trakya Havzas\u0131 Do\u011falgaz \u015eirketi (TBNG), Tekirda\u011f&#8217;da yerli do\u011fal gaz \u00fcretimini art\u0131rmak amac\u0131yla yeni sondaj \u00e7al\u0131\u015fmalar\u0131n\u0131&#8230;<\/p>\n","protected":false},"author":1,"featured_media":2942,"comment_status":"closed","ping_status":"closed","sticky":false,"template":"","format":"standard","meta":{"footnotes":""},"categories":[53],"tags":[],"ppma_author":[57],"class_list":["post-2941","post","type-post","status-publish","format-standard","has-post-thumbnail","hentry","category-ekonomi"],"authors":[{"term_id":57,"user_id":1,"is_guest":0,"slug":"admin","display_name":"Alp Aslan","avatar_url":"https:\/\/secure.gravatar.com\/avatar\/07c18c5ad3350b025db8f3328450e071acb435c703e565899c880c63362f137a?s=96&d=mm&r=g","author_category":"1","first_name":"Alp Aslan","last_name":"ER\u0130N","user_url":"http:\/\/www.gundem59.com.tr","job_title":"","description":""}],"_links":{"self":[{"href":"https:\/\/gundem59.com.tr\/index.php?rest_route=\/wp\/v2\/posts\/2941","targetHints":{"allow":["GET"]}}],"collection":[{"href":"https:\/\/gundem59.com.tr\/index.php?rest_route=\/wp\/v2\/posts"}],"about":[{"href":"https:\/\/gundem59.com.tr\/index.php?rest_route=\/wp\/v2\/types\/post"}],"author":[{"embeddable":true,"href":"https:\/\/gundem59.com.tr\/index.php?rest_route=\/wp\/v2\/users\/1"}],"replies":[{"embeddable":true,"href":"https:\/\/gundem59.com.tr\/index.php?rest_route=%2Fwp%2Fv2%2Fcomments&post=2941"}],"version-history":[{"count":1,"href":"https:\/\/gundem59.com.tr\/index.php?rest_route=\/wp\/v2\/posts\/2941\/revisions"}],"predecessor-version":[{"id":2943,"href":"https:\/\/gundem59.com.tr\/index.php?rest_route=\/wp\/v2\/posts\/2941\/revisions\/2943"}],"wp:featuredmedia":[{"embeddable":true,"href":"https:\/\/gundem59.com.tr\/index.php?rest_route=\/wp\/v2\/media\/2942"}],"wp:attachment":[{"href":"https:\/\/gundem59.com.tr\/index.php?rest_route=%2Fwp%2Fv2%2Fmedia&parent=2941"}],"wp:term":[{"taxonomy":"category","embeddable":true,"href":"https:\/\/gundem59.com.tr\/index.php?rest_route=%2Fwp%2Fv2%2Fcategories&post=2941"},{"taxonomy":"post_tag","embeddable":true,"href":"https:\/\/gundem59.com.tr\/index.php?rest_route=%2Fwp%2Fv2%2Ftags&post=2941"},{"taxonomy":"author","embeddable":true,"href":"https:\/\/gundem59.com.tr\/index.php?rest_route=%2Fwp%2Fv2%2Fppma_author&post=2941"}],"curies":[{"name":"wp","href":"https:\/\/api.w.org\/{rel}","templated":true}]}}