{"id":2936,"date":"2026-07-08T19:45:14","date_gmt":"2026-07-08T19:45:14","guid":{"rendered":"https:\/\/gundem59.com.tr\/?p=2936"},"modified":"2026-07-08T19:45:16","modified_gmt":"2026-07-08T19:45:16","slug":"tekirdagda-planlanan-res-projesi-tartisma-yaratti-vatandas-endiseli-ced-onayi-verildi","status":"publish","type":"post","link":"https:\/\/gundem59.com.tr\/?p=2936","title":{"rendered":"Tekirda\u011f&#8217;da Planlanan RES Projesi Tart\u0131\u015fma Yaratt\u0131: Vatanda\u015f Endi\u015feli, \u00c7ED Onay\u0131 Verildi"},"content":{"rendered":"\n<p class=\"wp-block-paragraph\">Tekirda\u011f&#8217;\u0131n Malkara il\u00e7esinde <strong>Zorlu Enerji<\/strong> taraf\u0131ndan hayata ge\u00e7irilmesi planlanan <strong>R\u00fczg\u00e2r Enerji Santrali (RES) ve Elektrik Depolama Tesisi Projesi<\/strong> i\u00e7in <strong>\u00c7evresel Etki De\u011ferlendirmesi (\u00c7ED) olumlu karar\u0131<\/strong> verildi. Tar\u0131m ve mera alanlar\u0131n\u0131 kapsayan proje, kurulmas\u0131 planlanan 32 r\u00fczg\u00e2r t\u00fcrbini ve kamula\u015ft\u0131rma s\u00fcreci nedeniyle b\u00f6lge halk\u0131n\u0131n tepkisini \u00e7ekti.<\/p>\n\n\n\n<p class=\"wp-block-paragraph\">\u015eirket taraf\u0131ndan yakla\u015f\u0131k <strong>1 milyar 625 milyon TL<\/strong> yat\u0131r\u0131mla hayata ge\u00e7irilmesi planlanan proje kapsam\u0131nda, r\u00fczg\u00e2r enerji santralinin yan\u0131 s\u0131ra <strong>elektrik depolama tesisi<\/strong> de kurulacak. Projenin <strong>G\u00f6nence, \u0130shak\u00e7a, \u00c7avu\u015fk\u00f6y, Kuyucu, K\u00fc\u00e7\u00fckh\u0131d\u0131r ve Ahievren mahallelerini<\/strong> kapsayaca\u011f\u0131, tesisin ise <strong>49 y\u0131l<\/strong> boyunca faaliyet g\u00f6stermesinin planland\u0131\u011f\u0131 belirtildi.<\/p>\n\n\n\n<p class=\"wp-block-paragraph\">Proje kapsam\u0131nda <strong>6446 say\u0131l\u0131 Elektrik Piyasas\u0131 Kanunu&#8217;nun 19. maddesi<\/strong> uyar\u0131nca kamula\u015ft\u0131rma yap\u0131laca\u011f\u0131 ifade edilirken, kamula\u015ft\u0131r\u0131lan ta\u015f\u0131nmazlar\u0131n tapuda Hazine ad\u0131na tescil edilece\u011fi bildirildi. T\u00fcrbin sahalar\u0131na ula\u015f\u0131m sa\u011flanabilmesi amac\u0131yla yeni yollar a\u00e7\u0131lmas\u0131, baz\u0131 mevcut yollar\u0131n ise geni\u015fletilerek kullan\u0131lmas\u0131n\u0131n planland\u0131\u011f\u0131 kaydedildi.<\/p>\n\n\n\n<p class=\"wp-block-paragraph\">Haz\u0131rlanan \u00c7ED dosyas\u0131nda b\u00f6lgede ger\u00e7ekle\u015ftirilen flora \u00e7al\u0131\u015fmalar\u0131 sonucunda <strong>35 familyaya ait 135 bitki taksonunun<\/strong> tespit edildi\u011fi bilgisine de yer verildi.<\/p>\n\n\n\n<h3 class=\"wp-block-heading\"><strong>Vatanda\u015flar: &#8220;Tar\u0131m ve Ar\u0131c\u0131l\u0131k Zarar G\u00f6recek&#8221;<\/strong><\/h3>\n\n\n\n<p class=\"wp-block-paragraph\">Projeye ili\u015fkin <strong>Halk\u0131n Kat\u0131l\u0131m\u0131 Toplant\u0131s\u0131<\/strong>, 31 Ekim 2024 tarihinde k\u00f6y kahvehanesinde ger\u00e7ekle\u015ftirildi. Toplant\u0131ya kat\u0131lan \u00e7ok say\u0131da vatanda\u015f, projenin tar\u0131m, hayvanc\u0131l\u0131k ve ar\u0131c\u0131l\u0131k faaliyetlerini olumsuz etkileyece\u011fini belirterek endi\u015felerini dile getirdi.<\/p>\n\n\n\n<p class=\"wp-block-paragraph\">B\u00f6lge halk\u0131, <strong>&#8220;Burada ar\u0131c\u0131l\u0131k yap\u0131yoruz, bu faaliyetler etkilenecek. Biz burada ya\u015f\u0131yoruz. Sonras\u0131nda tapular\u0131m\u0131za \u015ferh geliyor. \u00c7ift\u00e7inin zaten bir tapusu var. Biz tedirginiz.&#8221;<\/strong> s\u00f6zleriyle kayg\u0131lar\u0131n\u0131 ifade etti.<\/p>\n\n\n\n<p class=\"wp-block-paragraph\">\u015eirket yetkilileri ise kamula\u015ft\u0131rma s\u00fcrecine ili\u015fkin, <strong>&#8220;T\u00fcrbin yerleri kesinle\u015ftikten sonra kamula\u015ft\u0131rma s\u00fcreci ba\u015flar. \u00d6ncelikle sat\u0131n alma yolunu tercih ediyoruz. Kamula\u015ft\u0131rma i\u015flemleri ise EPDK taraf\u0131ndan y\u00fcr\u00fct\u00fcl\u00fcyor.&#8221;<\/strong> a\u00e7\u0131klamas\u0131nda bulundu.<\/p>\n\n\n\n<p class=\"wp-block-paragraph\">Toplant\u0131da s\u00f6z alan eski muhtar <strong>H.T.<\/strong>, b\u00f6lgede daha \u00f6nce a\u00e7\u0131lan ta\u015f ocaklar\u0131n\u0131 hat\u0131rlatarak, <strong>&#8220;Bize verilen s\u00f6zler tutulmad\u0131. Son 10-15 y\u0131lda ya\u015fanan t\u00fcm projelerde olumsuz etkilenen biz olduk.&#8221;<\/strong> dedi.<\/p>\n\n\n\n<p class=\"wp-block-paragraph\">Vatanda\u015flardan <strong>N.E.<\/strong> ise Trakya&#8217;n\u0131n tar\u0131m alanlar\u0131n\u0131n her ge\u00e7en g\u00fcn azald\u0131\u011f\u0131n\u0131 belirterek, <strong>&#8220;Zaten Trakya&#8217;da tar\u0131m alan\u0131 s\u0131n\u0131rl\u0131. Enerji yat\u0131r\u0131mlar\u0131 tar\u0131m alanlar\u0131n\u0131n d\u0131\u015f\u0131na yap\u0131lamaz m\u0131? Bu toplant\u0131lar ger\u00e7ekten dikkate al\u0131nacak m\u0131, yoksa sadece prosed\u00fcr m\u00fc?&#8221;<\/strong> ifadelerini kulland\u0131.<\/p>\n\n\n\n<p class=\"wp-block-paragraph\">M\u00fc\u015favir firma yetkilisi ise r\u00fczg\u00e2r enerjisi yat\u0131r\u0131mlar\u0131n\u0131n b\u00f6lgenin r\u00fczg\u00e2r potansiyeline g\u00f6re planland\u0131\u011f\u0131n\u0131 belirterek, <strong>&#8220;Enerji \u00fcretimi i\u00e7in uygun r\u00fczg\u00e2r alanlar\u0131na ihtiya\u00e7 var. Bu proje daha \u00f6nce K\u0131rklareli&#8217;nde planland\u0131 ancak ger\u00e7ekle\u015ftirilemedi. Haz\u0131rlanan \u00c7ED raporu bilimsel verilere dayanmaktad\u0131r.&#8221;<\/strong> a\u00e7\u0131klamas\u0131n\u0131 yapt\u0131.<\/p>\n\n\n\n<p class=\"wp-block-paragraph\">\u00c7ED olumlu karar\u0131n\u0131n verilmesiyle birlikte projenin uygulama s\u00fcrecine ge\u00e7ilmesi beklenirken, b\u00f6lge halk\u0131 tar\u0131m arazileri, mera alanlar\u0131 ve ar\u0131c\u0131l\u0131k faaliyetleri \u00fczerindeki olas\u0131 etkiler nedeniyle endi\u015felerini s\u00fcrd\u00fcrmeye devam ediyor. Projenin \u00e7evresel, ekonomik ve sosyal etkileri \u00f6n\u00fcm\u00fczdeki d\u00f6nemde de kamuoyunda tart\u0131\u015f\u0131lmaya devam edecek.<\/p>\n","protected":false},"excerpt":{"rendered":"<p>Tekirda\u011f&#8217;\u0131n Malkara il\u00e7esinde Zorlu Enerji taraf\u0131ndan hayata ge\u00e7irilmesi planlanan R\u00fczg\u00e2r Enerji Santrali (RES) ve Elektrik&#8230;<\/p>\n","protected":false},"author":1,"featured_media":2937,"comment_status":"closed","ping_status":"closed","sticky":false,"template":"","format":"standard","meta":{"footnotes":""},"categories":[56],"tags":[],"ppma_author":[57],"class_list":["post-2936","post","type-post","status-publish","format-standard","has-post-thumbnail","hentry","category-guncel"],"authors":[{"term_id":57,"user_id":1,"is_guest":0,"slug":"admin","display_name":"Alp Aslan","avatar_url":"https:\/\/secure.gravatar.com\/avatar\/07c18c5ad3350b025db8f3328450e071acb435c703e565899c880c63362f137a?s=96&d=mm&r=g","author_category":"1","first_name":"Alp Aslan","last_name":"ER\u0130N","user_url":"http:\/\/www.gundem59.com.tr","job_title":"","description":""}],"_links":{"self":[{"href":"https:\/\/gundem59.com.tr\/index.php?rest_route=\/wp\/v2\/posts\/2936","targetHints":{"allow":["GET"]}}],"collection":[{"href":"https:\/\/gundem59.com.tr\/index.php?rest_route=\/wp\/v2\/posts"}],"about":[{"href":"https:\/\/gundem59.com.tr\/index.php?rest_route=\/wp\/v2\/types\/post"}],"author":[{"embeddable":true,"href":"https:\/\/gundem59.com.tr\/index.php?rest_route=\/wp\/v2\/users\/1"}],"replies":[{"embeddable":true,"href":"https:\/\/gundem59.com.tr\/index.php?rest_route=%2Fwp%2Fv2%2Fcomments&post=2936"}],"version-history":[{"count":1,"href":"https:\/\/gundem59.com.tr\/index.php?rest_route=\/wp\/v2\/posts\/2936\/revisions"}],"predecessor-version":[{"id":2938,"href":"https:\/\/gundem59.com.tr\/index.php?rest_route=\/wp\/v2\/posts\/2936\/revisions\/2938"}],"wp:featuredmedia":[{"embeddable":true,"href":"https:\/\/gundem59.com.tr\/index.php?rest_route=\/wp\/v2\/media\/2937"}],"wp:attachment":[{"href":"https:\/\/gundem59.com.tr\/index.php?rest_route=%2Fwp%2Fv2%2Fmedia&parent=2936"}],"wp:term":[{"taxonomy":"category","embeddable":true,"href":"https:\/\/gundem59.com.tr\/index.php?rest_route=%2Fwp%2Fv2%2Fcategories&post=2936"},{"taxonomy":"post_tag","embeddable":true,"href":"https:\/\/gundem59.com.tr\/index.php?rest_route=%2Fwp%2Fv2%2Ftags&post=2936"},{"taxonomy":"author","embeddable":true,"href":"https:\/\/gundem59.com.tr\/index.php?rest_route=%2Fwp%2Fv2%2Fppma_author&post=2936"}],"curies":[{"name":"wp","href":"https:\/\/api.w.org\/{rel}","templated":true}]}}