{"id":2926,"date":"2026-07-08T18:51:33","date_gmt":"2026-07-08T18:51:33","guid":{"rendered":"https:\/\/gundem59.com.tr\/?p=2926"},"modified":"2026-07-08T18:51:35","modified_gmt":"2026-07-08T18:51:35","slug":"hayrabolunun-sariya-burunen-aycicegi-tarlalari-gorsel-solen-sunuyor","status":"publish","type":"post","link":"https:\/\/gundem59.com.tr\/?p=2926","title":{"rendered":"Hayrabolu&#8217;nun Sar\u0131ya B\u00fcr\u00fcnen Ay\u00e7i\u00e7e\u011fi Tarlalar\u0131 G\u00f6rsel \u015e\u00f6len Sunuyor"},"content":{"rendered":"\n<p class=\"wp-block-paragraph\">Tekirda\u011f&#8217;\u0131n Hayrabolu il\u00e7esinde \u00e7i\u00e7ek a\u00e7an ay\u00e7i\u00e7e\u011fi tarlalar\u0131, yaz mevsiminin en etkileyici manzaralar\u0131ndan birini olu\u015fturuyor. Sar\u0131ya b\u00fcr\u00fcnen geni\u015f tar\u0131m arazileri hem \u00fcreticilere bereket umudu verirken hem de foto\u011fraf tutkunlar\u0131 ile do\u011faseverlerin ilgi oda\u011f\u0131 haline geldi.<\/p>\n\n\n\n<p class=\"wp-block-paragraph\">T\u00fcrkiye&#8217;nin ya\u011fl\u0131k ay\u00e7i\u00e7e\u011fi \u00fcretiminde \u00f6nemli merkezlerinden biri olan Hayrabolu&#8217;da bu y\u0131l yakla\u015f\u0131k <strong>306 bin dekar<\/strong> alanda ay\u00e7i\u00e7e\u011fi ekimi ger\u00e7ekle\u015ftirildi. G\u00fcne\u015fe d\u00f6n\u00fck y\u00fczleriyle adeta kartpostallar\u0131 and\u0131ran tarlalar, \u00f6zellikle g\u00fcn do\u011fumu ve g\u00fcn bat\u0131m\u0131nda ortaya \u00e7\u0131kan e\u015fsiz g\u00f6r\u00fcnt\u00fclerle ziyaret\u00e7ilerine g\u00f6rsel \u015f\u00f6len ya\u015fat\u0131yor.<\/p>\n\n\n\n<p class=\"wp-block-paragraph\">B\u00f6lgeye gelen do\u011fa foto\u011fraf\u00e7\u0131lar\u0131 ve vatanda\u015flar, kilometrelerce uzanan ay\u00e7i\u00e7e\u011fi tarlalar\u0131nda bol bol foto\u011fraf \u00e7ekerken, \u00fcreticiler ise bu y\u0131l iklim ko\u015fullar\u0131n\u0131n ay\u00e7i\u00e7e\u011fi geli\u015fimi a\u00e7\u0131s\u0131ndan olduk\u00e7a elveri\u015fli ge\u00e7ti\u011fini belirterek verimli ve bereketli bir hasat sezonu beklediklerini ifade etti.<\/p>\n\n\n\n<p class=\"wp-block-paragraph\">Hem tar\u0131msal \u00fcretime sa\u011flad\u0131\u011f\u0131 ekonomik katk\u0131 hem de olu\u015fturdu\u011fu do\u011fal g\u00fczelli\u011fiyle Hayrabolu&#8217;nun ay\u00e7i\u00e7e\u011fi tarlalar\u0131, yaz aylar\u0131nda Tekirda\u011f&#8217;\u0131n en dikkat \u00e7eken turizm ve foto\u011fraf rotalar\u0131ndan biri olmay\u0131 s\u00fcrd\u00fcr\u00fcyor.<\/p>\n","protected":false},"excerpt":{"rendered":"<p>Tekirda\u011f&#8217;\u0131n Hayrabolu il\u00e7esinde \u00e7i\u00e7ek a\u00e7an ay\u00e7i\u00e7e\u011fi tarlalar\u0131, yaz mevsiminin en etkileyici manzaralar\u0131ndan birini olu\u015fturuyor. Sar\u0131ya&#8230;<\/p>\n","protected":false},"author":1,"featured_media":2927,"comment_status":"closed","ping_status":"closed","sticky":false,"template":"","format":"standard","meta":{"footnotes":""},"categories":[13],"tags":[],"ppma_author":[57],"class_list":["post-2926","post","type-post","status-publish","format-standard","has-post-thumbnail","hentry","category-hayrabolu"],"authors":[{"term_id":57,"user_id":1,"is_guest":0,"slug":"admin","display_name":"Alp Aslan","avatar_url":"https:\/\/secure.gravatar.com\/avatar\/07c18c5ad3350b025db8f3328450e071acb435c703e565899c880c63362f137a?s=96&d=mm&r=g","author_category":"1","first_name":"Alp Aslan","last_name":"ER\u0130N","user_url":"http:\/\/www.gundem59.com.tr","job_title":"","description":""}],"_links":{"self":[{"href":"https:\/\/gundem59.com.tr\/index.php?rest_route=\/wp\/v2\/posts\/2926","targetHints":{"allow":["GET"]}}],"collection":[{"href":"https:\/\/gundem59.com.tr\/index.php?rest_route=\/wp\/v2\/posts"}],"about":[{"href":"https:\/\/gundem59.com.tr\/index.php?rest_route=\/wp\/v2\/types\/post"}],"author":[{"embeddable":true,"href":"https:\/\/gundem59.com.tr\/index.php?rest_route=\/wp\/v2\/users\/1"}],"replies":[{"embeddable":true,"href":"https:\/\/gundem59.com.tr\/index.php?rest_route=%2Fwp%2Fv2%2Fcomments&post=2926"}],"version-history":[{"count":1,"href":"https:\/\/gundem59.com.tr\/index.php?rest_route=\/wp\/v2\/posts\/2926\/revisions"}],"predecessor-version":[{"id":2928,"href":"https:\/\/gundem59.com.tr\/index.php?rest_route=\/wp\/v2\/posts\/2926\/revisions\/2928"}],"wp:featuredmedia":[{"embeddable":true,"href":"https:\/\/gundem59.com.tr\/index.php?rest_route=\/wp\/v2\/media\/2927"}],"wp:attachment":[{"href":"https:\/\/gundem59.com.tr\/index.php?rest_route=%2Fwp%2Fv2%2Fmedia&parent=2926"}],"wp:term":[{"taxonomy":"category","embeddable":true,"href":"https:\/\/gundem59.com.tr\/index.php?rest_route=%2Fwp%2Fv2%2Fcategories&post=2926"},{"taxonomy":"post_tag","embeddable":true,"href":"https:\/\/gundem59.com.tr\/index.php?rest_route=%2Fwp%2Fv2%2Ftags&post=2926"},{"taxonomy":"author","embeddable":true,"href":"https:\/\/gundem59.com.tr\/index.php?rest_route=%2Fwp%2Fv2%2Fppma_author&post=2926"}],"curies":[{"name":"wp","href":"https:\/\/api.w.org\/{rel}","templated":true}]}}