{"id":2922,"date":"2026-07-08T18:48:29","date_gmt":"2026-07-08T18:48:29","guid":{"rendered":"https:\/\/gundem59.com.tr\/?p=2922"},"modified":"2026-07-08T18:48:29","modified_gmt":"2026-07-08T18:48:29","slug":"tekirdagda-17-yasindaki-baran-kavak-son-yolculuguna-ugurlandi-ailesinden-adalet-cagrisi","status":"publish","type":"post","link":"https:\/\/gundem59.com.tr\/?p=2922","title":{"rendered":"Tekirda\u011f&#8217;da 17 Ya\u015f\u0131ndaki Baran Kavak Son Yolculu\u011funa U\u011furland\u0131: Ailesinden Adalet \u00c7a\u011fr\u0131s\u0131"},"content":{"rendered":"\n<p class=\"wp-block-paragraph\">Tekirda\u011f&#8217;\u0131n S\u00fcleymanpa\u015fa il\u00e7esinde \u00e7\u0131kan b\u0131\u00e7akl\u0131 kavgada hayat\u0131n\u0131 kaybeden <strong>17 ya\u015f\u0131ndaki Baran Kavak<\/strong>, g\u00f6zya\u015flar\u0131 aras\u0131nda son yolculu\u011funa u\u011furland\u0131. Cenaze t\u00f6reninin ard\u0131ndan ailesi ve yak\u0131nlar\u0131 kent meydan\u0131nda bir araya gelerek adalet \u00e7a\u011fr\u0131s\u0131nda bulundu.<\/p>\n\n\n\n<p class=\"wp-block-paragraph\">Olay, Aydo\u011fdu Mahallesi&#8217;nde meydana geldi. \u0130ddiaya g\u00f6re, <strong>M.K.<\/strong> ile amat\u00f6r lig ekiplerinden Barbarosspor&#8217;da forma giyen <strong>Baran Kavak<\/strong> aras\u0131nda hen\u00fcz bilinmeyen bir nedenle ba\u015flayan tart\u0131\u015fma k\u0131sa s\u00fcrede kavgaya d\u00f6n\u00fc\u015ft\u00fc. Kavga s\u0131ras\u0131nda M.K., Baran Kavak&#8217;\u0131 bo\u011faz\u0131ndan b\u0131\u00e7aklad\u0131. \u0130hbar \u00fczerine olay yerine sevk edilen sa\u011fl\u0131k ekipleri, 17 ya\u015f\u0131ndaki gencin hayat\u0131n\u0131 kaybetti\u011fini belirledi.<\/p>\n\n\n\n<p class=\"wp-block-paragraph\">Polis ekiplerince g\u00f6zalt\u0131na al\u0131nan \u015f\u00fcpheli <strong>M.K.<\/strong>, emniyetteki i\u015flemlerinin ard\u0131ndan \u00e7\u0131kar\u0131ld\u0131\u011f\u0131 mahkemece <strong>tutuklanarak cezaevine g\u00f6nderildi.<\/strong><\/p>\n\n\n\n<p class=\"wp-block-paragraph\">Otopsi i\u015flemlerinin ard\u0131ndan ailesine teslim edilen Baran Kavak&#8217;\u0131n cenazesi, <strong>\u00d6zg\u00fcrler Camisi&#8217;nde<\/strong> k\u0131l\u0131nan cenaze namaz\u0131n\u0131n ard\u0131ndan <strong>Yeni \u015eehir Mezarl\u0131\u011f\u0131&#8217;nda<\/strong> topra\u011fa verildi.<\/p>\n\n\n\n<figure class=\"wp-block-image size-full\"><img  title=\"\" loading=\"lazy\" decoding=\"async\" width=\"372\" height=\"209\" src=\"https:\/\/gundem59.com.tr\/wp-content\/uploads\/2026\/07\/kavgada-oldurulen-baran-in-annesi-en-agir-cez-2-20028237_amp.jpg\"  alt=\"kavgada-oldurulen-baran-in-annesi-en-agir-cez-2-20028237_amp Tekirda\u011f&#039;da 17 Ya\u015f\u0131ndaki Baran Kavak Son Yolculu\u011funa U\u011furland\u0131: Ailesinden Adalet \u00c7a\u011fr\u0131s\u0131\"  class=\"wp-image-2924\" srcset=\"https:\/\/gundem59.com.tr\/wp-content\/uploads\/2026\/07\/kavgada-oldurulen-baran-in-annesi-en-agir-cez-2-20028237_amp.jpg 372w, https:\/\/gundem59.com.tr\/wp-content\/uploads\/2026\/07\/kavgada-oldurulen-baran-in-annesi-en-agir-cez-2-20028237_amp-300x169.jpg 300w\" sizes=\"auto, (max-width: 372px) 100vw, 372px\" \/><\/figure>\n\n\n\n<p class=\"wp-block-paragraph\">Defin i\u015fleminin ard\u0131ndan \u015fehir meydan\u0131nda bas\u0131n a\u00e7\u0131klamas\u0131 yapan aile \u00fcyeleri, olay\u0131n t\u00fcm y\u00f6nleriyle ayd\u0131nlat\u0131lmas\u0131n\u0131 ve sorumlular\u0131n en a\u011f\u0131r \u015fekilde cezaland\u0131r\u0131lmas\u0131n\u0131 istedi.<\/p>\n\n\n\n<p class=\"wp-block-paragraph\">Ac\u0131l\u0131 babaanne <strong>Ya\u015fariye Kavak<\/strong>, torununun hi\u00e7bir su\u00e7u olmad\u0131\u011f\u0131n\u0131 \u00f6ne s\u00fcrerek, &#8220;Torunuma pusu kuruldu. Bizim i\u00e7imiz yand\u0131, ba\u015fka ailelerin can\u0131 yanmas\u0131n. Adalet istiyoruz. En a\u011f\u0131r ve cayd\u0131r\u0131c\u0131 cezan\u0131n verilmesini talep ediyoruz.&#8221; ifadelerini kulland\u0131.<\/p>\n\n\n\n<p class=\"wp-block-paragraph\">Anne <strong>Kamile Karaca<\/strong> ise, o\u011flunun ya\u015fam hakk\u0131n\u0131n elinden al\u0131nd\u0131\u011f\u0131n\u0131 belirterek, olay\u0131n arkas\u0131ndaki t\u00fcm ki\u015filerin ortaya \u00e7\u0131kar\u0131lmas\u0131n\u0131 istedi. Karaca, &#8220;Ba\u015fsavc\u0131m\u0131za sesleniyorum. Olay\u0131n t\u00fcm y\u00f6nleri ara\u015ft\u0131r\u0131ls\u0131n, varsa azmettiriciler de ortaya \u00e7\u0131kar\u0131ls\u0131n. O\u011flumu elimden alanlar\u0131n hak ettikleri cezay\u0131 almalar\u0131n\u0131 istiyorum.&#8221; dedi.<\/p>\n\n\n\n<p class=\"wp-block-paragraph\">A\u00e7\u0131klaman\u0131n ard\u0131ndan aile \u00fcyeleri ve vatanda\u015flar <strong>&#8220;Adalet istiyoruz&#8221;<\/strong> sloganlar\u0131 atarak olays\u0131z \u015fekilde da\u011f\u0131ld\u0131. Olayla ilgili ba\u015flat\u0131lan adli soru\u015fturma s\u00fcr\u00fcyor.<\/p>\n","protected":false},"excerpt":{"rendered":"<p>Tekirda\u011f&#8217;\u0131n S\u00fcleymanpa\u015fa il\u00e7esinde \u00e7\u0131kan b\u0131\u00e7akl\u0131 kavgada hayat\u0131n\u0131 kaybeden 17 ya\u015f\u0131ndaki Baran Kavak, g\u00f6zya\u015flar\u0131 aras\u0131nda son&#8230;<\/p>\n","protected":false},"author":1,"featured_media":2923,"comment_status":"closed","ping_status":"closed","sticky":false,"template":"","format":"standard","meta":{"footnotes":""},"categories":[14],"tags":[],"ppma_author":[57],"class_list":["post-2922","post","type-post","status-publish","format-standard","has-post-thumbnail","hentry","category-suleymanpasa"],"authors":[{"term_id":57,"user_id":1,"is_guest":0,"slug":"admin","display_name":"Alp Aslan","avatar_url":"https:\/\/secure.gravatar.com\/avatar\/07c18c5ad3350b025db8f3328450e071acb435c703e565899c880c63362f137a?s=96&d=mm&r=g","author_category":"1","first_name":"Alp Aslan","last_name":"ER\u0130N","user_url":"http:\/\/www.gundem59.com.tr","job_title":"","description":""}],"_links":{"self":[{"href":"https:\/\/gundem59.com.tr\/index.php?rest_route=\/wp\/v2\/posts\/2922","targetHints":{"allow":["GET"]}}],"collection":[{"href":"https:\/\/gundem59.com.tr\/index.php?rest_route=\/wp\/v2\/posts"}],"about":[{"href":"https:\/\/gundem59.com.tr\/index.php?rest_route=\/wp\/v2\/types\/post"}],"author":[{"embeddable":true,"href":"https:\/\/gundem59.com.tr\/index.php?rest_route=\/wp\/v2\/users\/1"}],"replies":[{"embeddable":true,"href":"https:\/\/gundem59.com.tr\/index.php?rest_route=%2Fwp%2Fv2%2Fcomments&post=2922"}],"version-history":[{"count":1,"href":"https:\/\/gundem59.com.tr\/index.php?rest_route=\/wp\/v2\/posts\/2922\/revisions"}],"predecessor-version":[{"id":2925,"href":"https:\/\/gundem59.com.tr\/index.php?rest_route=\/wp\/v2\/posts\/2922\/revisions\/2925"}],"wp:featuredmedia":[{"embeddable":true,"href":"https:\/\/gundem59.com.tr\/index.php?rest_route=\/wp\/v2\/media\/2923"}],"wp:attachment":[{"href":"https:\/\/gundem59.com.tr\/index.php?rest_route=%2Fwp%2Fv2%2Fmedia&parent=2922"}],"wp:term":[{"taxonomy":"category","embeddable":true,"href":"https:\/\/gundem59.com.tr\/index.php?rest_route=%2Fwp%2Fv2%2Fcategories&post=2922"},{"taxonomy":"post_tag","embeddable":true,"href":"https:\/\/gundem59.com.tr\/index.php?rest_route=%2Fwp%2Fv2%2Ftags&post=2922"},{"taxonomy":"author","embeddable":true,"href":"https:\/\/gundem59.com.tr\/index.php?rest_route=%2Fwp%2Fv2%2Fppma_author&post=2922"}],"curies":[{"name":"wp","href":"https:\/\/api.w.org\/{rel}","templated":true}]}}