{"id":2898,"date":"2026-07-08T17:06:37","date_gmt":"2026-07-08T17:06:37","guid":{"rendered":"https:\/\/gundem59.com.tr\/?p=2898"},"modified":"2026-07-08T17:06:38","modified_gmt":"2026-07-08T17:06:38","slug":"seyir-halindeki-tirin-dorsesi-koptu-ayni-aileden-3-kisi-hayatini-kaybetti","status":"publish","type":"post","link":"https:\/\/gundem59.com.tr\/?p=2898","title":{"rendered":"Seyir Halindeki T\u0131r\u0131n Dorsesi Koptu, Ayn\u0131 Aileden 3 Ki\u015fi Hayat\u0131n\u0131 Kaybetti"},"content":{"rendered":"\n<p class=\"wp-block-paragraph\">Tekirda\u011f-Muratl\u0131 karayolunda meydana gelen feci zincirleme trafik kazas\u0131nda, t\u0131rdan kopan dorsenin yolu kapatmas\u0131 sonucu ayn\u0131 ara\u00e7ta bulunan 3 ki\u015fi ya\u015fam\u0131n\u0131 yitirdi.<\/p>\n\n\n\n<p class=\"wp-block-paragraph\">Tekirda\u011f-Muratl\u0131 karayolunda gece saatlerinde meydana gelen korkun\u00e7 trafik kazas\u0131 y\u00fcrekleri da\u011flad\u0131. Seyir halindeki bir t\u0131r\u0131n dorsesinin hen\u00fcz bilinmeyen bir nedenle koparak yola savrulmas\u0131 sonucu \u00fc\u00e7 arac\u0131n kar\u0131\u015ft\u0131\u011f\u0131 zincirleme trafik kazas\u0131nda ayn\u0131 aileden 3 ki\u015fi hayat\u0131n\u0131 kaybetti.<br>Dorse Yola Savruldu, Facia Ka\u00e7\u0131n\u0131lmaz Oldu<\/p>\n\n\n\n<p class=\"wp-block-paragraph\">Kaza, gece saat 01.30 s\u0131ralar\u0131nda Muratl\u0131 il\u00e7esi Ye\u015fils\u0131rt Mahallesi \u0130ncir\u00f6bekleri Mevkii&#8217;nde meydana geldi.<\/p>\n\n\n\n<figure class=\"wp-block-image size-full\"><img  title=\"\" loading=\"lazy\" decoding=\"async\" width=\"640\" height=\"480\" src=\"https:\/\/gundem59.com.tr\/wp-content\/uploads\/2026\/07\/tirdan-ayrilan-dorse-zincirleme-kazaya-sebep-6-20029398_o.jpg\"  alt=\"tirdan-ayrilan-dorse-zincirleme-kazaya-sebep-6-20029398_o Seyir Halindeki T\u0131r\u0131n Dorsesi Koptu, Ayn\u0131 Aileden 3 Ki\u015fi Hayat\u0131n\u0131 Kaybetti\"  class=\"wp-image-2900\" srcset=\"https:\/\/gundem59.com.tr\/wp-content\/uploads\/2026\/07\/tirdan-ayrilan-dorse-zincirleme-kazaya-sebep-6-20029398_o.jpg 640w, https:\/\/gundem59.com.tr\/wp-content\/uploads\/2026\/07\/tirdan-ayrilan-dorse-zincirleme-kazaya-sebep-6-20029398_o-300x225.jpg 300w\" sizes=\"auto, (max-width: 640px) 100vw, 640px\" \/><\/figure>\n\n\n\n<p class=\"wp-block-paragraph\">Edinilen bilgilere g\u00f6re Tekirda\u011f merkez S\u00fcleymanpa\u015fa y\u00f6n\u00fcnden Muratl\u0131 istikametine seyreden bir t\u0131r\u0131n dorsesi hen\u00fcz belirlenemeyen bir nedenle ara\u00e7tan ayr\u0131ld\u0131. Kontrolden \u00e7\u0131kan dorse karayolunu tamamen kapat\u0131nca arkadan gelen ara\u00e7lar duramayarak pe\u015f pe\u015fe \u00e7arp\u0131\u015ft\u0131.<\/p>\n\n\n\n<p class=\"wp-block-paragraph\">Ayn\u0131 Ara\u00e7ta Bulunan 3 Ki\u015fi Hayat\u0131n\u0131 Kaybetti<\/p>\n\n\n\n<p class=\"wp-block-paragraph\">Zincirleme kazada en b\u00fcy\u00fck hasar\u0131 Ferit Bald\u0131z y\u00f6netimindeki 59 AOJ 243 plakal\u0131 hafif ticari ara\u00e7 ald\u0131.<\/p>\n\n\n\n<p class=\"wp-block-paragraph\">Bariyerlere \u00e7arparak durabilen ara\u00e7ta bulunan;<br>Ferit Bald\u0131z (50) Gizem Bald\u0131z (17) Buse Naz \u00c7i\u00e7ek (16) ara\u00e7 i\u00e7erisinde s\u0131k\u0131\u015ft\u0131.<\/p>\n\n\n\n<p class=\"wp-block-paragraph\">\u0130hbar \u00fczerine olay yerine \u00e7ok say\u0131da itfaiye, sa\u011fl\u0131k ve jandarma ekibi sevk edildi.<\/p>\n\n\n\n<p class=\"wp-block-paragraph\">\u0130tfaiye ekiplerinin uzun s\u00fcren \u00e7al\u0131\u015fmas\u0131n\u0131n ard\u0131ndan ara\u00e7tan \u00e7\u0131kar\u0131lan \u00fc\u00e7 ki\u015fiye sa\u011fl\u0131k ekipleri taraf\u0131ndan olay yerinde m\u00fcdahale edildi. Ancak yap\u0131lan t\u00fcm m\u00fcdahalelere ra\u011fmen Ferit Bald\u0131z, Gizem Bald\u0131z ve Buse Naz \u00c7i\u00e7ek&#8217;in hayat\u0131n\u0131 kaybetti\u011fi belirlendi.<\/p>\n\n\n\n<p class=\"wp-block-paragraph\">Karayolu Trafi\u011fe Kapand\u0131<\/p>\n\n\n\n<p class=\"wp-block-paragraph\">Kaza nedeniyle Tekirda\u011f-S\u00fcleymanpa\u015fa&#8217;dan Muratl\u0131 y\u00f6n\u00fcne ula\u015f\u0131m bir s\u00fcre tamamen durduruldu.<\/p>\n\n\n\n<p class=\"wp-block-paragraph\">Olay yerine gelen Muratl\u0131 Cumhuriyet Ba\u015fsavc\u0131s\u0131 O\u011fuzhan Tekin ile Jandarma Olay Yeri \u0130nceleme ekipleri b\u00f6lgede detayl\u0131 incelemelerde bulundu.<\/p>\n\n\n\n<figure class=\"wp-block-image size-full\"><img  title=\"\" loading=\"lazy\" decoding=\"async\" width=\"640\" height=\"480\" src=\"https:\/\/gundem59.com.tr\/wp-content\/uploads\/2026\/07\/tirdan-ayrilan-dorse-zincirleme-kazaya-sebep-7-20029398_o.jpg\"  alt=\"tirdan-ayrilan-dorse-zincirleme-kazaya-sebep-7-20029398_o Seyir Halindeki T\u0131r\u0131n Dorsesi Koptu, Ayn\u0131 Aileden 3 Ki\u015fi Hayat\u0131n\u0131 Kaybetti\"  class=\"wp-image-2901\" srcset=\"https:\/\/gundem59.com.tr\/wp-content\/uploads\/2026\/07\/tirdan-ayrilan-dorse-zincirleme-kazaya-sebep-7-20029398_o.jpg 640w, https:\/\/gundem59.com.tr\/wp-content\/uploads\/2026\/07\/tirdan-ayrilan-dorse-zincirleme-kazaya-sebep-7-20029398_o-300x225.jpg 300w\" sizes=\"auto, (max-width: 640px) 100vw, 640px\" \/><\/figure>\n\n\n\n<p class=\"wp-block-paragraph\">Hayat\u0131n\u0131 kaybeden \u00fc\u00e7 ki\u015finin cenazesi otopsi yap\u0131lmak \u00fczere Adli T\u0131p Kurumu morguna kald\u0131r\u0131ld\u0131.<\/p>\n\n\n\n<p class=\"wp-block-paragraph\">Kazayla ilgili geni\u015f \u00e7apl\u0131 soru\u015fturma ba\u015flat\u0131ld\u0131.<\/p>\n","protected":false},"excerpt":{"rendered":"<p>Tekirda\u011f-Muratl\u0131 karayolunda meydana gelen feci zincirleme trafik kazas\u0131nda, t\u0131rdan kopan dorsenin yolu kapatmas\u0131 sonucu ayn\u0131&#8230;<\/p>\n","protected":false},"author":1,"featured_media":2899,"comment_status":"closed","ping_status":"closed","sticky":false,"template":"","format":"standard","meta":{"footnotes":""},"categories":[56],"tags":[],"ppma_author":[57],"class_list":["post-2898","post","type-post","status-publish","format-standard","has-post-thumbnail","hentry","category-guncel"],"authors":[{"term_id":57,"user_id":1,"is_guest":0,"slug":"admin","display_name":"Alp Aslan","avatar_url":"https:\/\/secure.gravatar.com\/avatar\/07c18c5ad3350b025db8f3328450e071acb435c703e565899c880c63362f137a?s=96&d=mm&r=g","author_category":"1","first_name":"Alp Aslan","last_name":"ER\u0130N","user_url":"http:\/\/www.gundem59.com.tr","job_title":"","description":""}],"_links":{"self":[{"href":"https:\/\/gundem59.com.tr\/index.php?rest_route=\/wp\/v2\/posts\/2898","targetHints":{"allow":["GET"]}}],"collection":[{"href":"https:\/\/gundem59.com.tr\/index.php?rest_route=\/wp\/v2\/posts"}],"about":[{"href":"https:\/\/gundem59.com.tr\/index.php?rest_route=\/wp\/v2\/types\/post"}],"author":[{"embeddable":true,"href":"https:\/\/gundem59.com.tr\/index.php?rest_route=\/wp\/v2\/users\/1"}],"replies":[{"embeddable":true,"href":"https:\/\/gundem59.com.tr\/index.php?rest_route=%2Fwp%2Fv2%2Fcomments&post=2898"}],"version-history":[{"count":1,"href":"https:\/\/gundem59.com.tr\/index.php?rest_route=\/wp\/v2\/posts\/2898\/revisions"}],"predecessor-version":[{"id":2902,"href":"https:\/\/gundem59.com.tr\/index.php?rest_route=\/wp\/v2\/posts\/2898\/revisions\/2902"}],"wp:featuredmedia":[{"embeddable":true,"href":"https:\/\/gundem59.com.tr\/index.php?rest_route=\/wp\/v2\/media\/2899"}],"wp:attachment":[{"href":"https:\/\/gundem59.com.tr\/index.php?rest_route=%2Fwp%2Fv2%2Fmedia&parent=2898"}],"wp:term":[{"taxonomy":"category","embeddable":true,"href":"https:\/\/gundem59.com.tr\/index.php?rest_route=%2Fwp%2Fv2%2Fcategories&post=2898"},{"taxonomy":"post_tag","embeddable":true,"href":"https:\/\/gundem59.com.tr\/index.php?rest_route=%2Fwp%2Fv2%2Ftags&post=2898"},{"taxonomy":"author","embeddable":true,"href":"https:\/\/gundem59.com.tr\/index.php?rest_route=%2Fwp%2Fv2%2Fppma_author&post=2898"}],"curies":[{"name":"wp","href":"https:\/\/api.w.org\/{rel}","templated":true}]}}