{"id":2890,"date":"2026-07-07T08:25:26","date_gmt":"2026-07-07T08:25:26","guid":{"rendered":"https:\/\/gundem59.com.tr\/?p=2890"},"modified":"2026-07-07T08:25:26","modified_gmt":"2026-07-07T08:25:26","slug":"mhp-suleymanpasada-yakup-tantan-guven-tazeledi","status":"publish","type":"post","link":"https:\/\/gundem59.com.tr\/?p=2890","title":{"rendered":"MHP S\u00fcleymanpa\u015fa&#8217;da Yakup Tantan G\u00fcven Tazeledi"},"content":{"rendered":"\n<p class=\"wp-block-paragraph\"><strong>TEK\u0130RDA\u011e \u2013<\/strong> Milliyet\u00e7i Hareket Partisi (MHP) S\u00fcleymanpa\u015fa \u0130l\u00e7e Ba\u015fkanl\u0131\u011f\u0131&#8217;n\u0131n 5. Ola\u011fan \u0130l\u00e7e Kongresi, Yahya Kemal Beyatl\u0131 K\u00fclt\u00fcr Merkezi&#8217;nde geni\u015f kat\u0131l\u0131mla ger\u00e7ekle\u015ftirildi. Tek listeyle gidilen kongrede mevcut \u0130l\u00e7e Ba\u015fkan\u0131 Yakup Tantan, delegelerin oylar\u0131yla yeniden MHP S\u00fcleymanpa\u015fa \u0130l\u00e7e Ba\u015fkan\u0131 se\u00e7ilerek g\u00fcven tazeledi.<\/p>\n\n\n\n<p class=\"wp-block-paragraph\">Yo\u011fun kat\u0131l\u0131m\u0131n oldu\u011fu kongreye Tekirda\u011f Ticaret ve Sanayi Odas\u0131 Ba\u015fkan\u0131 Cengiz G\u00fcnay, MHP Tekirda\u011f \u0130l Ba\u015fkan\u0131 Fethi \u015eirin, AK Parti S\u00fcleymanpa\u015fa \u0130l\u00e7e Ba\u015fkan\u0131 Nusret Mandac\u0131, MHP eski Tekirda\u011f \u0130l Ba\u015fkan\u0131 Yunus Meral, \u00dclk\u00fc Ocaklar\u0131 Tekirda\u011f \u0130l Ba\u015fkan\u0131 Hayrullah Z\u0131val\u0131o\u011flu, Tekirda\u011f Kahveciler Odas\u0131 Ba\u015fkan\u0131 Fehrettin Bayar, Tekirda\u011f Lokantac\u0131lar Odas\u0131 Ba\u015fkan\u0131 Ali K\u0131ral ile \u00e7ok say\u0131da partili ve davetli kat\u0131ld\u0131.<\/p>\n\n\n\n<p class=\"wp-block-paragraph\">Sayg\u0131 duru\u015funda bulunulmas\u0131 ve \u0130stiklal Mar\u015f\u0131&#8217;n\u0131n okunmas\u0131yla ba\u015flayan kongrede, MHP Genel Ba\u015fkan\u0131 Devlet Bah\u00e7eli&#8217;nin te\u015fkilata g\u00f6nderdi\u011fi mesaj kat\u0131l\u0131mc\u0131larla payla\u015f\u0131ld\u0131.<\/p>\n\n\n\n<h2 class=\"wp-block-heading\"><strong>\u015eirin&#8217;den Birlik ve Beraberlik Vurgusu<\/strong><\/h2>\n\n\n\n<p class=\"wp-block-paragraph\">Kongrede konu\u015fan MHP Tekirda\u011f \u0130l Ba\u015fkan\u0131 Fethi \u015eirin, te\u015fkilatlar\u0131n en b\u00fcy\u00fck g\u00fcc\u00fcn\u00fcn birlik ve beraberlik oldu\u011funu belirterek, dava arkada\u015flar\u0131n\u0131n ayn\u0131 hedef do\u011frultusunda omuz omuza \u00e7al\u0131\u015fmas\u0131n\u0131n \u00f6nemine dikkat \u00e7ekti.<\/p>\n\n\n\n<p class=\"wp-block-paragraph\">Kongrelerin sadece se\u00e7im yap\u0131lan organizasyonlar olmad\u0131\u011f\u0131n\u0131 ifade eden \u015eirin, bu t\u00fcr toplant\u0131lar\u0131n te\u015fkilat i\u00e7indeki dayan\u0131\u015fmay\u0131 g\u00fc\u00e7lendirdi\u011fini, k\u0131rg\u0131nl\u0131klar\u0131n geride b\u0131rak\u0131ld\u0131\u011f\u0131 ve yeni hedeflerin belirlendi\u011fi \u00f6nemli platformlar oldu\u011funu s\u00f6yledi. \u015eirin, yeni d\u00f6nemin S\u00fcleymanpa\u015fa te\u015fkilat\u0131 i\u00e7in hay\u0131rl\u0131 olmas\u0131n\u0131 dileyerek t\u00fcm partililere ba\u015far\u0131lar temennisinde bulundu.<\/p>\n\n\n\n<h2 class=\"wp-block-heading\"><strong>Tantan: &#8220;Birlik Varsa G\u00fc\u00e7, \u0130nan\u00e7 Varsa Ba\u015far\u0131 Vard\u0131r&#8221;<\/strong><\/h2>\n\n\n\n<p class=\"wp-block-paragraph\">Yeniden il\u00e7e ba\u015fkanl\u0131\u011f\u0131 g\u00f6revine se\u00e7ilen Yakup Tantan ise yapt\u0131\u011f\u0131 te\u015fekk\u00fcr konu\u015fmas\u0131nda, kendisine duyulan g\u00fcvene lay\u0131k olmak i\u00e7in ayn\u0131 azim ve kararl\u0131l\u0131kla \u00e7al\u0131\u015fmay\u0131 s\u00fcrd\u00fcreceklerini ifade etti.<\/p>\n\n\n\n<p class=\"wp-block-paragraph\">MHP&#8217;nin T\u00fcrk milletinin vicdan\u0131 ve devletin teminat\u0131 oldu\u011funu vurgulayan Tantan, S\u00fcleymanpa\u015fa&#8217;da \u00fclk\u00fcc\u00fc hareketi daha g\u00fc\u00e7l\u00fc noktalara ta\u015f\u0131mak i\u00e7in gece g\u00fcnd\u00fcz \u00e7al\u0131\u015fmaya devam edeceklerini s\u00f6yledi.<\/p>\n\n\n\n<p class=\"wp-block-paragraph\">G\u00f6rev s\u00fcresi boyunca birlikte mesai yapt\u0131\u011f\u0131 y\u00f6netim kurulu \u00fcyelerine te\u015fekk\u00fcr eden Tantan, Kad\u0131n, Aile, \u00c7ocuk ve Engelli Politikalar\u0131 (KA\u00c7EP) birimi ile kad\u0131n te\u015fkilat\u0131n\u0131n \u00e7al\u0131\u015fmalar\u0131na da ayr\u0131 bir parantez a\u00e7arak emeklerinden dolay\u0131 te\u015fekk\u00fcr etti.<\/p>\n\n\n\n<p class=\"wp-block-paragraph\">Konu\u015fmas\u0131n\u0131n sonunda birlik ve beraberlik mesaj\u0131 veren Tantan, &#8220;Bizim anlay\u0131\u015f\u0131m\u0131zda k\u0131rg\u0131nl\u0131\u011fa, ayr\u0131l\u0131\u011fa ve ayr\u0131\u015ft\u0131rmaya yer yoktur. Bizim yolumuz birlik yoludur, karde\u015flik yoludur, \u00fclk\u00fc yoludur. Birlik varsa g\u00fc\u00e7 vard\u0131r, inan\u00e7 varsa ba\u015far\u0131 vard\u0131r.&#8221; ifadelerini kulland\u0131.<\/p>\n\n\n\n<p class=\"wp-block-paragraph\">Kongre, yeni y\u00f6netim kurulunun belirlenmesinin ard\u0131ndan toplu hat\u0131ra foto\u011fraf\u0131 \u00e7ekimiyle sona erdi.<\/p>\n","protected":false},"excerpt":{"rendered":"<p>TEK\u0130RDA\u011e \u2013 Milliyet\u00e7i Hareket Partisi (MHP) S\u00fcleymanpa\u015fa \u0130l\u00e7e Ba\u015fkanl\u0131\u011f\u0131&#8217;n\u0131n 5. Ola\u011fan \u0130l\u00e7e Kongresi, Yahya Kemal&#8230;<\/p>\n","protected":false},"author":1,"featured_media":2891,"comment_status":"closed","ping_status":"closed","sticky":false,"template":"","format":"standard","meta":{"footnotes":""},"categories":[52,14],"tags":[],"ppma_author":[57],"class_list":["post-2890","post","type-post","status-publish","format-standard","has-post-thumbnail","hentry","category-politika","category-suleymanpasa"],"authors":[{"term_id":57,"user_id":1,"is_guest":0,"slug":"admin","display_name":"Alp Aslan","avatar_url":"https:\/\/secure.gravatar.com\/avatar\/07c18c5ad3350b025db8f3328450e071acb435c703e565899c880c63362f137a?s=96&d=mm&r=g","author_category":"1","first_name":"Alp Aslan","last_name":"ER\u0130N","user_url":"http:\/\/www.gundem59.com.tr","job_title":"","description":""}],"_links":{"self":[{"href":"https:\/\/gundem59.com.tr\/index.php?rest_route=\/wp\/v2\/posts\/2890","targetHints":{"allow":["GET"]}}],"collection":[{"href":"https:\/\/gundem59.com.tr\/index.php?rest_route=\/wp\/v2\/posts"}],"about":[{"href":"https:\/\/gundem59.com.tr\/index.php?rest_route=\/wp\/v2\/types\/post"}],"author":[{"embeddable":true,"href":"https:\/\/gundem59.com.tr\/index.php?rest_route=\/wp\/v2\/users\/1"}],"replies":[{"embeddable":true,"href":"https:\/\/gundem59.com.tr\/index.php?rest_route=%2Fwp%2Fv2%2Fcomments&post=2890"}],"version-history":[{"count":1,"href":"https:\/\/gundem59.com.tr\/index.php?rest_route=\/wp\/v2\/posts\/2890\/revisions"}],"predecessor-version":[{"id":2892,"href":"https:\/\/gundem59.com.tr\/index.php?rest_route=\/wp\/v2\/posts\/2890\/revisions\/2892"}],"wp:featuredmedia":[{"embeddable":true,"href":"https:\/\/gundem59.com.tr\/index.php?rest_route=\/wp\/v2\/media\/2891"}],"wp:attachment":[{"href":"https:\/\/gundem59.com.tr\/index.php?rest_route=%2Fwp%2Fv2%2Fmedia&parent=2890"}],"wp:term":[{"taxonomy":"category","embeddable":true,"href":"https:\/\/gundem59.com.tr\/index.php?rest_route=%2Fwp%2Fv2%2Fcategories&post=2890"},{"taxonomy":"post_tag","embeddable":true,"href":"https:\/\/gundem59.com.tr\/index.php?rest_route=%2Fwp%2Fv2%2Ftags&post=2890"},{"taxonomy":"author","embeddable":true,"href":"https:\/\/gundem59.com.tr\/index.php?rest_route=%2Fwp%2Fv2%2Fppma_author&post=2890"}],"curies":[{"name":"wp","href":"https:\/\/api.w.org\/{rel}","templated":true}]}}