{"id":2887,"date":"2026-07-07T08:17:29","date_gmt":"2026-07-07T08:17:29","guid":{"rendered":"https:\/\/gundem59.com.tr\/?p=2887"},"modified":"2026-07-07T08:17:29","modified_gmt":"2026-07-07T08:17:29","slug":"saadet-partisi-muhalefette-uye-artisinda-ilk-siraya-yukseldi","status":"publish","type":"post","link":"https:\/\/gundem59.com.tr\/?p=2887","title":{"rendered":"Saadet Partisi Muhalefette \u00dcye Art\u0131\u015f\u0131nda \u0130lk S\u0131raya Y\u00fckseldi"},"content":{"rendered":"\n<p class=\"wp-block-paragraph\"><strong>ANKARA<\/strong>&nbsp;\u2013 Yarg\u0131tay\u2019\u0131n g\u00fcncel siyasi parti \u00fcye verilerine g\u00f6re&nbsp;<strong>Saadet Partisi<\/strong>, son bir y\u0131lda kaydetti\u011fi&nbsp;<strong>127 bin 882 yeni \u00fcyeyle<\/strong>&nbsp;muhalefet partileri aras\u0131nda en fazla \u00fcye art\u0131\u015f\u0131 sa\u011flayan siyasi parti oldu.<\/p>\n\n\n\n<p class=\"wp-block-paragraph\">Genel Ba\u015fkan&nbsp;<strong>Mahmut Ar\u0131kan<\/strong>&nbsp;liderli\u011finde te\u015fkilatlanma \u00e7al\u0131\u015fmalar\u0131n\u0131 h\u0131zland\u0131ran Saadet Partisi, T\u00fcrkiye genelinde saha faaliyetlerini art\u0131rarak \u00fcye say\u0131s\u0131ndaki y\u00fckseli\u015fini s\u00fcrd\u00fcr\u00fcyor.<\/p>\n\n\n\n<h2 class=\"wp-block-heading\"><strong>Sahada Yo\u011fun \u00c7al\u0131\u015fma Dikkat \u00c7ekiyor<\/strong><\/h2>\n\n\n\n<p class=\"wp-block-paragraph\">Parti yetkilileri, elde edilen \u00fcye art\u0131\u015f\u0131nda te\u015fkilatlar\u0131n T\u00fcrkiye genelinde y\u00fcr\u00fctt\u00fc\u011f\u00fc yo\u011fun saha \u00e7al\u0131\u015fmalar\u0131n\u0131n \u00f6nemli rol oynad\u0131\u011f\u0131n\u0131 belirtiyor.<\/p>\n\n\n\n<p class=\"wp-block-paragraph\">\u0130l ve il\u00e7e te\u015fkilatlar\u0131 ile milletvekilleri; vatanda\u015flar\u0131n ya\u015fad\u0131\u011f\u0131 ekonomik s\u0131k\u0131nt\u0131lar, y\u00fcksek enflasyon, hayat pahal\u0131l\u0131\u011f\u0131, esnaf\u0131n sorunlar\u0131 ve sosyal konular ba\u015fta olmak \u00fczere bir\u00e7ok alanda vatanda\u015flarla birebir g\u00f6r\u00fc\u015fmeler ger\u00e7ekle\u015ftirerek \u00e7\u00f6z\u00fcm \u00f6nerilerini payla\u015f\u0131yor.<\/p>\n\n\n\n<h2 class=\"wp-block-heading\"><strong>Gen\u00e7 Kadrolarla Yeni D\u00f6nem<\/strong><\/h2>\n\n\n\n<p class=\"wp-block-paragraph\">Saadet Partisi\u2019nin Genel Ba\u015fkan\u0131&nbsp;<strong>Mahmut Ar\u0131kan<\/strong>&nbsp;d\u00f6neminde \u00f6zellikle gen\u00e7 se\u00e7menlere y\u00f6nelik \u00e7al\u0131\u015fmalar\u0131n h\u0131z kazand\u0131\u011f\u0131 ifade ediliyor.<\/p>\n\n\n\n<p class=\"wp-block-paragraph\">Parti, Milli G\u00f6r\u00fc\u015f \u00e7izgisine ilgi duyan yeni se\u00e7menlere ula\u015fmay\u0131 hedefleyen kampanyalarla gen\u00e7 ve dinamik kadrolar\u0131n \u00f6n plana \u00e7\u0131kar\u0131ld\u0131\u011f\u0131 bir te\u015fkilatlanma s\u00fcreci y\u00fcr\u00fct\u00fcyor.<\/p>\n\n\n\n<h2 class=\"wp-block-heading\"><strong>Meclis\u2019teki Etkinlik Artt\u0131<\/strong><\/h2>\n\n\n\n<p class=\"wp-block-paragraph\">Saadet Partisi\u2019nin&nbsp;<strong>Gelecek Partisi<\/strong>&nbsp;ile ger\u00e7ekle\u015ftirdi\u011fi i\u015f birli\u011fi sonucu olu\u015fturulan grup sayesinde, parti uzun y\u0131llar\u0131n ard\u0131ndan yeniden T\u00fcrkiye B\u00fcy\u00fck Millet Meclisi\u2019nde grup kurma ba\u015far\u0131s\u0131 g\u00f6sterdi.<\/p>\n\n\n\n<p class=\"wp-block-paragraph\">Bu geli\u015fmenin, Saadet Partisi\u2019nin Meclis\u2019teki g\u00f6r\u00fcn\u00fcrl\u00fc\u011f\u00fcn\u00fc art\u0131r\u0131rken muhalefet i\u00e7indeki etkinli\u011fine de \u00f6nemli katk\u0131 sa\u011flad\u0131\u011f\u0131 de\u011ferlendiriliyor.<\/p>\n\n\n\n<p class=\"wp-block-paragraph\">Yetkililer, \u00f6n\u00fcm\u00fczdeki s\u00fcre\u00e7te de te\u015fkilatlanma \u00e7al\u0131\u015fmalar\u0131n\u0131n ayn\u0131 kararl\u0131l\u0131kla s\u00fcrd\u00fcr\u00fclece\u011fini ve vatanda\u015flarla do\u011frudan temas kurmaya devam edeceklerini ifade etti.<\/p>\n","protected":false},"excerpt":{"rendered":"<p>ANKARA&nbsp;\u2013 Yarg\u0131tay\u2019\u0131n g\u00fcncel siyasi parti \u00fcye verilerine g\u00f6re&nbsp;Saadet Partisi, son bir y\u0131lda kaydetti\u011fi&nbsp;127 bin 882&#8230;<\/p>\n","protected":false},"author":1,"featured_media":2888,"comment_status":"closed","ping_status":"closed","sticky":false,"template":"","format":"standard","meta":{"footnotes":""},"categories":[52,30],"tags":[],"ppma_author":[57],"class_list":["post-2887","post","type-post","status-publish","format-standard","has-post-thumbnail","hentry","category-politika","category-ulusal-gundem"],"authors":[{"term_id":57,"user_id":1,"is_guest":0,"slug":"admin","display_name":"Alp Aslan","avatar_url":"https:\/\/secure.gravatar.com\/avatar\/07c18c5ad3350b025db8f3328450e071acb435c703e565899c880c63362f137a?s=96&d=mm&r=g","author_category":"1","first_name":"Alp Aslan","last_name":"ER\u0130N","user_url":"http:\/\/www.gundem59.com.tr","job_title":"","description":""}],"_links":{"self":[{"href":"https:\/\/gundem59.com.tr\/index.php?rest_route=\/wp\/v2\/posts\/2887","targetHints":{"allow":["GET"]}}],"collection":[{"href":"https:\/\/gundem59.com.tr\/index.php?rest_route=\/wp\/v2\/posts"}],"about":[{"href":"https:\/\/gundem59.com.tr\/index.php?rest_route=\/wp\/v2\/types\/post"}],"author":[{"embeddable":true,"href":"https:\/\/gundem59.com.tr\/index.php?rest_route=\/wp\/v2\/users\/1"}],"replies":[{"embeddable":true,"href":"https:\/\/gundem59.com.tr\/index.php?rest_route=%2Fwp%2Fv2%2Fcomments&post=2887"}],"version-history":[{"count":1,"href":"https:\/\/gundem59.com.tr\/index.php?rest_route=\/wp\/v2\/posts\/2887\/revisions"}],"predecessor-version":[{"id":2889,"href":"https:\/\/gundem59.com.tr\/index.php?rest_route=\/wp\/v2\/posts\/2887\/revisions\/2889"}],"wp:featuredmedia":[{"embeddable":true,"href":"https:\/\/gundem59.com.tr\/index.php?rest_route=\/wp\/v2\/media\/2888"}],"wp:attachment":[{"href":"https:\/\/gundem59.com.tr\/index.php?rest_route=%2Fwp%2Fv2%2Fmedia&parent=2887"}],"wp:term":[{"taxonomy":"category","embeddable":true,"href":"https:\/\/gundem59.com.tr\/index.php?rest_route=%2Fwp%2Fv2%2Fcategories&post=2887"},{"taxonomy":"post_tag","embeddable":true,"href":"https:\/\/gundem59.com.tr\/index.php?rest_route=%2Fwp%2Fv2%2Ftags&post=2887"},{"taxonomy":"author","embeddable":true,"href":"https:\/\/gundem59.com.tr\/index.php?rest_route=%2Fwp%2Fv2%2Fppma_author&post=2887"}],"curies":[{"name":"wp","href":"https:\/\/api.w.org\/{rel}","templated":true}]}}