{"id":2872,"date":"2026-07-07T07:58:40","date_gmt":"2026-07-07T07:58:40","guid":{"rendered":"https:\/\/gundem59.com.tr\/?p=2872"},"modified":"2026-07-07T07:58:41","modified_gmt":"2026-07-07T07:58:41","slug":"sarayda-seyyar-saticidan-karpuzlu-protesto-belediye-onu-kirmiziya-boyandi","status":"publish","type":"post","link":"https:\/\/gundem59.com.tr\/?p=2872","title":{"rendered":"Saray&#8217;da Seyyar Sat\u0131c\u0131dan Karpuzlu Protesto: Belediye \u00d6n\u00fc K\u0131rm\u0131z\u0131ya Boyand\u0131"},"content":{"rendered":"\n<p class=\"wp-block-paragraph\"><strong>TEK\u0130RDA\u011e \u2013<\/strong> Tekirda\u011f&#8217;\u0131n Saray il\u00e7esinde zab\u0131ta ekiplerinin sat\u0131\u015f yapmas\u0131na izin vermedi\u011fini \u00f6ne s\u00fcren seyyar sat\u0131c\u0131, tepkisini belediye binas\u0131 \u00f6n\u00fcnde kamyonetindeki karpuzlar\u0131 yere f\u0131rlatarak g\u00f6sterdi. Onlarca karpuzun par\u00e7aland\u0131\u011f\u0131 olay sonras\u0131 belediye \u00f6n\u00fc adeta sava\u015f alan\u0131na d\u00f6nerken, polis ekipleri m\u00fcdahale etti.<\/p>\n\n\n\n<p class=\"wp-block-paragraph\">Olay, saat 15.00 s\u0131ralar\u0131nda Saray il\u00e7e merkezinde meydana geldi. Edinilen bilgilere g\u00f6re, kamyonetiyle kavun ve karpuz sat\u0131\u015f\u0131 yapan Caner G\u00fclta\u015f, il\u00e7e giri\u015finde zab\u0131ta ekipleri taraf\u0131ndan durduruldu. Zab\u0131ta ekiplerinin sat\u0131\u015f yapmas\u0131na izin vermedi\u011fini iddia eden G\u00fclta\u015f, ya\u015fad\u0131\u011f\u0131 duruma tepki g\u00f6stermek amac\u0131yla arac\u0131n\u0131 Saray Belediyesi hizmet binas\u0131n\u0131n \u00f6n\u00fcne s\u00fcrd\u00fc.<\/p>\n\n\n\n<figure class=\"wp-block-image size-full\"><img  title=\"\" loading=\"lazy\" decoding=\"async\" width=\"640\" height=\"360\" src=\"https:\/\/gundem59.com.tr\/wp-content\/uploads\/2026\/07\/tekirdagda-zabitaya-kizan-seyy-20024976-4567_2_m.webp\"  alt=\"tekirdagda-zabitaya-kizan-seyy-20024976-4567_2_m Saray&#039;da Seyyar Sat\u0131c\u0131dan Karpuzlu Protesto: Belediye \u00d6n\u00fc K\u0131rm\u0131z\u0131ya Boyand\u0131\"  class=\"wp-image-2874\" srcset=\"https:\/\/gundem59.com.tr\/wp-content\/uploads\/2026\/07\/tekirdagda-zabitaya-kizan-seyy-20024976-4567_2_m.webp 640w, https:\/\/gundem59.com.tr\/wp-content\/uploads\/2026\/07\/tekirdagda-zabitaya-kizan-seyy-20024976-4567_2_m-300x169.webp 300w\" sizes=\"auto, (max-width: 640px) 100vw, 640px\" \/><\/figure>\n\n\n\n<h2 class=\"wp-block-heading\"><strong>Karpuzlar\u0131 Tek Tek Yere F\u0131rlatt\u0131<\/strong><\/h2>\n\n\n\n<p class=\"wp-block-paragraph\">Belediye binas\u0131 \u00f6n\u00fcne gelen seyyar sat\u0131c\u0131, kamyonetinin kasas\u0131n\u0131 a\u00e7arak sat\u0131\u015f i\u00e7in getirdi\u011fi onlarca karpuzu tek tek yola ve kald\u0131r\u0131ma f\u0131rlatt\u0131. K\u0131sa s\u00fcrede belediye \u00f6n\u00fc par\u00e7alanan karpuzlarla kaplan\u0131rken, \u00e7evrede bulunan vatanda\u015flar ya\u015fananlar\u0131 \u015fa\u015fk\u0131nl\u0131kla izledi. Karpuzlar\u0131n par\u00e7alanmas\u0131yla yol adeta k\u0131rm\u0131z\u0131ya boyand\u0131.<\/p>\n\n\n\n<p class=\"wp-block-paragraph\">Protestosunun ard\u0131ndan belediye binas\u0131na girerek yetkililerle g\u00f6r\u00fc\u015fmek isteyen G\u00fclta\u015f, olay yerine sevk edilen polis ekipleri taraf\u0131ndan durduruldu. Polis ekipleri, \u00e7evrede g\u00fcvenlik \u00f6nlemi al\u0131rken vatanda\u015flar\u0131n olay yerinden uzakla\u015fmas\u0131n\u0131 sa\u011flad\u0131.<\/p>\n\n\n\n<figure class=\"wp-block-image size-full\"><img  title=\"\" loading=\"lazy\" decoding=\"async\" width=\"640\" height=\"358\" src=\"https:\/\/gundem59.com.tr\/wp-content\/uploads\/2026\/07\/tekirdagda-zabitaya-kizan-seyy-20024976-8165_1_m.webp\"  alt=\"tekirdagda-zabitaya-kizan-seyy-20024976-8165_1_m Saray&#039;da Seyyar Sat\u0131c\u0131dan Karpuzlu Protesto: Belediye \u00d6n\u00fc K\u0131rm\u0131z\u0131ya Boyand\u0131\"  class=\"wp-image-2875\" srcset=\"https:\/\/gundem59.com.tr\/wp-content\/uploads\/2026\/07\/tekirdagda-zabitaya-kizan-seyy-20024976-8165_1_m.webp 640w, https:\/\/gundem59.com.tr\/wp-content\/uploads\/2026\/07\/tekirdagda-zabitaya-kizan-seyy-20024976-8165_1_m-300x168.webp 300w\" sizes=\"auto, (max-width: 640px) 100vw, 640px\" \/><\/figure>\n\n\n\n<h2 class=\"wp-block-heading\"><strong>&#8220;Her \u015eeyim Yasal, Sadece Bana \u0130zin Vermiyorlar&#8221;<\/strong><\/h2>\n\n\n\n<p class=\"wp-block-paragraph\">Ya\u015fad\u0131\u011f\u0131 ma\u011fduriyeti dile getiren Caner G\u00fclta\u015f, zab\u0131ta ekiplerinin kendisine haks\u0131z uygulama yapt\u0131\u011f\u0131n\u0131 \u00f6ne s\u00fcrd\u00fc. Vergisini d\u00fczenli \u00f6dedi\u011fini ve t\u00fcm resmi belgelerinin eksiksiz oldu\u011funu savunan G\u00fclta\u015f, baz\u0131 sat\u0131c\u0131lara izin verildi\u011fini ancak kendisinin s\u00fcrekli engellendi\u011fini iddia etti.<\/p>\n\n\n\n<p class=\"wp-block-paragraph\">G\u00fclta\u015f, &#8220;Ben vergimi kuru\u015fu kuru\u015funa veriyorum, b\u00fct\u00fcn evraklar\u0131m tam. Her \u015feyim yasal olmas\u0131na ra\u011fmen sadece benim sat\u0131\u015f yapmama izin vermiyorlar. Ayn\u0131 i\u015fi yapan ba\u015fka sat\u0131c\u0131lara m\u00fcdahale edilmiyor. Ben de sesimi duyurmak i\u00e7in b\u00f6yle bir eylem yapmak zorunda kald\u0131m.&#8221; ifadelerini kulland\u0131.<\/p>\n\n\n\n<figure class=\"wp-block-image size-full\"><img  title=\"\" loading=\"lazy\" decoding=\"async\" width=\"640\" height=\"417\" src=\"https:\/\/gundem59.com.tr\/wp-content\/uploads\/2026\/07\/tekirdagda-zabitaya-kizan-seyy-20024976-5895_1_m.webp\"  alt=\"tekirdagda-zabitaya-kizan-seyy-20024976-5895_1_m Saray&#039;da Seyyar Sat\u0131c\u0131dan Karpuzlu Protesto: Belediye \u00d6n\u00fc K\u0131rm\u0131z\u0131ya Boyand\u0131\"  class=\"wp-image-2876\" srcset=\"https:\/\/gundem59.com.tr\/wp-content\/uploads\/2026\/07\/tekirdagda-zabitaya-kizan-seyy-20024976-5895_1_m.webp 640w, https:\/\/gundem59.com.tr\/wp-content\/uploads\/2026\/07\/tekirdagda-zabitaya-kizan-seyy-20024976-5895_1_m-300x195.webp 300w\" sizes=\"auto, (max-width: 640px) 100vw, 640px\" \/><\/figure>\n\n\n\n<h2 class=\"wp-block-heading\"><strong>Polis M\u00fcdahale Etti<\/strong><\/h2>\n\n\n\n<p class=\"wp-block-paragraph\">Olay\u0131n b\u00fcy\u00fcmesini \u00f6nlemek amac\u0131yla b\u00f6lgeye gelen polis ekipleri, seyyar sat\u0131c\u0131y\u0131 sakinle\u015ftirerek ifadesi al\u0131nmak \u00fczere emniyete g\u00f6t\u00fcrd\u00fc. Olay s\u0131ras\u0131nda herhangi bir yaralanma ya\u015fanmazken, belediye binas\u0131 \u00f6n\u00fcnde k\u0131sa s\u00fcreli gerginlik ya\u015fand\u0131.<\/p>\n\n\n\n<figure class=\"wp-block-image size-full\"><img  title=\"\" loading=\"lazy\" decoding=\"async\" width=\"640\" height=\"416\" src=\"https:\/\/gundem59.com.tr\/wp-content\/uploads\/2026\/07\/tekirdagda-zabitaya-kizan-seyy-20024976-9688_1_m.webp\"  alt=\"tekirdagda-zabitaya-kizan-seyy-20024976-9688_1_m Saray&#039;da Seyyar Sat\u0131c\u0131dan Karpuzlu Protesto: Belediye \u00d6n\u00fc K\u0131rm\u0131z\u0131ya Boyand\u0131\"  class=\"wp-image-2877\" srcset=\"https:\/\/gundem59.com.tr\/wp-content\/uploads\/2026\/07\/tekirdagda-zabitaya-kizan-seyy-20024976-9688_1_m.webp 640w, https:\/\/gundem59.com.tr\/wp-content\/uploads\/2026\/07\/tekirdagda-zabitaya-kizan-seyy-20024976-9688_1_m-300x195.webp 300w\" sizes=\"auto, (max-width: 640px) 100vw, 640px\" \/><\/figure>\n\n\n\n<h2 class=\"wp-block-heading\"><strong>Belediye \u00d6n\u00fc Temizlendi<\/strong><\/h2>\n\n\n\n<p class=\"wp-block-paragraph\">Protestonun ard\u0131ndan belediye temizlik ekipleri olay yerine gelerek yola sa\u00e7\u0131lan karpuzlar\u0131 toplad\u0131. Par\u00e7alanan karpuzlar temizlenirken belediye \u00f6n\u00fc tazyikli suyla y\u0131kanarak yeniden trafi\u011fe ve yaya kullan\u0131m\u0131na a\u00e7\u0131ld\u0131.<\/p>\n\n\n\n<p class=\"wp-block-paragraph\">Ya\u015fanan olayla ilgili polis ekipleri taraf\u0131ndan inceleme ba\u015flat\u0131l\u0131rken, seyyar sat\u0131c\u0131n\u0131n iddialar\u0131na ili\u015fkin Saray Belediyesi&#8217;nden haberin haz\u0131rland\u0131\u011f\u0131 saate kadar resmi bir a\u00e7\u0131klama yap\u0131lmad\u0131.<\/p>\n","protected":false},"excerpt":{"rendered":"<p>TEK\u0130RDA\u011e \u2013 Tekirda\u011f&#8217;\u0131n Saray il\u00e7esinde zab\u0131ta ekiplerinin sat\u0131\u015f yapmas\u0131na izin vermedi\u011fini \u00f6ne s\u00fcren seyyar sat\u0131c\u0131,&#8230;<\/p>\n","protected":false},"author":1,"featured_media":2873,"comment_status":"closed","ping_status":"closed","sticky":false,"template":"","format":"standard","meta":{"footnotes":""},"categories":[4],"tags":[],"ppma_author":[57],"class_list":["post-2872","post","type-post","status-publish","format-standard","has-post-thumbnail","hentry","category-saray"],"authors":[{"term_id":57,"user_id":1,"is_guest":0,"slug":"admin","display_name":"Alp Aslan","avatar_url":"https:\/\/secure.gravatar.com\/avatar\/07c18c5ad3350b025db8f3328450e071acb435c703e565899c880c63362f137a?s=96&d=mm&r=g","author_category":"1","first_name":"Alp Aslan","last_name":"ER\u0130N","user_url":"http:\/\/www.gundem59.com.tr","job_title":"","description":""}],"_links":{"self":[{"href":"https:\/\/gundem59.com.tr\/index.php?rest_route=\/wp\/v2\/posts\/2872","targetHints":{"allow":["GET"]}}],"collection":[{"href":"https:\/\/gundem59.com.tr\/index.php?rest_route=\/wp\/v2\/posts"}],"about":[{"href":"https:\/\/gundem59.com.tr\/index.php?rest_route=\/wp\/v2\/types\/post"}],"author":[{"embeddable":true,"href":"https:\/\/gundem59.com.tr\/index.php?rest_route=\/wp\/v2\/users\/1"}],"replies":[{"embeddable":true,"href":"https:\/\/gundem59.com.tr\/index.php?rest_route=%2Fwp%2Fv2%2Fcomments&post=2872"}],"version-history":[{"count":1,"href":"https:\/\/gundem59.com.tr\/index.php?rest_route=\/wp\/v2\/posts\/2872\/revisions"}],"predecessor-version":[{"id":2878,"href":"https:\/\/gundem59.com.tr\/index.php?rest_route=\/wp\/v2\/posts\/2872\/revisions\/2878"}],"wp:featuredmedia":[{"embeddable":true,"href":"https:\/\/gundem59.com.tr\/index.php?rest_route=\/wp\/v2\/media\/2873"}],"wp:attachment":[{"href":"https:\/\/gundem59.com.tr\/index.php?rest_route=%2Fwp%2Fv2%2Fmedia&parent=2872"}],"wp:term":[{"taxonomy":"category","embeddable":true,"href":"https:\/\/gundem59.com.tr\/index.php?rest_route=%2Fwp%2Fv2%2Fcategories&post=2872"},{"taxonomy":"post_tag","embeddable":true,"href":"https:\/\/gundem59.com.tr\/index.php?rest_route=%2Fwp%2Fv2%2Ftags&post=2872"},{"taxonomy":"author","embeddable":true,"href":"https:\/\/gundem59.com.tr\/index.php?rest_route=%2Fwp%2Fv2%2Fppma_author&post=2872"}],"curies":[{"name":"wp","href":"https:\/\/api.w.org\/{rel}","templated":true}]}}