{"id":2869,"date":"2026-07-07T07:47:15","date_gmt":"2026-07-07T07:47:15","guid":{"rendered":"https:\/\/gundem59.com.tr\/?p=2869"},"modified":"2026-07-07T07:47:16","modified_gmt":"2026-07-07T07:47:16","slug":"is-terasi-ve-acik-oturma-alanlariyla-hizmet-verecek-kent-kafenin-vatandaslarin-sosyal-yasamina-katki-sunacak-yeni-bir-bulusma-noktasi-olmasi-hedefleniyor","status":"publish","type":"post","link":"https:\/\/gundem59.com.tr\/?p=2869","title":{"rendered":"i\u015f teras\u0131 ve a\u00e7\u0131k oturma alanlar\u0131yla hizmet verecek Kent Kafe&#8217;nin, vatanda\u015flar\u0131n sosyal ya\u015fam\u0131na katk\u0131 sunacak yeni bir bulu\u015fma noktas\u0131 olmas\u0131 hedefleniyor."},"content":{"rendered":"\n<p class=\"wp-block-paragraph\">\u00c7al\u0131\u015fmalar\u0131n son durumunu yerinde de\u011ferlendiren Ba\u015fkan Akay, projenin en k\u0131sa s\u00fcrede tamamlanarak vatanda\u015flar\u0131n hizmetine sunulaca\u011f\u0131n\u0131 belirtti.<\/p>\n\n\n\n<p class=\"wp-block-paragraph\"><strong>TEK\u0130RDA\u011e \u2013<\/strong> \u0130Y\u0130 Parti Tekirda\u011f Milletvekili Selcan Ta\u015f\u00e7\u0131, Hayrabolu Belediye Ba\u015fkan\u0131 Tuncer Ba\u015fo\u011flu&#8217;nu makam\u0131nda ziyaret etti.<\/p>\n\n\n\n<p class=\"wp-block-paragraph\">Ziyarette \u0130Y\u0130 Parti Tekirda\u011f \u0130l Ba\u015fkan\u0131 G\u00f6khan Metiner, Hayrabolu \u0130l\u00e7e Ba\u015fkan\u0131 Ramazan \u00d6ve\u00e7 ve Kad\u0131n Kollar\u0131 Ba\u015fkan\u0131 Hatice Kavuran da yer ald\u0131.<\/p>\n\n\n\n<p class=\"wp-block-paragraph\">Ta\u015f\u00e7\u0131, Ba\u015fkan Ba\u015fo\u011flu&#8217;na ge\u00e7mi\u015f olsun dilekleri nedeniyle te\u015fekk\u00fcr ederken, k\u0131sa s\u00fcre \u00f6nce hayat\u0131n\u0131 kaybeden kay\u0131nvalidesi i\u00e7in de taziyelerini iletti.<\/p>\n\n\n\n<p class=\"wp-block-paragraph\"><strong>TEK\u0130RDA\u011e \u2013<\/strong> Hayrabolu Kaymakaml\u0131\u011f\u0131 g\u00f6revine atanan Ahmet Y\u0131ld\u0131z, Tekirda\u011f K\u00fclt\u00fcr ve Turizm M\u00fcd\u00fcr\u00fc \u00d6mer Faruk Karak\u00fc\u00e7\u00fck&#8217;\u00fc ziyaret etti.<\/p>\n\n\n\n<p class=\"wp-block-paragraph\">Ger\u00e7ekle\u015ftirilen ziyarette Tekirda\u011f&#8217;da y\u00fcr\u00fct\u00fclen k\u00fclt\u00fcr ve turizm \u00e7al\u0131\u015fmalar\u0131 ile kurumlar aras\u0131 i\u015f birli\u011fi konular\u0131 ele al\u0131nd\u0131.<\/p>\n\n\n\n<p class=\"wp-block-paragraph\">Karak\u00fc\u00e7\u00fck, ziyaretten duydu\u011fu memnuniyeti dile getirerek Kaymakam Ahmet Y\u0131ld\u0131z&#8217;a yeni g\u00f6revinde ba\u015far\u0131lar diledi.<\/p>\n","protected":false},"excerpt":{"rendered":"<p>\u00c7al\u0131\u015fmalar\u0131n son durumunu yerinde de\u011ferlendiren Ba\u015fkan Akay, projenin en k\u0131sa s\u00fcrede tamamlanarak vatanda\u015flar\u0131n hizmetine sunulaca\u011f\u0131n\u0131&#8230;<\/p>\n","protected":false},"author":1,"featured_media":2870,"comment_status":"closed","ping_status":"closed","sticky":false,"template":"","format":"standard","meta":{"footnotes":""},"categories":[6],"tags":[],"ppma_author":[57],"class_list":["post-2869","post","type-post","status-publish","format-standard","has-post-thumbnail","hentry","category-cerkezkoy"],"authors":[{"term_id":57,"user_id":1,"is_guest":0,"slug":"admin","display_name":"Alp Aslan","avatar_url":"https:\/\/secure.gravatar.com\/avatar\/07c18c5ad3350b025db8f3328450e071acb435c703e565899c880c63362f137a?s=96&d=mm&r=g","author_category":"1","first_name":"Alp Aslan","last_name":"ER\u0130N","user_url":"http:\/\/www.gundem59.com.tr","job_title":"","description":""}],"_links":{"self":[{"href":"https:\/\/gundem59.com.tr\/index.php?rest_route=\/wp\/v2\/posts\/2869","targetHints":{"allow":["GET"]}}],"collection":[{"href":"https:\/\/gundem59.com.tr\/index.php?rest_route=\/wp\/v2\/posts"}],"about":[{"href":"https:\/\/gundem59.com.tr\/index.php?rest_route=\/wp\/v2\/types\/post"}],"author":[{"embeddable":true,"href":"https:\/\/gundem59.com.tr\/index.php?rest_route=\/wp\/v2\/users\/1"}],"replies":[{"embeddable":true,"href":"https:\/\/gundem59.com.tr\/index.php?rest_route=%2Fwp%2Fv2%2Fcomments&post=2869"}],"version-history":[{"count":1,"href":"https:\/\/gundem59.com.tr\/index.php?rest_route=\/wp\/v2\/posts\/2869\/revisions"}],"predecessor-version":[{"id":2871,"href":"https:\/\/gundem59.com.tr\/index.php?rest_route=\/wp\/v2\/posts\/2869\/revisions\/2871"}],"wp:featuredmedia":[{"embeddable":true,"href":"https:\/\/gundem59.com.tr\/index.php?rest_route=\/wp\/v2\/media\/2870"}],"wp:attachment":[{"href":"https:\/\/gundem59.com.tr\/index.php?rest_route=%2Fwp%2Fv2%2Fmedia&parent=2869"}],"wp:term":[{"taxonomy":"category","embeddable":true,"href":"https:\/\/gundem59.com.tr\/index.php?rest_route=%2Fwp%2Fv2%2Fcategories&post=2869"},{"taxonomy":"post_tag","embeddable":true,"href":"https:\/\/gundem59.com.tr\/index.php?rest_route=%2Fwp%2Fv2%2Ftags&post=2869"},{"taxonomy":"author","embeddable":true,"href":"https:\/\/gundem59.com.tr\/index.php?rest_route=%2Fwp%2Fv2%2Fppma_author&post=2869"}],"curies":[{"name":"wp","href":"https:\/\/api.w.org\/{rel}","templated":true}]}}