{"id":2866,"date":"2026-07-07T07:43:09","date_gmt":"2026-07-07T07:43:09","guid":{"rendered":"https:\/\/gundem59.com.tr\/?p=2866"},"modified":"2026-07-07T07:43:09","modified_gmt":"2026-07-07T07:43:09","slug":"il-muftusu-bilgic-corluda-din-gorevlileriyle-bir-araya-geldi","status":"publish","type":"post","link":"https:\/\/gundem59.com.tr\/?p=2866","title":{"rendered":"\u0130l M\u00fcft\u00fcs\u00fc Bilgi\u00e7, \u00c7orlu&#8217;da Din G\u00f6revlileriyle Bir Araya Geldi"},"content":{"rendered":"\n<p class=\"wp-block-paragraph\"><strong>TEK\u0130RDA\u011e \u2013<\/strong> Tekirda\u011f \u0130l M\u00fcft\u00fcs\u00fc Mustafa Bilgi\u00e7, din hizmetlerini yerinde de\u011ferlendirmek ve personelle isti\u015farelerde bulunmak amac\u0131yla \u00c7orlu \u0130l\u00e7e M\u00fcft\u00fcl\u00fc\u011f\u00fc&#8217;n\u00fc ziyaret etti.<\/p>\n\n\n\n<p class=\"wp-block-paragraph\">\u0130l M\u00fcft\u00fcl\u00fc\u011f\u00fcnden yap\u0131lan a\u00e7\u0131klamaya g\u00f6re, ziyaret kapsam\u0131nda \u00c7orlu&#8217;da g\u00f6rev yapan din g\u00f6revlileri ve m\u00fcft\u00fcl\u00fck personeliyle bir araya gelen Bilgi\u00e7, il\u00e7ede y\u00fcr\u00fct\u00fclen dini hizmetler hakk\u0131nda de\u011ferlendirmelerde bulundu.<\/p>\n\n\n\n<p class=\"wp-block-paragraph\">Toplant\u0131da cami ve Kur&#8217;an kurslar\u0131nda y\u00fcr\u00fct\u00fclen faaliyetlerin yan\u0131 s\u0131ra sosyal i\u00e7erikli din g\u00f6revlili\u011fi projeleri de ele al\u0131nd\u0131. Din hizmetlerinin sahadaki etkinli\u011finin art\u0131r\u0131lmas\u0131na y\u00f6nelik g\u00f6r\u00fc\u015f al\u0131\u015fveri\u015finde bulunuldu.<\/p>\n\n\n\n<p class=\"wp-block-paragraph\">Program\u0131n sonunda \u0130l M\u00fcft\u00fcs\u00fc Mustafa Bilgi\u00e7, \u00f6zverili \u00e7al\u0131\u015fmalar\u0131ndan dolay\u0131 din g\u00f6revlileri ve m\u00fcft\u00fcl\u00fck personeline te\u015fekk\u00fcr ederek g\u00f6revlerinde ba\u015far\u0131lar diledi.<\/p>\n","protected":false},"excerpt":{"rendered":"<p>TEK\u0130RDA\u011e \u2013 Tekirda\u011f \u0130l M\u00fcft\u00fcs\u00fc Mustafa Bilgi\u00e7, din hizmetlerini yerinde de\u011ferlendirmek ve personelle isti\u015farelerde bulunmak&#8230;<\/p>\n","protected":false},"author":1,"featured_media":2867,"comment_status":"closed","ping_status":"closed","sticky":false,"template":"","format":"standard","meta":{"footnotes":""},"categories":[5],"tags":[],"ppma_author":[57],"class_list":["post-2866","post","type-post","status-publish","format-standard","has-post-thumbnail","hentry","category-corlu"],"authors":[{"term_id":57,"user_id":1,"is_guest":0,"slug":"admin","display_name":"Alp Aslan","avatar_url":"https:\/\/secure.gravatar.com\/avatar\/07c18c5ad3350b025db8f3328450e071acb435c703e565899c880c63362f137a?s=96&d=mm&r=g","author_category":"1","first_name":"Alp Aslan","last_name":"ER\u0130N","user_url":"http:\/\/www.gundem59.com.tr","job_title":"","description":""}],"_links":{"self":[{"href":"https:\/\/gundem59.com.tr\/index.php?rest_route=\/wp\/v2\/posts\/2866","targetHints":{"allow":["GET"]}}],"collection":[{"href":"https:\/\/gundem59.com.tr\/index.php?rest_route=\/wp\/v2\/posts"}],"about":[{"href":"https:\/\/gundem59.com.tr\/index.php?rest_route=\/wp\/v2\/types\/post"}],"author":[{"embeddable":true,"href":"https:\/\/gundem59.com.tr\/index.php?rest_route=\/wp\/v2\/users\/1"}],"replies":[{"embeddable":true,"href":"https:\/\/gundem59.com.tr\/index.php?rest_route=%2Fwp%2Fv2%2Fcomments&post=2866"}],"version-history":[{"count":1,"href":"https:\/\/gundem59.com.tr\/index.php?rest_route=\/wp\/v2\/posts\/2866\/revisions"}],"predecessor-version":[{"id":2868,"href":"https:\/\/gundem59.com.tr\/index.php?rest_route=\/wp\/v2\/posts\/2866\/revisions\/2868"}],"wp:featuredmedia":[{"embeddable":true,"href":"https:\/\/gundem59.com.tr\/index.php?rest_route=\/wp\/v2\/media\/2867"}],"wp:attachment":[{"href":"https:\/\/gundem59.com.tr\/index.php?rest_route=%2Fwp%2Fv2%2Fmedia&parent=2866"}],"wp:term":[{"taxonomy":"category","embeddable":true,"href":"https:\/\/gundem59.com.tr\/index.php?rest_route=%2Fwp%2Fv2%2Fcategories&post=2866"},{"taxonomy":"post_tag","embeddable":true,"href":"https:\/\/gundem59.com.tr\/index.php?rest_route=%2Fwp%2Fv2%2Ftags&post=2866"},{"taxonomy":"author","embeddable":true,"href":"https:\/\/gundem59.com.tr\/index.php?rest_route=%2Fwp%2Fv2%2Fppma_author&post=2866"}],"curies":[{"name":"wp","href":"https:\/\/api.w.org\/{rel}","templated":true}]}}