{"id":2857,"date":"2026-07-07T07:32:49","date_gmt":"2026-07-07T07:32:49","guid":{"rendered":"https:\/\/gundem59.com.tr\/?p=2857"},"modified":"2026-07-07T07:32:50","modified_gmt":"2026-07-07T07:32:50","slug":"tekirdagda-muharrem-ayi-dolayisiyla-asure-ve-kurban-lokmasi-programi-duzenlendi","status":"publish","type":"post","link":"https:\/\/gundem59.com.tr\/?p=2857","title":{"rendered":"Tekirda\u011f&#8217;da Muharrem Ay\u0131 Dolay\u0131s\u0131yla A\u015fure ve Kurban Lokmas\u0131 Program\u0131 D\u00fczenlendi"},"content":{"rendered":"\n<p class=\"wp-block-paragraph\"><strong>TEK\u0130RDA\u011e \u2013<\/strong> Tekirda\u011f&#8217;da Muharrem ay\u0131 dolay\u0131s\u0131yla d\u00fczenlenen a\u015fure ve kurban lokmas\u0131 program\u0131nda birlik, beraberlik ve karde\u015flik mesajlar\u0131 verildi.<\/p>\n\n\n\n<p class=\"wp-block-paragraph\">\u00c7orlu Cem Vakf\u0131 taraf\u0131ndan Muratl\u0131 Cemevi&#8217;nde ger\u00e7ekle\u015ftirilen programa Tekirda\u011f K\u00fclt\u00fcr ve Turizm M\u00fcd\u00fcr\u00fc \u00d6mer Faruk Karak\u00fc\u00e7\u00fck de kat\u0131ld\u0131. Programda vatanda\u015flarla bir araya gelen Karak\u00fc\u00e7\u00fck, kat\u0131l\u0131mc\u0131larla sohbet ederek Muharrem ay\u0131n\u0131n manevi \u00f6nemine dikkat \u00e7ekti.<\/p>\n\n\n\n<p class=\"wp-block-paragraph\">Muharrem ay\u0131n\u0131n ho\u015fg\u00f6r\u00fc, dayan\u0131\u015fma ve payla\u015fma k\u00fclt\u00fcr\u00fcn\u00fc g\u00fc\u00e7lendiren \u00f6nemli bir d\u00f6nem oldu\u011funu ifade eden Karak\u00fc\u00e7\u00fck, toplumun birlik ve beraberli\u011finin korunmas\u0131n\u0131n b\u00fcy\u00fck \u00f6nem ta\u015f\u0131d\u0131\u011f\u0131n\u0131 s\u00f6yledi.<\/p>\n\n\n\n<p class=\"wp-block-paragraph\">Program boyunca vatanda\u015flara a\u015fure ve kurban lokmas\u0131 ikram edilirken, yap\u0131lan dualar\u0131n ard\u0131ndan kat\u0131l\u0131mc\u0131lar Muharrem ay\u0131n\u0131n manevi atmosferini birlikte ya\u015fad\u0131.<\/p>\n\n\n\n<p class=\"wp-block-paragraph\">Etkinlik, birlik ve beraberlik temennileriyle sona erdi.<\/p>\n","protected":false},"excerpt":{"rendered":"<p>TEK\u0130RDA\u011e \u2013 Tekirda\u011f&#8217;da Muharrem ay\u0131 dolay\u0131s\u0131yla d\u00fczenlenen a\u015fure ve kurban lokmas\u0131 program\u0131nda birlik, beraberlik ve&#8230;<\/p>\n","protected":false},"author":1,"featured_media":2858,"comment_status":"closed","ping_status":"closed","sticky":false,"template":"","format":"standard","meta":{"footnotes":""},"categories":[56],"tags":[],"ppma_author":[57],"class_list":["post-2857","post","type-post","status-publish","format-standard","has-post-thumbnail","hentry","category-guncel"],"authors":[{"term_id":57,"user_id":1,"is_guest":0,"slug":"admin","display_name":"Alp Aslan","avatar_url":"https:\/\/secure.gravatar.com\/avatar\/07c18c5ad3350b025db8f3328450e071acb435c703e565899c880c63362f137a?s=96&d=mm&r=g","author_category":"1","first_name":"Alp Aslan","last_name":"ER\u0130N","user_url":"http:\/\/www.gundem59.com.tr","job_title":"","description":""}],"_links":{"self":[{"href":"https:\/\/gundem59.com.tr\/index.php?rest_route=\/wp\/v2\/posts\/2857","targetHints":{"allow":["GET"]}}],"collection":[{"href":"https:\/\/gundem59.com.tr\/index.php?rest_route=\/wp\/v2\/posts"}],"about":[{"href":"https:\/\/gundem59.com.tr\/index.php?rest_route=\/wp\/v2\/types\/post"}],"author":[{"embeddable":true,"href":"https:\/\/gundem59.com.tr\/index.php?rest_route=\/wp\/v2\/users\/1"}],"replies":[{"embeddable":true,"href":"https:\/\/gundem59.com.tr\/index.php?rest_route=%2Fwp%2Fv2%2Fcomments&post=2857"}],"version-history":[{"count":1,"href":"https:\/\/gundem59.com.tr\/index.php?rest_route=\/wp\/v2\/posts\/2857\/revisions"}],"predecessor-version":[{"id":2859,"href":"https:\/\/gundem59.com.tr\/index.php?rest_route=\/wp\/v2\/posts\/2857\/revisions\/2859"}],"wp:featuredmedia":[{"embeddable":true,"href":"https:\/\/gundem59.com.tr\/index.php?rest_route=\/wp\/v2\/media\/2858"}],"wp:attachment":[{"href":"https:\/\/gundem59.com.tr\/index.php?rest_route=%2Fwp%2Fv2%2Fmedia&parent=2857"}],"wp:term":[{"taxonomy":"category","embeddable":true,"href":"https:\/\/gundem59.com.tr\/index.php?rest_route=%2Fwp%2Fv2%2Fcategories&post=2857"},{"taxonomy":"post_tag","embeddable":true,"href":"https:\/\/gundem59.com.tr\/index.php?rest_route=%2Fwp%2Fv2%2Ftags&post=2857"},{"taxonomy":"author","embeddable":true,"href":"https:\/\/gundem59.com.tr\/index.php?rest_route=%2Fwp%2Fv2%2Fppma_author&post=2857"}],"curies":[{"name":"wp","href":"https:\/\/api.w.org\/{rel}","templated":true}]}}