{"id":2854,"date":"2026-07-06T08:30:33","date_gmt":"2026-07-06T08:30:33","guid":{"rendered":"https:\/\/gundem59.com.tr\/?p=2854"},"modified":"2026-07-06T08:30:34","modified_gmt":"2026-07-06T08:30:34","slug":"kapakli-anadolu-lisesinden-lgs-tercih-doneminde-ogrencilere-davet-eksik-olan-tek-sey-sizsiniz","status":"publish","type":"post","link":"https:\/\/gundem59.com.tr\/?p=2854","title":{"rendered":"Kapakl\u0131 Anadolu Lisesi&#8217;nden LGS Tercih D\u00f6neminde \u00d6\u011frencilere Davet: &#8220;Eksik Olan Tek \u015eey Sizsiniz&#8221;"},"content":{"rendered":"\n<p class=\"wp-block-paragraph\"><strong>TEK\u0130RDA\u011e \u2013<\/strong> Liselere Ge\u00e7i\u015f Sistemi (LGS) s\u0131nav\u0131n\u0131n ard\u0131ndan tercih heyecan\u0131 ya\u015fayan \u00f6\u011frencilere y\u00f6nelik Kapakl\u0131 Anadolu Lisesi&#8217;nden dikkat \u00e7eken bir davet geldi. Okul \u00f6\u011frencileri taraf\u0131ndan haz\u0131rlanan tan\u0131t\u0131m \u00e7al\u0131\u015fmas\u0131yla okulun akademik ve sosyal imkanlar\u0131 tan\u0131t\u0131l\u0131rken, okul y\u00f6netimi de tercih yapacak \u00f6\u011frencilere &#8220;Eksik olan tek \u015fey sizsiniz&#8221; mesaj\u0131yla seslendi.<\/p>\n\n\n\n<p class=\"wp-block-paragraph\">Kapakl\u0131 Anadolu Lisesi \u00f6\u011frencileri taraf\u0131ndan haz\u0131rlanan tan\u0131t\u0131m \u00e7al\u0131\u015fmas\u0131nda, okulun e\u011fitim anlay\u0131\u015f\u0131, fiziki imkanlar\u0131 ve sosyal ya\u015fam\u0131na ili\u015fkin bilgiler payla\u015f\u0131ld\u0131. Tan\u0131t\u0131m\u0131n, LGS&#8217;ye giren ve tercih s\u00fcrecine haz\u0131rlanan \u00f6\u011frencilere rehberlik etmeyi ama\u00e7lad\u0131\u011f\u0131 belirtildi.<\/p>\n\n\n\n<h2 class=\"wp-block-heading\"><strong>&#8220;Kapakl\u0131&#8217;n\u0131n \u0130lk ve Tek Proje Anadolu Lisesiyiz&#8221;<\/strong><\/h2>\n\n\n\n<p class=\"wp-block-paragraph\">Okul y\u00f6netimi taraf\u0131ndan yap\u0131lan a\u00e7\u0131klamada, LGS s\u0131nav\u0131na giren t\u00fcm \u00f6\u011frenciler tebrik edilerek tercih d\u00f6neminin hay\u0131rl\u0131 olmas\u0131 temennisinde bulunuldu.<\/p>\n\n\n\n<p class=\"wp-block-paragraph\">Kapakl\u0131 Anadolu Lisesi&#8217;nin il\u00e7enin ilk ve tek Proje Anadolu Lisesi oldu\u011funa dikkat \u00e7ekilen a\u00e7\u0131klamada, akademik ba\u015far\u0131 odakl\u0131 e\u011fitim anlay\u0131\u015f\u0131n\u0131n yan\u0131 s\u0131ra modern laboratuvarlar, zengin k\u00fct\u00fcphane, sosyal ve sportif alanlarla \u00f6\u011frencilerine nitelikli bir e\u011fitim ortam\u0131 sundu\u011fu ifade edildi.<\/p>\n\n\n\n<h2 class=\"wp-block-heading\"><strong>&#8220;Ba\u015far\u0131 Yolunda Eksik Olan Tek \u015eey Sizsiniz&#8221;<\/strong><\/h2>\n\n\n\n<p class=\"wp-block-paragraph\">A\u00e7\u0131klamada, okulun sahip oldu\u011fu e\u011fitim altyap\u0131s\u0131na vurgu yap\u0131larak \u015fu ifadelere yer verildi:<\/p>\n\n\n\n<blockquote class=\"wp-block-quote is-layout-flow wp-block-quote-is-layout-flow\">\n<p class=\"wp-block-paragraph\">&#8220;Okulumuzda ba\u015far\u0131ya giden yolda ihtiya\u00e7 duyulan t\u00fcm altyap\u0131 mevcuttur. Bu akademik yap\u0131y\u0131 tamamlayacak olan ise sizlerin potansiyelidir. Ba\u015far\u0131 odakl\u0131 vizyonumuzda eksik olan tek unsur sizlersiniz.&#8221;<\/p>\n<\/blockquote>\n\n\n\n<h2 class=\"wp-block-heading\"><strong>Tercih D\u00f6neminde Bilgilendirme Deste\u011fi<\/strong><\/h2>\n\n\n\n<p class=\"wp-block-paragraph\">Okul y\u00f6netimi, tercih s\u00fcrecinde \u00f6\u011frencilerin ve velilerin merak ettikleri t\u00fcm sorular\u0131n yan\u0131tlanaca\u011f\u0131n\u0131 belirterek, aday \u00f6\u011frencilerin sosyal medya hesaplar\u0131 \u00fczerinden ya da okulu ziyaret ederek detayl\u0131 bilgi alabileceklerini bildirdi.<\/p>\n\n\n\n<p class=\"wp-block-paragraph\">Kapakl\u0131 Anadolu Lisesi y\u00f6netimi a\u00e7\u0131klamas\u0131n\u0131, &#8220;Kapakl\u0131 Anadolu Lisesi olarak sizleri aram\u0131zda g\u00f6rmeyi sab\u0131rs\u0131zl\u0131kla bekliyoruz.&#8221; s\u00f6zleriyle tamamlad\u0131.<\/p>\n","protected":false},"excerpt":{"rendered":"<p>TEK\u0130RDA\u011e \u2013 Liselere Ge\u00e7i\u015f Sistemi (LGS) s\u0131nav\u0131n\u0131n ard\u0131ndan tercih heyecan\u0131 ya\u015fayan \u00f6\u011frencilere y\u00f6nelik Kapakl\u0131 Anadolu&#8230;<\/p>\n","protected":false},"author":1,"featured_media":2855,"comment_status":"closed","ping_status":"closed","sticky":false,"template":"","format":"standard","meta":{"footnotes":""},"categories":[7],"tags":[],"ppma_author":[57],"class_list":["post-2854","post","type-post","status-publish","format-standard","has-post-thumbnail","hentry","category-kapakli"],"authors":[{"term_id":57,"user_id":1,"is_guest":0,"slug":"admin","display_name":"Alp Aslan","avatar_url":"https:\/\/secure.gravatar.com\/avatar\/07c18c5ad3350b025db8f3328450e071acb435c703e565899c880c63362f137a?s=96&d=mm&r=g","author_category":"1","first_name":"Alp Aslan","last_name":"ER\u0130N","user_url":"http:\/\/www.gundem59.com.tr","job_title":"","description":""}],"_links":{"self":[{"href":"https:\/\/gundem59.com.tr\/index.php?rest_route=\/wp\/v2\/posts\/2854","targetHints":{"allow":["GET"]}}],"collection":[{"href":"https:\/\/gundem59.com.tr\/index.php?rest_route=\/wp\/v2\/posts"}],"about":[{"href":"https:\/\/gundem59.com.tr\/index.php?rest_route=\/wp\/v2\/types\/post"}],"author":[{"embeddable":true,"href":"https:\/\/gundem59.com.tr\/index.php?rest_route=\/wp\/v2\/users\/1"}],"replies":[{"embeddable":true,"href":"https:\/\/gundem59.com.tr\/index.php?rest_route=%2Fwp%2Fv2%2Fcomments&post=2854"}],"version-history":[{"count":1,"href":"https:\/\/gundem59.com.tr\/index.php?rest_route=\/wp\/v2\/posts\/2854\/revisions"}],"predecessor-version":[{"id":2856,"href":"https:\/\/gundem59.com.tr\/index.php?rest_route=\/wp\/v2\/posts\/2854\/revisions\/2856"}],"wp:featuredmedia":[{"embeddable":true,"href":"https:\/\/gundem59.com.tr\/index.php?rest_route=\/wp\/v2\/media\/2855"}],"wp:attachment":[{"href":"https:\/\/gundem59.com.tr\/index.php?rest_route=%2Fwp%2Fv2%2Fmedia&parent=2854"}],"wp:term":[{"taxonomy":"category","embeddable":true,"href":"https:\/\/gundem59.com.tr\/index.php?rest_route=%2Fwp%2Fv2%2Fcategories&post=2854"},{"taxonomy":"post_tag","embeddable":true,"href":"https:\/\/gundem59.com.tr\/index.php?rest_route=%2Fwp%2Fv2%2Ftags&post=2854"},{"taxonomy":"author","embeddable":true,"href":"https:\/\/gundem59.com.tr\/index.php?rest_route=%2Fwp%2Fv2%2Fppma_author&post=2854"}],"curies":[{"name":"wp","href":"https:\/\/api.w.org\/{rel}","templated":true}]}}