{"id":2847,"date":"2026-07-06T07:27:07","date_gmt":"2026-07-06T07:27:07","guid":{"rendered":"https:\/\/gundem59.com.tr\/?p=2847"},"modified":"2026-07-06T07:27:08","modified_gmt":"2026-07-06T07:27:08","slug":"corluda-iki-ayri-motosiklet-kazasi-2-yarali","status":"publish","type":"post","link":"https:\/\/gundem59.com.tr\/?p=2847","title":{"rendered":"\u00c7orlu&#8217;da \u0130ki Ayr\u0131 Motosiklet Kazas\u0131: 2 Yaral\u0131"},"content":{"rendered":"\n<p class=\"wp-block-paragraph\"><strong>Tekirda\u011f&#8217;\u0131n \u00c7orlu il\u00e7esinde<\/strong> meydana gelen iki ayr\u0131 motosiklet kazas\u0131nda iki ki\u015fi yaraland\u0131. Farkl\u0131 noktalarda ya\u015fanan kazalar g\u00fcvenlik kameralar\u0131na yans\u0131rken, yaral\u0131 s\u00fcr\u00fcc\u00fcler hastanede tedavi alt\u0131na al\u0131nd\u0131.<\/p>\n\n\n\n<figure class=\"wp-block-video\"><video height=\"1080\" style=\"aspect-ratio: 1920 \/ 1080;\" width=\"1920\" controls src=\"https:\/\/gundem59.com.tr\/wp-content\/uploads\/2026\/07\/Kendi-tarzini-belirle-2.mp4\"><\/video><\/figure>\n\n\n\n<h2 class=\"wp-block-heading\">Park Halindeki Otomobile \u00c7arpt\u0131<\/h2>\n\n\n\n<p class=\"wp-block-paragraph\">\u0130lk kaza, <strong>Rumeli Mahallesi \u0130smetpa\u015fa Bulvar\u0131&#8217;nda<\/strong> meydana geldi. Ali Kayan I\u015f\u0131klar\u0131 istikametine seyir halinde bulunan <strong>G.B.<\/strong> y\u00f6netimindeki motosiklet, s\u00fcr\u00fcc\u00fcs\u00fcn\u00fcn direksiyon hakimiyetini kaybetmesi sonucu yol kenar\u0131nda park halinde bulunan bir otomobile arkadan \u00e7arpt\u0131.<\/p>\n\n\n\n<p class=\"wp-block-paragraph\">\u00c7arpman\u0131n etkisiyle motosikletten savrulan s\u00fcr\u00fcc\u00fc yaraland\u0131. \u0130hbar \u00fczerine olay yerine sevk edilen sa\u011fl\u0131k ekipleri taraf\u0131ndan ilk m\u00fcdahalesi yap\u0131lan G.B., ambulansla <strong>\u00c7orlu Devlet Hastanesi<\/strong>&#8216;ne kald\u0131r\u0131larak tedavi alt\u0131na al\u0131nd\u0131.<\/p>\n\n\n\n<h2 class=\"wp-block-heading\">Kontrolden \u00c7\u0131kan Motosiklet Devrildi<\/h2>\n\n\n\n<p class=\"wp-block-paragraph\">\u0130kinci kaza ise <strong>Alipa\u015fa Mahallesi \u00c7etin Eme\u00e7 Bulvar\u0131&#8217;nda<\/strong> ya\u015fand\u0131. Cumhuriyet Bulvar\u0131 istikametine seyir halinde olan <strong>22 ya\u015f\u0131ndaki S.E.<\/strong> idaresindeki motosiklet, hen\u00fcz belirlenemeyen bir nedenle kontrolden \u00e7\u0131karak devrildi.<\/p>\n\n\n\n<p class=\"wp-block-paragraph\">Devrilen motosikletle birlikte metrelerce s\u00fcr\u00fcklenen gen\u00e7 s\u00fcr\u00fcc\u00fc hafif \u015fekilde yaraland\u0131. Olay yerine gelen sa\u011fl\u0131k ekiplerinin ilk m\u00fcdahalesinin ard\u0131ndan ambulansla hastaneye kald\u0131r\u0131lan S.E.&#8217;nin tedavisinin s\u00fcrd\u00fc\u011f\u00fc \u00f6\u011frenildi.<\/p>\n\n\n\n<h2 class=\"wp-block-heading\">Kazalar Kameralara Yans\u0131d\u0131<\/h2>\n\n\n\n<p class=\"wp-block-paragraph\">\u00c7orlu&#8217;da farkl\u0131 saatlerde meydana gelen her iki motosiklet kazas\u0131 da \u00e7evrede bulunan g\u00fcvenlik kameralar\u0131 taraf\u0131ndan kaydedildi. Kazalarla ilgili inceleme ba\u015flat\u0131l\u0131rken, yetkililer motosiklet s\u00fcr\u00fcc\u00fclerini h\u0131z ve trafik kurallar\u0131na uyma konusunda bir kez daha dikkatli olmalar\u0131 y\u00f6n\u00fcnde uyard\u0131.<\/p>\n","protected":false},"excerpt":{"rendered":"<p>Tekirda\u011f&#8217;\u0131n \u00c7orlu il\u00e7esinde meydana gelen iki ayr\u0131 motosiklet kazas\u0131nda iki ki\u015fi yaraland\u0131. Farkl\u0131 noktalarda ya\u015fanan&#8230;<\/p>\n","protected":false},"author":1,"featured_media":2848,"comment_status":"closed","ping_status":"closed","sticky":false,"template":"","format":"standard","meta":{"footnotes":""},"categories":[5],"tags":[],"ppma_author":[57],"class_list":["post-2847","post","type-post","status-publish","format-standard","has-post-thumbnail","hentry","category-corlu"],"authors":[{"term_id":57,"user_id":1,"is_guest":0,"slug":"admin","display_name":"Alp Aslan","avatar_url":"https:\/\/secure.gravatar.com\/avatar\/07c18c5ad3350b025db8f3328450e071acb435c703e565899c880c63362f137a?s=96&d=mm&r=g","author_category":"1","first_name":"Alp Aslan","last_name":"ER\u0130N","user_url":"http:\/\/www.gundem59.com.tr","job_title":"","description":""}],"_links":{"self":[{"href":"https:\/\/gundem59.com.tr\/index.php?rest_route=\/wp\/v2\/posts\/2847","targetHints":{"allow":["GET"]}}],"collection":[{"href":"https:\/\/gundem59.com.tr\/index.php?rest_route=\/wp\/v2\/posts"}],"about":[{"href":"https:\/\/gundem59.com.tr\/index.php?rest_route=\/wp\/v2\/types\/post"}],"author":[{"embeddable":true,"href":"https:\/\/gundem59.com.tr\/index.php?rest_route=\/wp\/v2\/users\/1"}],"replies":[{"embeddable":true,"href":"https:\/\/gundem59.com.tr\/index.php?rest_route=%2Fwp%2Fv2%2Fcomments&post=2847"}],"version-history":[{"count":1,"href":"https:\/\/gundem59.com.tr\/index.php?rest_route=\/wp\/v2\/posts\/2847\/revisions"}],"predecessor-version":[{"id":2850,"href":"https:\/\/gundem59.com.tr\/index.php?rest_route=\/wp\/v2\/posts\/2847\/revisions\/2850"}],"wp:featuredmedia":[{"embeddable":true,"href":"https:\/\/gundem59.com.tr\/index.php?rest_route=\/wp\/v2\/media\/2848"}],"wp:attachment":[{"href":"https:\/\/gundem59.com.tr\/index.php?rest_route=%2Fwp%2Fv2%2Fmedia&parent=2847"}],"wp:term":[{"taxonomy":"category","embeddable":true,"href":"https:\/\/gundem59.com.tr\/index.php?rest_route=%2Fwp%2Fv2%2Fcategories&post=2847"},{"taxonomy":"post_tag","embeddable":true,"href":"https:\/\/gundem59.com.tr\/index.php?rest_route=%2Fwp%2Fv2%2Ftags&post=2847"},{"taxonomy":"author","embeddable":true,"href":"https:\/\/gundem59.com.tr\/index.php?rest_route=%2Fwp%2Fv2%2Fppma_author&post=2847"}],"curies":[{"name":"wp","href":"https:\/\/api.w.org\/{rel}","templated":true}]}}