{"id":2844,"date":"2026-07-06T07:16:49","date_gmt":"2026-07-06T07:16:49","guid":{"rendered":"https:\/\/gundem59.com.tr\/?p=2844"},"modified":"2026-07-06T07:16:50","modified_gmt":"2026-07-06T07:16:50","slug":"bolge-aricilar-birligi-baskanlari-edirnede-bir-araya-geldi","status":"publish","type":"post","link":"https:\/\/gundem59.com.tr\/?p=2844","title":{"rendered":"B\u00f6lge Ar\u0131c\u0131lar Birli\u011fi Ba\u015fkanlar\u0131 Edirne&#8217;de Bir Araya Geldi"},"content":{"rendered":"\n<p class=\"wp-block-paragraph\">T\u00fcrkiye genelinden ar\u0131c\u0131l\u0131k sekt\u00f6r\u00fcn\u00fcn temsilcileri, <strong>Edirne&#8217;de d\u00fczenlenen isti\u015fare toplant\u0131s\u0131nda<\/strong> bir araya gelerek sekt\u00f6r\u00fcn mevcut durumu, \u00fcreticilerin talepleri ve \u00e7\u00f6z\u00fcm \u00f6nerilerini de\u011ferlendirdi.<\/p>\n\n\n\n<p class=\"wp-block-paragraph\">Toplant\u0131ya, <strong>T\u00fcrkiye Ar\u0131 Yeti\u015ftiricileri Merkez Birli\u011fi (TAB) Genel Ba\u015fkan\u0131 Ali Demir<\/strong> ile <strong>Edirne \u0130l Tar\u0131m ve Orman M\u00fcd\u00fcr\u00fc \u0130slam K\u00f6se<\/strong> kat\u0131ld\u0131. Ayr\u0131ca <strong>Tunceli, Mu\u011fla, Bal\u0131kesir, \u015eanl\u0131urfa, Kastamonu, Mersin, Bilecik, Bolu, \u0130stanbul, K\u0131rklareli, Tekirda\u011f, Edirne, \u00c7anakkale ve Sakarya Ar\u0131c\u0131lar Birli\u011fi Ba\u015fkanlar\u0131<\/strong> da toplant\u0131da yer ald\u0131.<\/p>\n\n\n\n<h2 class=\"wp-block-heading\">Sekt\u00f6r\u00fcn Sorunlar\u0131 ve Talepleri Masaya Yat\u0131r\u0131ld\u0131<\/h2>\n\n\n\n<p class=\"wp-block-paragraph\">Ger\u00e7ekle\u015ftirilen isti\u015fare toplant\u0131s\u0131nda ar\u0131c\u0131l\u0131k sekt\u00f6r\u00fcn\u00fcn mevcut ihtiya\u00e7lar\u0131, \u00fcreticilerin sahada kar\u015f\u0131la\u015ft\u0131\u011f\u0131 sorunlar ve \u00e7\u00f6z\u00fcm \u00f6nerileri kapsaml\u0131 \u015fekilde ele al\u0131nd\u0131. Kat\u0131l\u0131mc\u0131lar, sekt\u00f6r\u00fcn s\u00fcrd\u00fcr\u00fclebilirli\u011fi ve \u00fcretimin art\u0131r\u0131lmas\u0131na y\u00f6nelik g\u00f6r\u00fc\u015f al\u0131\u015fveri\u015finde bulundu.<\/p>\n\n\n\n<p class=\"wp-block-paragraph\">Toplant\u0131da, \u00fcreticilerin desteklenmesi, ar\u0131c\u0131l\u0131k faaliyetlerinin geli\u015ftirilmesi ve sekt\u00f6r\u00fcn daha g\u00fc\u00e7l\u00fc bir yap\u0131ya kavu\u015fturulmas\u0131 ad\u0131na yap\u0131labilecek \u00e7al\u0131\u015fmalar de\u011ferlendirildi.<\/p>\n\n\n\n<h2 class=\"wp-block-heading\">&#8220;\u00dcreticimizi Desteklemeyi S\u00fcrd\u00fcrece\u011fiz&#8221;<\/h2>\n\n\n\n<p class=\"wp-block-paragraph\">Toplant\u0131n\u0131n ard\u0131ndan yap\u0131lan de\u011ferlendirmede, ar\u0131c\u0131l\u0131k sekt\u00f6r\u00fcn\u00fcn g\u00fc\u00e7lenmesi i\u00e7in birlik ve i\u015f birli\u011fi i\u00e7erisinde \u00e7al\u0131\u015fmaya devam edilece\u011fi vurguland\u0131.<\/p>\n\n\n\n<p class=\"wp-block-paragraph\">A\u00e7\u0131klamada, <strong>&#8220;\u00dcreticilerimizi ve \u00fcretimimizi desteklemek, ar\u0131c\u0131l\u0131k sekt\u00f6r\u00fcm\u00fcz\u00fc daha da g\u00fc\u00e7lendirmek i\u00e7in \u00e7al\u0131\u015fmalar\u0131m\u0131z\u0131 kararl\u0131l\u0131kla s\u00fcrd\u00fcrece\u011fiz.&#8221;<\/strong> mesaj\u0131 verildi.<\/p>\n","protected":false},"excerpt":{"rendered":"<p>T\u00fcrkiye genelinden ar\u0131c\u0131l\u0131k sekt\u00f6r\u00fcn\u00fcn temsilcileri, Edirne&#8217;de d\u00fczenlenen isti\u015fare toplant\u0131s\u0131nda bir araya gelerek sekt\u00f6r\u00fcn mevcut durumu,&#8230;<\/p>\n","protected":false},"author":1,"featured_media":2845,"comment_status":"closed","ping_status":"closed","sticky":false,"template":"","format":"standard","meta":{"footnotes":""},"categories":[56],"tags":[],"ppma_author":[57],"class_list":["post-2844","post","type-post","status-publish","format-standard","has-post-thumbnail","hentry","category-guncel"],"authors":[{"term_id":57,"user_id":1,"is_guest":0,"slug":"admin","display_name":"Alp Aslan","avatar_url":"https:\/\/secure.gravatar.com\/avatar\/07c18c5ad3350b025db8f3328450e071acb435c703e565899c880c63362f137a?s=96&d=mm&r=g","author_category":"1","first_name":"Alp Aslan","last_name":"ER\u0130N","user_url":"http:\/\/www.gundem59.com.tr","job_title":"","description":""}],"_links":{"self":[{"href":"https:\/\/gundem59.com.tr\/index.php?rest_route=\/wp\/v2\/posts\/2844","targetHints":{"allow":["GET"]}}],"collection":[{"href":"https:\/\/gundem59.com.tr\/index.php?rest_route=\/wp\/v2\/posts"}],"about":[{"href":"https:\/\/gundem59.com.tr\/index.php?rest_route=\/wp\/v2\/types\/post"}],"author":[{"embeddable":true,"href":"https:\/\/gundem59.com.tr\/index.php?rest_route=\/wp\/v2\/users\/1"}],"replies":[{"embeddable":true,"href":"https:\/\/gundem59.com.tr\/index.php?rest_route=%2Fwp%2Fv2%2Fcomments&post=2844"}],"version-history":[{"count":1,"href":"https:\/\/gundem59.com.tr\/index.php?rest_route=\/wp\/v2\/posts\/2844\/revisions"}],"predecessor-version":[{"id":2846,"href":"https:\/\/gundem59.com.tr\/index.php?rest_route=\/wp\/v2\/posts\/2844\/revisions\/2846"}],"wp:featuredmedia":[{"embeddable":true,"href":"https:\/\/gundem59.com.tr\/index.php?rest_route=\/wp\/v2\/media\/2845"}],"wp:attachment":[{"href":"https:\/\/gundem59.com.tr\/index.php?rest_route=%2Fwp%2Fv2%2Fmedia&parent=2844"}],"wp:term":[{"taxonomy":"category","embeddable":true,"href":"https:\/\/gundem59.com.tr\/index.php?rest_route=%2Fwp%2Fv2%2Fcategories&post=2844"},{"taxonomy":"post_tag","embeddable":true,"href":"https:\/\/gundem59.com.tr\/index.php?rest_route=%2Fwp%2Fv2%2Ftags&post=2844"},{"taxonomy":"author","embeddable":true,"href":"https:\/\/gundem59.com.tr\/index.php?rest_route=%2Fwp%2Fv2%2Fppma_author&post=2844"}],"curies":[{"name":"wp","href":"https:\/\/api.w.org\/{rel}","templated":true}]}}