{"id":2841,"date":"2026-07-06T07:07:45","date_gmt":"2026-07-06T07:07:45","guid":{"rendered":"https:\/\/gundem59.com.tr\/?p=2841"},"modified":"2026-07-06T07:07:46","modified_gmt":"2026-07-06T07:07:46","slug":"adrenalin-tutkunlari-ucmakderede-gokyuzuyle-bulustu","status":"publish","type":"post","link":"https:\/\/gundem59.com.tr\/?p=2841","title":{"rendered":"Adrenalin Tutkunlar\u0131 U\u00e7makdere&#8217;de G\u00f6ky\u00fcz\u00fcyle Bulu\u015ftu"},"content":{"rendered":"\n<p class=\"wp-block-paragraph\"><strong>Tekirda\u011f&#8217;\u0131n \u015eark\u00f6y il\u00e7esine ba\u011fl\u0131 U\u00e7makdere Mahallesi<\/strong>, hafta sonu yama\u00e7 para\u015f\u00fct\u00fc tutkunlar\u0131n\u0131n ak\u0131n\u0131na u\u011frad\u0131. Marmara Denizi&#8217;nin mavisi ile Ganos Da\u011f\u0131&#8217;n\u0131n yemye\u015fil do\u011fas\u0131n\u0131 g\u00f6ky\u00fcz\u00fcnden izleme f\u0131rsat\u0131 sunan b\u00f6lge, hem sporculara hem de do\u011faseverlere unutulmaz anlar ya\u015fatt\u0131.<\/p>\n\n\n\n<p class=\"wp-block-paragraph\">R\u00fczgar ko\u015fullar\u0131na ba\u011fl\u0131 olarak <strong>250 ve 600 metrelik kalk\u0131\u015f pistlerinden<\/strong> g\u00fcn boyunca ger\u00e7ekle\u015ftirilen u\u00e7u\u015flarda sporcular, U\u00e7makdere&#8217;nin e\u015fsiz do\u011fal g\u00fczelliklerini ku\u015f bak\u0131\u015f\u0131 izleme imk\u00e2n\u0131 buldu.<\/p>\n\n\n\n<h2 class=\"wp-block-heading\">Hafta Sonu Yo\u011funlu\u011fu Ya\u015fand\u0131<\/h2>\n\n\n\n<p class=\"wp-block-paragraph\">Ba\u015fta <strong>\u0130stanbul<\/strong> olmak \u00fczere \u00e7evre illerden gelen \u00e7ok say\u0131da yama\u00e7 para\u015f\u00fct\u00fc tutkunu, hafta sonunu U\u00e7makdere&#8217;de ge\u00e7irerek hem adrenalin dolu u\u00e7u\u015flar yapt\u0131 hem de b\u00f6lgenin do\u011fal ve turistik g\u00fczelliklerinin tad\u0131n\u0131 \u00e7\u0131kard\u0131.<\/p>\n\n\n\n<p class=\"wp-block-paragraph\">Do\u011fal yap\u0131s\u0131 ve elveri\u015fli hava ko\u015fullar\u0131 sayesinde T\u00fcrkiye&#8217;nin \u00f6nemli yama\u00e7 para\u015f\u00fct\u00fc merkezlerinden biri olarak g\u00f6sterilen U\u00e7makdere, her y\u0131l binlerce yerli ve yabanc\u0131 ziyaret\u00e7iyi a\u011f\u0131rlamaya devam ediyor.<\/p>\n\n\n\n<h2 class=\"wp-block-heading\">&#8220;Hem U\u00e7uyorlar Hem Denizin Tad\u0131n\u0131 \u00c7\u0131kar\u0131yorlar&#8221;<\/h2>\n\n\n\n<p class=\"wp-block-paragraph\">Yama\u00e7 para\u015f\u00fct\u00fc e\u011fitmeni <strong>Kadir Aksoy<\/strong>, hafta sonlar\u0131 b\u00f6lgede yo\u011funluk ya\u015fand\u0131\u011f\u0131n\u0131 belirterek \u015funlar\u0131 s\u00f6yledi:<\/p>\n\n\n\n<blockquote class=\"wp-block-quote is-layout-flow wp-block-quote-is-layout-flow\">\n<p class=\"wp-block-paragraph\">&#8220;\u00d6zellikle hafta sonu insanlar b\u00f6lgeye ak\u0131n ediyor. Hem U\u00e7makdere&#8217;nin do\u011fal g\u00fczelliklerinin tad\u0131n\u0131 \u00e7\u0131kar\u0131yor hem de denize giriyor. Adrenalin tutkunlar\u0131 ise yama\u00e7 para\u015f\u00fct\u00fc yaparak unutulmaz bir deneyim ya\u015f\u0131yor.&#8221;<\/p>\n<\/blockquote>\n\n\n\n<h2 class=\"wp-block-heading\">&#8220;Mavi ve Ye\u015filin Bulu\u015ftu\u011fu E\u015fsiz Bir Nokta&#8221;<\/h2>\n\n\n\n<p class=\"wp-block-paragraph\">Yama\u00e7 para\u015f\u00fct\u00fc sporcusu <strong>Bu\u011fra Kaya<\/strong> ise U\u00e7makdere&#8217;nin T\u00fcrkiye&#8217;nin en \u00f6zel do\u011fal alanlar\u0131ndan biri oldu\u011funu ifade ederek, burada u\u00e7u\u015f yapman\u0131n b\u00fcy\u00fck keyif verdi\u011fini s\u00f6yledi.<\/p>\n\n\n\n<p class=\"wp-block-paragraph\">Kaya, Marmara Denizi&#8217;nin mavisi ile Ganos Da\u011flar\u0131&#8217;n\u0131n ye\u015fil do\u011fas\u0131n\u0131n bulu\u015ftu\u011fu bu e\u015fsiz co\u011frafyan\u0131n herkes taraf\u0131ndan g\u00f6r\u00fclmesi gerekti\u011fini belirtti.<\/p>\n\n\n\n<p class=\"wp-block-paragraph\">Her mevsim do\u011faseverlerin ve ekstrem spor tutkunlar\u0131n\u0131n u\u011frak noktas\u0131 olan <strong>U\u00e7makdere<\/strong>, yaz aylar\u0131nda yama\u00e7 para\u015f\u00fct\u00fc, trekking, kamp ve deniz turizmini bir arada sunarak Tekirda\u011f&#8217;\u0131n \u00f6nemli turizm destinasyonlar\u0131 aras\u0131nda yer al\u0131yor.<\/p>\n","protected":false},"excerpt":{"rendered":"<p>Tekirda\u011f&#8217;\u0131n \u015eark\u00f6y il\u00e7esine ba\u011fl\u0131 U\u00e7makdere Mahallesi, hafta sonu yama\u00e7 para\u015f\u00fct\u00fc tutkunlar\u0131n\u0131n ak\u0131n\u0131na u\u011frad\u0131. Marmara Denizi&#8217;nin&#8230;<\/p>\n","protected":false},"author":1,"featured_media":2842,"comment_status":"closed","ping_status":"closed","sticky":false,"template":"","format":"standard","meta":{"footnotes":""},"categories":[11],"tags":[],"ppma_author":[57],"class_list":["post-2841","post","type-post","status-publish","format-standard","has-post-thumbnail","hentry","category-sarkoy"],"authors":[{"term_id":57,"user_id":1,"is_guest":0,"slug":"admin","display_name":"Alp Aslan","avatar_url":"https:\/\/secure.gravatar.com\/avatar\/07c18c5ad3350b025db8f3328450e071acb435c703e565899c880c63362f137a?s=96&d=mm&r=g","author_category":"1","first_name":"Alp Aslan","last_name":"ER\u0130N","user_url":"http:\/\/www.gundem59.com.tr","job_title":"","description":""}],"_links":{"self":[{"href":"https:\/\/gundem59.com.tr\/index.php?rest_route=\/wp\/v2\/posts\/2841","targetHints":{"allow":["GET"]}}],"collection":[{"href":"https:\/\/gundem59.com.tr\/index.php?rest_route=\/wp\/v2\/posts"}],"about":[{"href":"https:\/\/gundem59.com.tr\/index.php?rest_route=\/wp\/v2\/types\/post"}],"author":[{"embeddable":true,"href":"https:\/\/gundem59.com.tr\/index.php?rest_route=\/wp\/v2\/users\/1"}],"replies":[{"embeddable":true,"href":"https:\/\/gundem59.com.tr\/index.php?rest_route=%2Fwp%2Fv2%2Fcomments&post=2841"}],"version-history":[{"count":1,"href":"https:\/\/gundem59.com.tr\/index.php?rest_route=\/wp\/v2\/posts\/2841\/revisions"}],"predecessor-version":[{"id":2843,"href":"https:\/\/gundem59.com.tr\/index.php?rest_route=\/wp\/v2\/posts\/2841\/revisions\/2843"}],"wp:featuredmedia":[{"embeddable":true,"href":"https:\/\/gundem59.com.tr\/index.php?rest_route=\/wp\/v2\/media\/2842"}],"wp:attachment":[{"href":"https:\/\/gundem59.com.tr\/index.php?rest_route=%2Fwp%2Fv2%2Fmedia&parent=2841"}],"wp:term":[{"taxonomy":"category","embeddable":true,"href":"https:\/\/gundem59.com.tr\/index.php?rest_route=%2Fwp%2Fv2%2Fcategories&post=2841"},{"taxonomy":"post_tag","embeddable":true,"href":"https:\/\/gundem59.com.tr\/index.php?rest_route=%2Fwp%2Fv2%2Ftags&post=2841"},{"taxonomy":"author","embeddable":true,"href":"https:\/\/gundem59.com.tr\/index.php?rest_route=%2Fwp%2Fv2%2Fppma_author&post=2841"}],"curies":[{"name":"wp","href":"https:\/\/api.w.org\/{rel}","templated":true}]}}