{"id":2838,"date":"2026-07-06T07:05:11","date_gmt":"2026-07-06T07:05:11","guid":{"rendered":"https:\/\/gundem59.com.tr\/?p=2838"},"modified":"2026-07-06T07:05:12","modified_gmt":"2026-07-06T07:05:12","slug":"chp-sarkoy-ilce-baskani-seyhan-altinay-hayatini-kaybetti","status":"publish","type":"post","link":"https:\/\/gundem59.com.tr\/?p=2838","title":{"rendered":"CHP \u015eark\u00f6y \u0130l\u00e7e Ba\u015fkan\u0131 Seyhan Alt\u0131nay Hayat\u0131n\u0131 Kaybetti"},"content":{"rendered":"\n<p class=\"wp-block-paragraph\">Cumhuriyet Halk Partisi (CHP) \u015eark\u00f6y \u0130l\u00e7e Ba\u015fkan\u0131 <strong>Seyhan Alt\u0131nay<\/strong>, hayat\u0131n\u0131 kaybetti. Alt\u0131nay&#8217;\u0131n vefat haberi, ailesi, yak\u0131nlar\u0131, parti te\u015fkilat\u0131 ve \u015eark\u00f6y&#8217;de b\u00fcy\u00fck \u00fcz\u00fcnt\u00fcye neden oldu.<\/p>\n\n\n\n<p class=\"wp-block-paragraph\">Uzun y\u0131llard\u0131r CHP te\u015fkilat\u0131nda g\u00f6rev yapan ve \u015eark\u00f6y&#8217;de siyasi \u00e7al\u0131\u015fmalar\u0131yla tan\u0131nan Seyhan Alt\u0131nay&#8217;\u0131n vefat\u0131n\u0131n ard\u0131ndan \u00e7ok say\u0131da siyaset\u00e7i, partili ve kamuoyu temsilcisi taziye mesajlar\u0131 yay\u0131mlad\u0131.<\/p>\n\n\n\n<h2 class=\"wp-block-heading\">Ba\u015fkan Alpay Var&#8217;dan Taziye Mesaj\u0131<\/h2>\n\n\n\n<p class=\"wp-block-paragraph\">\u015eark\u00f6y Belediye Ba\u015fkan\u0131 <strong>Alpay Var<\/strong>, yay\u0131mlad\u0131\u011f\u0131 ba\u015fsa\u011fl\u0131\u011f\u0131 mesaj\u0131nda duydu\u011fu derin \u00fcz\u00fcnt\u00fcy\u00fc dile getirerek, Seyhan Alt\u0131nay&#8217;a Allah&#8217;tan rahmet, ailesine, yak\u0131nlar\u0131na ve t\u00fcm sevenlerine sab\u0131r ve ba\u015fsa\u011fl\u0131\u011f\u0131 temennisinde bulundu.<\/p>\n\n\n\n<p class=\"wp-block-paragraph\">Alt\u0131nay&#8217;\u0131n vefat\u0131, CHP camias\u0131nda ve il\u00e7e genelinde b\u00fcy\u00fck bir \u00fcz\u00fcnt\u00fcyle kar\u015f\u0131lan\u0131rken, sevenleri taraf\u0131ndan sayg\u0131 ve minnetle an\u0131l\u0131yor.<\/p>\n\n\n\n<h2 class=\"wp-block-heading\">Cenaze Program\u0131 Daha Sonra A\u00e7\u0131klanacak<\/h2>\n\n\n\n<p class=\"wp-block-paragraph\">Seyhan Alt\u0131nay&#8217;\u0131n cenaze t\u00f6renine ili\u015fkin tarih, saat ve defin program\u0131n\u0131n \u00f6n\u00fcm\u00fczdeki saatlerde ailesi ve CHP te\u015fkilat\u0131 taraf\u0131ndan kamuoyuyla payla\u015f\u0131lmas\u0131 bekleniyor.<\/p>\n","protected":false},"excerpt":{"rendered":"<p>Cumhuriyet Halk Partisi (CHP) \u015eark\u00f6y \u0130l\u00e7e Ba\u015fkan\u0131 Seyhan Alt\u0131nay, hayat\u0131n\u0131 kaybetti. Alt\u0131nay&#8217;\u0131n vefat haberi, ailesi,&#8230;<\/p>\n","protected":false},"author":1,"featured_media":2839,"comment_status":"closed","ping_status":"closed","sticky":false,"template":"","format":"standard","meta":{"footnotes":""},"categories":[11],"tags":[],"ppma_author":[57],"class_list":["post-2838","post","type-post","status-publish","format-standard","has-post-thumbnail","hentry","category-sarkoy"],"authors":[{"term_id":57,"user_id":1,"is_guest":0,"slug":"admin","display_name":"Alp Aslan","avatar_url":"https:\/\/secure.gravatar.com\/avatar\/07c18c5ad3350b025db8f3328450e071acb435c703e565899c880c63362f137a?s=96&d=mm&r=g","author_category":"1","first_name":"Alp Aslan","last_name":"ER\u0130N","user_url":"http:\/\/www.gundem59.com.tr","job_title":"","description":""}],"_links":{"self":[{"href":"https:\/\/gundem59.com.tr\/index.php?rest_route=\/wp\/v2\/posts\/2838","targetHints":{"allow":["GET"]}}],"collection":[{"href":"https:\/\/gundem59.com.tr\/index.php?rest_route=\/wp\/v2\/posts"}],"about":[{"href":"https:\/\/gundem59.com.tr\/index.php?rest_route=\/wp\/v2\/types\/post"}],"author":[{"embeddable":true,"href":"https:\/\/gundem59.com.tr\/index.php?rest_route=\/wp\/v2\/users\/1"}],"replies":[{"embeddable":true,"href":"https:\/\/gundem59.com.tr\/index.php?rest_route=%2Fwp%2Fv2%2Fcomments&post=2838"}],"version-history":[{"count":1,"href":"https:\/\/gundem59.com.tr\/index.php?rest_route=\/wp\/v2\/posts\/2838\/revisions"}],"predecessor-version":[{"id":2840,"href":"https:\/\/gundem59.com.tr\/index.php?rest_route=\/wp\/v2\/posts\/2838\/revisions\/2840"}],"wp:featuredmedia":[{"embeddable":true,"href":"https:\/\/gundem59.com.tr\/index.php?rest_route=\/wp\/v2\/media\/2839"}],"wp:attachment":[{"href":"https:\/\/gundem59.com.tr\/index.php?rest_route=%2Fwp%2Fv2%2Fmedia&parent=2838"}],"wp:term":[{"taxonomy":"category","embeddable":true,"href":"https:\/\/gundem59.com.tr\/index.php?rest_route=%2Fwp%2Fv2%2Fcategories&post=2838"},{"taxonomy":"post_tag","embeddable":true,"href":"https:\/\/gundem59.com.tr\/index.php?rest_route=%2Fwp%2Fv2%2Ftags&post=2838"},{"taxonomy":"author","embeddable":true,"href":"https:\/\/gundem59.com.tr\/index.php?rest_route=%2Fwp%2Fv2%2Fppma_author&post=2838"}],"curies":[{"name":"wp","href":"https:\/\/api.w.org\/{rel}","templated":true}]}}