{"id":2835,"date":"2026-07-06T07:02:06","date_gmt":"2026-07-06T07:02:06","guid":{"rendered":"https:\/\/gundem59.com.tr\/?p=2835"},"modified":"2026-07-06T07:02:07","modified_gmt":"2026-07-06T07:02:07","slug":"dedemandan-tekirdag-kapakliya-yeni-otel-yatirimi","status":"publish","type":"post","link":"https:\/\/gundem59.com.tr\/?p=2835","title":{"rendered":"Dedeman&#8217;dan Tekirda\u011f Kapakl\u0131&#8217;ya Yeni Otel Yat\u0131r\u0131m\u0131"},"content":{"rendered":"\n<p class=\"wp-block-paragraph\"><strong>Dedeman Hospitality<\/strong>, b\u00fcy\u00fcme stratejisi kapsam\u0131nda Tekirda\u011f&#8217;\u0131n h\u0131zla geli\u015fen il\u00e7elerinden <strong>Kapakl\u0131<\/strong>&#8216;ya yeni bir otel yat\u0131r\u0131m\u0131 ger\u00e7ekle\u015ftiriyor. <strong>Rest by Dedeman Tekirda\u011f Kapakl\u0131<\/strong> projesi i\u00e7in yat\u0131r\u0131mc\u0131 <strong>Ba\u015fyakut \u0130n\u015faat G\u0131da Turizm Nakliye Tekstil Sanayi ve Ticaret Ltd. \u015eti.<\/strong> ile i\u015f birli\u011fi protokol\u00fc imzaland\u0131.<\/p>\n\n\n\n<p class=\"wp-block-paragraph\">Sanayi ve ticaret alan\u0131ndaki g\u00fc\u00e7l\u00fc yap\u0131s\u0131yla dikkat \u00e7eken Kapakl\u0131&#8217;da hayata ge\u00e7irilecek yeni tesisin, \u00f6zellikle i\u015f d\u00fcnyas\u0131n\u0131n artan konaklama ihtiyac\u0131na modern ve konforlu \u00e7\u00f6z\u00fcmler sunmas\u0131 hedefleniyor.<\/p>\n\n\n\n<h2 class=\"wp-block-heading\">Sanayi B\u00f6lgesine Yak\u0131n Konum<\/h2>\n\n\n\n<p class=\"wp-block-paragraph\">\u00c7erkezk\u00f6y Organize Sanayi B\u00f6lgesi&#8217;ne yak\u0131n konumuyla \u00f6ne \u00e7\u0131kan Kapakl\u0131, son y\u0131llarda \u00fcretim kapasitesi ve yat\u0131r\u0131m hacmiyle Trakya&#8217;n\u0131n en h\u0131zl\u0131 b\u00fcy\u00fcyen il\u00e7eleri aras\u0131nda yer al\u0131yor. \u0130l\u00e7eye her g\u00fcn i\u015f amac\u0131yla gelen binlerce ziyaret\u00e7i nedeniyle nitelikli \u015fehir otellerine olan ihtiya\u00e7 da giderek art\u0131yor.<\/p>\n\n\n\n<p class=\"wp-block-paragraph\">Dedeman Hospitality, bu yat\u0131r\u0131mla birlikte i\u015f seyahatleri ba\u015fta olmak \u00fczere farkl\u0131 konaklama beklentilerine hitap eden yeni nesil bir \u015fehir otelini b\u00f6lgeye kazand\u0131rmay\u0131 ama\u00e7l\u0131yor.<\/p>\n\n\n\n<h2 class=\"wp-block-heading\">35 Odal\u0131 Butik Konsept<\/h2>\n\n\n\n<p class=\"wp-block-paragraph\">Rest by Dedeman Tekirda\u011f Kapakl\u0131, <strong>35 oda ve yakla\u015f\u0131k 70 yatak kapasitesiyle<\/strong> hizmet verecek. Modern ve sade mimarisiyle tasarlanan otel, y\u00fcksek h\u0131zl\u0131 internet altyap\u0131s\u0131, ortak \u00e7al\u0131\u015fma alanlar\u0131 ve fonksiyonel ya\u015fam alanlar\u0131yla \u00f6zellikle i\u015f seyahati yapan misafirlerin ihtiya\u00e7lar\u0131na cevap verecek.<\/p>\n\n\n\n<p class=\"wp-block-paragraph\">Dedeman Hospitality&#8217;nin yeni nesil markalar\u0131ndan biri olan <strong>Rest by Dedeman<\/strong>, geleneksel T\u00fcrk misafirperverli\u011fini \u00e7a\u011fda\u015f tasar\u0131m, pratik hizmet anlay\u0131\u015f\u0131 ve esnek konaklama \u00e7\u00f6z\u00fcmleriyle bir araya getiriyor.<\/p>\n\n\n\n<h2 class=\"wp-block-heading\">Restoran ve Kahve Noktas\u0131 Bulunacak<\/h2>\n\n\n\n<p class=\"wp-block-paragraph\">Projede konaklama hizmetinin yan\u0131 s\u0131ra sosyal ya\u015fam alanlar\u0131 da yer alacak. <strong>Mosta A La Carte Restaurant<\/strong>, yerel \u00fcr\u00fcnlerle haz\u0131rlanan et lezzetleri ve Avrupa mutfa\u011f\u0131ndan se\u00e7kin tatlar\u0131 misafirlerle bulu\u015fturacak. Restoran\u0131n i\u015f yemekleri ve \u00f6zel organizasyonlar i\u00e7in de tercih edilen bir mekan olmas\u0131 hedefleniyor.<\/p>\n\n\n\n<p class=\"wp-block-paragraph\">Otel b\u00fcnyesinde ayr\u0131ca uluslararas\u0131 kahve markas\u0131 <strong>Mikel Coffee<\/strong> hizmet verecek. Sosyal bulu\u015fmalar ve i\u015f g\u00f6r\u00fc\u015fmeleri i\u00e7in tasarlanan bu alan\u0131n, otelin \u015fehir ya\u015fam\u0131yla b\u00fct\u00fcnle\u015fmesine katk\u0131 sa\u011flamas\u0131 bekleniyor. Misafirlere ayr\u0131ca yerel \u00fcreticilerden temin edilen \u00fcr\u00fcnlerle haz\u0131rlanan a\u00e7\u0131k b\u00fcfe kahvalt\u0131 da sunulacak.<\/p>\n\n\n\n<h2 class=\"wp-block-heading\">&#8220;Kapakl\u0131&#8217;n\u0131n Geli\u015fimine Katk\u0131 Sa\u011flayacak&#8221;<\/h2>\n\n\n\n<p class=\"wp-block-paragraph\">Dedeman Hospitality Y\u00f6netim Kurulu Ba\u015fkan\u0131 <strong>Erg\u00fcn Demiray<\/strong>, yat\u0131r\u0131mlar\u0131n\u0131 \u015fehirlerin geli\u015fim potansiyeline g\u00f6re \u015fekillendirdiklerini belirterek, Kapakl\u0131&#8217;n\u0131n g\u00fc\u00e7l\u00fc \u00fcretim altyap\u0131s\u0131 ve geli\u015fen i\u015f d\u00fcnyas\u0131yla Trakya&#8217;n\u0131n y\u00fckselen merkezlerinden biri oldu\u011funu ifade etti. Demiray, yeni yat\u0131r\u0131m\u0131n hem b\u00f6lgenin kalk\u0131nmas\u0131na hem de \u015firketin b\u00fcy\u00fcme vizyonuna \u00f6nemli katk\u0131 sa\u011flayaca\u011f\u0131n\u0131 s\u00f6yledi.<\/p>\n\n\n\n<p class=\"wp-block-paragraph\">Dedeman Hospitality Y\u00f6netim Kurulu Ba\u015fkan Vekili ve \u015firketin d\u00f6rd\u00fcnc\u00fc ku\u015fak temsilcisi <strong>Murat \u00d6zmest\u00e7i<\/strong> ise her yeni yat\u0131r\u0131m\u0131 yaln\u0131zca bir otel projesi olarak de\u011fil, bulundu\u011fu \u015fehre uzun vadeli de\u011fer kazand\u0131ran bir i\u015f ortakl\u0131\u011f\u0131 olarak de\u011ferlendirdiklerini belirtti. \u00d6zmest\u00e7i, Rest by Dedeman Tekirda\u011f Kapakl\u0131&#8217;n\u0131n modern \u015fehir otelcili\u011fini Dedeman k\u00fclt\u00fcr\u00fcyle bulu\u015fturarak Kapakl\u0131&#8217;n\u0131n i\u015f ve sosyal ya\u015fam\u0131na \u00f6nemli katk\u0131lar sunaca\u011f\u0131na inand\u0131klar\u0131n\u0131 dile getirdi.<\/p>\n","protected":false},"excerpt":{"rendered":"<p>Dedeman Hospitality, b\u00fcy\u00fcme stratejisi kapsam\u0131nda Tekirda\u011f&#8217;\u0131n h\u0131zla geli\u015fen il\u00e7elerinden Kapakl\u0131&#8216;ya yeni bir otel yat\u0131r\u0131m\u0131 ger\u00e7ekle\u015ftiriyor&#8230;.<\/p>\n","protected":false},"author":1,"featured_media":2836,"comment_status":"closed","ping_status":"closed","sticky":false,"template":"","format":"standard","meta":{"footnotes":""},"categories":[7],"tags":[],"ppma_author":[57],"class_list":["post-2835","post","type-post","status-publish","format-standard","has-post-thumbnail","hentry","category-kapakli"],"authors":[{"term_id":57,"user_id":1,"is_guest":0,"slug":"admin","display_name":"Alp Aslan","avatar_url":"https:\/\/secure.gravatar.com\/avatar\/07c18c5ad3350b025db8f3328450e071acb435c703e565899c880c63362f137a?s=96&d=mm&r=g","author_category":"1","first_name":"Alp Aslan","last_name":"ER\u0130N","user_url":"http:\/\/www.gundem59.com.tr","job_title":"","description":""}],"_links":{"self":[{"href":"https:\/\/gundem59.com.tr\/index.php?rest_route=\/wp\/v2\/posts\/2835","targetHints":{"allow":["GET"]}}],"collection":[{"href":"https:\/\/gundem59.com.tr\/index.php?rest_route=\/wp\/v2\/posts"}],"about":[{"href":"https:\/\/gundem59.com.tr\/index.php?rest_route=\/wp\/v2\/types\/post"}],"author":[{"embeddable":true,"href":"https:\/\/gundem59.com.tr\/index.php?rest_route=\/wp\/v2\/users\/1"}],"replies":[{"embeddable":true,"href":"https:\/\/gundem59.com.tr\/index.php?rest_route=%2Fwp%2Fv2%2Fcomments&post=2835"}],"version-history":[{"count":1,"href":"https:\/\/gundem59.com.tr\/index.php?rest_route=\/wp\/v2\/posts\/2835\/revisions"}],"predecessor-version":[{"id":2837,"href":"https:\/\/gundem59.com.tr\/index.php?rest_route=\/wp\/v2\/posts\/2835\/revisions\/2837"}],"wp:featuredmedia":[{"embeddable":true,"href":"https:\/\/gundem59.com.tr\/index.php?rest_route=\/wp\/v2\/media\/2836"}],"wp:attachment":[{"href":"https:\/\/gundem59.com.tr\/index.php?rest_route=%2Fwp%2Fv2%2Fmedia&parent=2835"}],"wp:term":[{"taxonomy":"category","embeddable":true,"href":"https:\/\/gundem59.com.tr\/index.php?rest_route=%2Fwp%2Fv2%2Fcategories&post=2835"},{"taxonomy":"post_tag","embeddable":true,"href":"https:\/\/gundem59.com.tr\/index.php?rest_route=%2Fwp%2Fv2%2Ftags&post=2835"},{"taxonomy":"author","embeddable":true,"href":"https:\/\/gundem59.com.tr\/index.php?rest_route=%2Fwp%2Fv2%2Fppma_author&post=2835"}],"curies":[{"name":"wp","href":"https:\/\/api.w.org\/{rel}","templated":true}]}}