{"id":2828,"date":"2026-07-05T22:09:01","date_gmt":"2026-07-05T22:09:01","guid":{"rendered":"https:\/\/gundem59.com.tr\/?p=2828"},"modified":"2026-07-05T22:09:02","modified_gmt":"2026-07-05T22:09:02","slug":"tekirdag-polisinden-degirmenalti-sahilinde-genis-kapsamli-huzur-uygulamasi-yaklasik-bin-kisiye-gbt-sorgusu","status":"publish","type":"post","link":"https:\/\/gundem59.com.tr\/?p=2828","title":{"rendered":"Tekirda\u011f Polisi&#8217;nden De\u011firmenalt\u0131 Sahilinde Geni\u015f Kapsaml\u0131 Huzur Uygulamas\u0131: Yakla\u015f\u0131k Bin Ki\u015fiye GBT Sorgusu"},"content":{"rendered":"\n<p class=\"wp-block-paragraph\"><strong>TEK\u0130RDA\u011e<\/strong> \u2013 Tekirda\u011f \u0130l Emniyet M\u00fcd\u00fcrl\u00fc\u011f\u00fc ekipleri, yaz sezonunda artan sahil yo\u011funlu\u011fu nedeniyle S\u00fcleymanpa\u015fa il\u00e7esi De\u011firmenalt\u0131 Mahallesi kumsal\u0131nda geni\u015f kapsaml\u0131 huzur ve g\u00fcven uygulamas\u0131 ger\u00e7ekle\u015ftirdi. \u00c7ok say\u0131da polisin g\u00f6rev ald\u0131\u011f\u0131 denetimlerde yakla\u015f\u0131k bin ki\u015finin Genel Bilgi Toplama (GBT) sorgusu yap\u0131ld\u0131.<\/p>\n\n\n\n<p class=\"wp-block-paragraph\">Ak\u015fam saatlerinde ba\u015flayan uygulamaya S\u00fcleymanpa\u015fa \u0130l\u00e7e Emniyet M\u00fcd\u00fcrl\u00fc\u011f\u00fc ekiplerinin yan\u0131 s\u0131ra \u00c7evik Kuvvet \u015eube M\u00fcd\u00fcrl\u00fc\u011f\u00fc, Narkotik Su\u00e7larla M\u00fccadele \u015eube M\u00fcd\u00fcrl\u00fc\u011f\u00fc, G\u00fcvenlik \u015eube M\u00fcd\u00fcrl\u00fc\u011f\u00fc, Trafik Tescil ve Denetleme \u015eube M\u00fcd\u00fcrl\u00fc\u011f\u00fc ile farkl\u0131 \u015fubelerden \u00e7ok say\u0131da polis kat\u0131ld\u0131.<\/p>\n\n\n\n<p class=\"wp-block-paragraph\">Sahil band\u0131 ve kumsalda ger\u00e7ekle\u015ftirilen denetimlerde vatanda\u015flar\u0131n GBT sorgular\u0131 yap\u0131l\u0131rken, narkotik su\u00e7larla m\u00fccadele, ter\u00f6rle m\u00fccadele, asayi\u015f ve kamu d\u00fczeninin sa\u011flanmas\u0131na y\u00f6nelik kapsaml\u0131 kontroller ger\u00e7ekle\u015ftirildi. Uygulama kapsam\u0131nda yakla\u015f\u0131k bin ki\u015finin kimlik sorgusunun yap\u0131ld\u0131\u011f\u0131 \u00f6\u011frenildi.<\/p>\n\n\n\n<p class=\"wp-block-paragraph\">Polis ekipleri sahil boyunca yaya devriyeleriyle denetimlerini s\u00fcrd\u00fcr\u00fcrken, olu\u015fturulan kontrol noktalar\u0131nda ara\u00e7lar da durdurularak s\u00fcr\u00fcc\u00fclerin kimlik ve evrak kontrolleri ger\u00e7ekle\u015ftirildi. Yetkililer, \u00f6zellikle yaz aylar\u0131nda yo\u011funlu\u011fun artt\u0131\u011f\u0131 sahil b\u00f6lgelerinde vatanda\u015flar\u0131n huzur ve g\u00fcven i\u00e7inde vakit ge\u00e7irebilmesi amac\u0131yla benzer uygulamalar\u0131n aral\u0131ks\u0131z devam edece\u011fini belirtti.<\/p>\n\n\n\n<p class=\"wp-block-paragraph\">Tekirda\u011f \u0130l Emniyet M\u00fcd\u00fcrl\u00fc\u011f\u00fc yetkilileri, su\u00e7un \u00f6nlenmesi, aranan \u015fah\u0131slar\u0131n yakalanmas\u0131, uyu\u015fturucu madde kullan\u0131m\u0131n\u0131n engellenmesi ve kamu d\u00fczeninin korunmas\u0131na y\u00f6nelik denetimlerin kent genelinde belirli aral\u0131klarla s\u00fcrd\u00fcr\u00fclece\u011fini ifade etti.<\/p>\n\n\n\n<p class=\"wp-block-paragraph\">Yetkililer, vatanda\u015flar\u0131n g\u00fcvenli\u011finin sa\u011flanmas\u0131 ve kamu d\u00fczeninin korunmas\u0131na y\u00f6nelik bu t\u00fcr uygulamalar\u0131n, yaz sezonu boyunca \u00f6zellikle yo\u011fun kullan\u0131lan sosyal alanlarda art\u0131r\u0131larak devam edece\u011fini vurgulad\u0131.<\/p>\n","protected":false},"excerpt":{"rendered":"<p>TEK\u0130RDA\u011e \u2013 Tekirda\u011f \u0130l Emniyet M\u00fcd\u00fcrl\u00fc\u011f\u00fc ekipleri, yaz sezonunda artan sahil yo\u011funlu\u011fu nedeniyle S\u00fcleymanpa\u015fa il\u00e7esi&#8230;<\/p>\n","protected":false},"author":1,"featured_media":2829,"comment_status":"closed","ping_status":"closed","sticky":false,"template":"","format":"standard","meta":{"footnotes":""},"categories":[56],"tags":[],"ppma_author":[57],"class_list":["post-2828","post","type-post","status-publish","format-standard","has-post-thumbnail","hentry","category-guncel"],"authors":[{"term_id":57,"user_id":1,"is_guest":0,"slug":"admin","display_name":"Alp Aslan","avatar_url":"https:\/\/secure.gravatar.com\/avatar\/07c18c5ad3350b025db8f3328450e071acb435c703e565899c880c63362f137a?s=96&d=mm&r=g","author_category":"1","first_name":"Alp Aslan","last_name":"ER\u0130N","user_url":"http:\/\/www.gundem59.com.tr","job_title":"","description":""}],"_links":{"self":[{"href":"https:\/\/gundem59.com.tr\/index.php?rest_route=\/wp\/v2\/posts\/2828","targetHints":{"allow":["GET"]}}],"collection":[{"href":"https:\/\/gundem59.com.tr\/index.php?rest_route=\/wp\/v2\/posts"}],"about":[{"href":"https:\/\/gundem59.com.tr\/index.php?rest_route=\/wp\/v2\/types\/post"}],"author":[{"embeddable":true,"href":"https:\/\/gundem59.com.tr\/index.php?rest_route=\/wp\/v2\/users\/1"}],"replies":[{"embeddable":true,"href":"https:\/\/gundem59.com.tr\/index.php?rest_route=%2Fwp%2Fv2%2Fcomments&post=2828"}],"version-history":[{"count":1,"href":"https:\/\/gundem59.com.tr\/index.php?rest_route=\/wp\/v2\/posts\/2828\/revisions"}],"predecessor-version":[{"id":2830,"href":"https:\/\/gundem59.com.tr\/index.php?rest_route=\/wp\/v2\/posts\/2828\/revisions\/2830"}],"wp:featuredmedia":[{"embeddable":true,"href":"https:\/\/gundem59.com.tr\/index.php?rest_route=\/wp\/v2\/media\/2829"}],"wp:attachment":[{"href":"https:\/\/gundem59.com.tr\/index.php?rest_route=%2Fwp%2Fv2%2Fmedia&parent=2828"}],"wp:term":[{"taxonomy":"category","embeddable":true,"href":"https:\/\/gundem59.com.tr\/index.php?rest_route=%2Fwp%2Fv2%2Fcategories&post=2828"},{"taxonomy":"post_tag","embeddable":true,"href":"https:\/\/gundem59.com.tr\/index.php?rest_route=%2Fwp%2Fv2%2Ftags&post=2828"},{"taxonomy":"author","embeddable":true,"href":"https:\/\/gundem59.com.tr\/index.php?rest_route=%2Fwp%2Fv2%2Fppma_author&post=2828"}],"curies":[{"name":"wp","href":"https:\/\/api.w.org\/{rel}","templated":true}]}}