{"id":2820,"date":"2026-07-05T10:09:28","date_gmt":"2026-07-05T10:09:28","guid":{"rendered":"https:\/\/gundem59.com.tr\/?p=2820"},"modified":"2026-07-05T10:09:29","modified_gmt":"2026-07-05T10:09:29","slug":"chp-kulislerinde-tekirdag-il-baskani-cenk-boduc-iddiasi-gorev-degisikligi-gundemde-mi","status":"publish","type":"post","link":"https:\/\/gundem59.com.tr\/?p=2820","title":{"rendered":"CHP Kulislerinde Tekirda\u011f \u0130l Ba\u015fkan\u0131 Cenk Bodu\u00e7 \u0130ddias\u0131: G\u00f6rev De\u011fi\u015fikli\u011fi G\u00fcndemde mi?"},"content":{"rendered":"\n<p class=\"wp-block-paragraph\"><strong>TEK\u0130RDA\u011e<\/strong> \u2013 CHP Genel Merkezi&#8217;nin il te\u015fkilatlar\u0131na y\u00f6nelik y\u00fcr\u00fctt\u00fc\u011f\u00fc de\u011ferlendirme s\u00fcreciyle ilgili kulislerde \u00e7e\u015fitli iddialar konu\u015fulmaya devam ediyor. Parti kulislerine yans\u0131yan bilgilere g\u00f6re, CHP Tekirda\u011f \u0130l Ba\u015fkan\u0131 <strong>Cenk Bodu\u00e7<\/strong> hakk\u0131nda da Genel Merkez taraf\u0131ndan inceleme y\u00fcr\u00fct\u00fcld\u00fc\u011f\u00fc ve olas\u0131 bir g\u00f6rev de\u011fi\u015fikli\u011finin de\u011ferlendirildi\u011fi \u00f6ne s\u00fcr\u00fcl\u00fcyor.<\/p>\n\n\n\n<p class=\"wp-block-paragraph\">\u0130ddialara g\u00f6re, Genel Merkezin il ba\u015fkanl\u0131klar\u0131na ili\u015fkin y\u00fcr\u00fctt\u00fc\u011f\u00fc de\u011ferlendirme kapsam\u0131nda Tekirda\u011f te\u015fkilat\u0131na ait baz\u0131 bilgi ve belgeler de inceleniyor. Kulislerde, Bodu\u00e7&#8217;un ge\u00e7mi\u015fte yarg\u0131 s\u00fcre\u00e7lerine konu olan baz\u0131 dosyalar\u0131n da de\u011ferlendirmeye al\u0131nd\u0131\u011f\u0131 ileri s\u00fcr\u00fcl\u00fcyor.<\/p>\n\n\n\n<p class=\"wp-block-paragraph\">Ayn\u0131 iddialarda, Bodu\u00e7&#8217;un Tekirda\u011f B\u00fcy\u00fck\u015fehir Belediyesi&#8217;ndeki \u00d6zel Kalem M\u00fcd\u00fcrl\u00fc\u011f\u00fc g\u00f6revine atanma s\u00fcrecinin de inceleme ba\u015fl\u0131klar\u0131 aras\u0131nda yer ald\u0131\u011f\u0131 \u00f6ne s\u00fcr\u00fcl\u00fcyor.<\/p>\n\n\n\n<p class=\"wp-block-paragraph\">CHP kulislerinde konu\u015fulan iddialar\u0131n hen\u00fcz resmi makamlar veya parti y\u00f6netimi taraf\u0131ndan do\u011frulanmad\u0131\u011f\u0131 belirtilirken, konuya ili\u015fkin <strong>CHP Genel Merkezi&#8217;nden herhangi bir a\u00e7\u0131klama yap\u0131lmad\u0131.<\/strong><\/p>\n\n\n\n<p class=\"wp-block-paragraph\">\u00d6te yandan, <strong>Cenk Bodu\u00e7 taraf\u0131ndan da s\u00f6z konusu iddialarla ilgili kamuoyuna yap\u0131lm\u0131\u015f resmi bir a\u00e7\u0131klama bulunmuyor.<\/strong><\/p>\n\n\n\n<p class=\"wp-block-paragraph\">Parti kaynaklar\u0131ndan veya CHP Genel Merkezi&#8217;nden gelecek olas\u0131 a\u00e7\u0131klamalarla birlikte s\u00fcrecin \u00f6n\u00fcm\u00fczdeki g\u00fcnlerde netlik kazanmas\u0131 bekleniyor.<\/p>\n\n\n\n<blockquote class=\"wp-block-quote is-layout-flow wp-block-quote-is-layout-flow\">\n<p class=\"wp-block-paragraph\"><strong>Not:<\/strong> Bu haberde yer alan bilgiler, CHP kulislerinde dile getirilen iddialardan ibaret olup, iddialar hakk\u0131nda CHP Genel Merkezi veya Cenk Bodu\u00e7 taraf\u0131ndan yap\u0131lm\u0131\u015f resmi bir do\u011frulama ya da a\u00e7\u0131klama bulunmamaktad\u0131r. S\u00fcre\u00e7le ilgili resmi a\u00e7\u0131klamalar geldi\u011finde haber g\u00fcncellenecektir.<\/p>\n<\/blockquote>\n","protected":false},"excerpt":{"rendered":"<p>TEK\u0130RDA\u011e \u2013 CHP Genel Merkezi&#8217;nin il te\u015fkilatlar\u0131na y\u00f6nelik y\u00fcr\u00fctt\u00fc\u011f\u00fc de\u011ferlendirme s\u00fcreciyle ilgili kulislerde \u00e7e\u015fitli iddialar&#8230;<\/p>\n","protected":false},"author":1,"featured_media":2821,"comment_status":"closed","ping_status":"closed","sticky":false,"template":"","format":"standard","meta":{"footnotes":""},"categories":[52],"tags":[],"ppma_author":[57],"class_list":["post-2820","post","type-post","status-publish","format-standard","has-post-thumbnail","hentry","category-politika"],"authors":[{"term_id":57,"user_id":1,"is_guest":0,"slug":"admin","display_name":"Alp Aslan","avatar_url":"https:\/\/secure.gravatar.com\/avatar\/07c18c5ad3350b025db8f3328450e071acb435c703e565899c880c63362f137a?s=96&d=mm&r=g","author_category":"1","first_name":"Alp Aslan","last_name":"ER\u0130N","user_url":"http:\/\/www.gundem59.com.tr","job_title":"","description":""}],"_links":{"self":[{"href":"https:\/\/gundem59.com.tr\/index.php?rest_route=\/wp\/v2\/posts\/2820","targetHints":{"allow":["GET"]}}],"collection":[{"href":"https:\/\/gundem59.com.tr\/index.php?rest_route=\/wp\/v2\/posts"}],"about":[{"href":"https:\/\/gundem59.com.tr\/index.php?rest_route=\/wp\/v2\/types\/post"}],"author":[{"embeddable":true,"href":"https:\/\/gundem59.com.tr\/index.php?rest_route=\/wp\/v2\/users\/1"}],"replies":[{"embeddable":true,"href":"https:\/\/gundem59.com.tr\/index.php?rest_route=%2Fwp%2Fv2%2Fcomments&post=2820"}],"version-history":[{"count":1,"href":"https:\/\/gundem59.com.tr\/index.php?rest_route=\/wp\/v2\/posts\/2820\/revisions"}],"predecessor-version":[{"id":2822,"href":"https:\/\/gundem59.com.tr\/index.php?rest_route=\/wp\/v2\/posts\/2820\/revisions\/2822"}],"wp:featuredmedia":[{"embeddable":true,"href":"https:\/\/gundem59.com.tr\/index.php?rest_route=\/wp\/v2\/media\/2821"}],"wp:attachment":[{"href":"https:\/\/gundem59.com.tr\/index.php?rest_route=%2Fwp%2Fv2%2Fmedia&parent=2820"}],"wp:term":[{"taxonomy":"category","embeddable":true,"href":"https:\/\/gundem59.com.tr\/index.php?rest_route=%2Fwp%2Fv2%2Fcategories&post=2820"},{"taxonomy":"post_tag","embeddable":true,"href":"https:\/\/gundem59.com.tr\/index.php?rest_route=%2Fwp%2Fv2%2Ftags&post=2820"},{"taxonomy":"author","embeddable":true,"href":"https:\/\/gundem59.com.tr\/index.php?rest_route=%2Fwp%2Fv2%2Fppma_author&post=2820"}],"curies":[{"name":"wp","href":"https:\/\/api.w.org\/{rel}","templated":true}]}}