{"id":2817,"date":"2026-07-05T10:05:45","date_gmt":"2026-07-05T10:05:45","guid":{"rendered":"https:\/\/gundem59.com.tr\/?p=2817"},"modified":"2026-07-05T10:05:45","modified_gmt":"2026-07-05T10:05:45","slug":"tekirdagda-kuyumcu-krizi-yuksek-getiri-vaadiyle-altin-topladigi-iddia-edilen-isletme-kapandi","status":"publish","type":"post","link":"https:\/\/gundem59.com.tr\/?p=2817","title":{"rendered":"Tekirda\u011f&#8217;da Kuyumcu Krizi: Y\u00fcksek Getiri Vaadiyle Alt\u0131n Toplad\u0131\u011f\u0131 \u0130ddia Edilen \u0130\u015fletme Kapand\u0131"},"content":{"rendered":"\n<p class=\"wp-block-paragraph\"><strong>TEK\u0130RDA\u011e<\/strong> \u2013 Tekirda\u011f&#8217;\u0131n S\u00fcleymanpa\u015fa il\u00e7esinde faaliyet g\u00f6steren bir kuyumcunun, y\u00fcksek kazan\u00e7 vaadiyle \u00e7ok say\u0131da vatanda\u015ftan alt\u0131n toplad\u0131\u011f\u0131 ve yakla\u015f\u0131k iki haftad\u0131r i\u015f yerini a\u00e7mad\u0131\u011f\u0131 iddia edildi. \u0130\u015f yerine ula\u015famayan m\u00fc\u015fteriler, kuyumcu hakk\u0131nda savc\u0131l\u0131\u011fa ve emniyete ba\u015fvurarak \u015fikayet\u00e7i oldu.<\/p>\n\n\n\n<p class=\"wp-block-paragraph\">\u0130ddiaya g\u00f6re, uzun s\u00fcredir faaliyet g\u00f6steren kuyumcu, vatanda\u015flara <strong>y\u00fcksek alt\u0131n getirisi ve faiz kazanc\u0131<\/strong> vaat ederek emanet alt\u0131n toplad\u0131. Sisteme dahil olan \u00e7ok say\u0131da ki\u015finin \u00e7e\u015fitli miktarlarda alt\u0131nlar\u0131n\u0131 i\u015fletmeye teslim etti\u011fi \u00f6ne s\u00fcr\u00fcld\u00fc.<\/p>\n\n\n\n<h2 class=\"wp-block-heading\">\u0130\u015f Yeri Yakla\u015f\u0131k \u0130ki Haftad\u0131r Kapal\u0131<\/h2>\n\n\n\n<p class=\"wp-block-paragraph\">Son g\u00fcnlerde i\u015f yerine gelen vatanda\u015flar, kepenklerin kapal\u0131 oldu\u011funu g\u00f6r\u00fcnce b\u00fcy\u00fck \u015fa\u015fk\u0131nl\u0131k ya\u015fad\u0131. Yakla\u015f\u0131k iki haftad\u0131r faaliyet g\u00f6stermedi\u011fi belirtilen kuyumcuya telefonla da ula\u015f\u0131lamad\u0131\u011f\u0131 iddia edildi.<\/p>\n\n\n\n<p class=\"wp-block-paragraph\">Bunun \u00fczerine alt\u0131nlar\u0131n\u0131 teslim ettiklerini belirten \u00e7ok say\u0131da m\u00fc\u015fteri, haklar\u0131n\u0131 aramak i\u00e7in resmi makamlara ba\u015fvurdu.<\/p>\n\n\n\n<h2 class=\"wp-block-heading\">Ma\u011fdurlar \u015eikayet\u00e7i Oldu<\/h2>\n\n\n\n<p class=\"wp-block-paragraph\">\u0130\u015fletmeye alt\u0131n b\u0131rakt\u0131klar\u0131n\u0131 \u00f6ne s\u00fcren vatanda\u015flar, ma\u011fdur olduklar\u0131n\u0131 belirterek emniyet ve Cumhuriyet Ba\u015fsavc\u0131l\u0131\u011f\u0131na su\u00e7 duyurusunda bulundu. Olay\u0131n ard\u0131ndan ma\u011fdurlar\u0131n say\u0131s\u0131n\u0131n artabilece\u011fi ifade ediliyor.<\/p>\n\n\n\n<h2 class=\"wp-block-heading\">Soru\u015fturma Ba\u015flat\u0131lmas\u0131 Bekleniyor<\/h2>\n\n\n\n<p class=\"wp-block-paragraph\">Olayla ilgili resmi makamlar\u0131n ba\u015fvurular do\u011frultusunda inceleme ba\u015flatmas\u0131 beklenirken, iddialar\u0131n soru\u015fturma sonucunda netlik kazanaca\u011f\u0131 \u00f6\u011frenildi.<\/p>\n\n\n\n<p class=\"wp-block-paragraph\">Yetkililerden hen\u00fcz olayla ilgili resmi bir a\u00e7\u0131klama yap\u0131lmazken, soru\u015fturman\u0131n seyri kamuoyu taraf\u0131ndan yak\u0131ndan takip ediliyor.<\/p>\n","protected":false},"excerpt":{"rendered":"<p>TEK\u0130RDA\u011e \u2013 Tekirda\u011f&#8217;\u0131n S\u00fcleymanpa\u015fa il\u00e7esinde faaliyet g\u00f6steren bir kuyumcunun, y\u00fcksek kazan\u00e7 vaadiyle \u00e7ok say\u0131da vatanda\u015ftan&#8230;<\/p>\n","protected":false},"author":1,"featured_media":2818,"comment_status":"closed","ping_status":"closed","sticky":false,"template":"","format":"standard","meta":{"footnotes":""},"categories":[56],"tags":[],"ppma_author":[57],"class_list":["post-2817","post","type-post","status-publish","format-standard","has-post-thumbnail","hentry","category-guncel"],"authors":[{"term_id":57,"user_id":1,"is_guest":0,"slug":"admin","display_name":"Alp Aslan","avatar_url":"https:\/\/secure.gravatar.com\/avatar\/07c18c5ad3350b025db8f3328450e071acb435c703e565899c880c63362f137a?s=96&d=mm&r=g","author_category":"1","first_name":"Alp Aslan","last_name":"ER\u0130N","user_url":"http:\/\/www.gundem59.com.tr","job_title":"","description":""}],"_links":{"self":[{"href":"https:\/\/gundem59.com.tr\/index.php?rest_route=\/wp\/v2\/posts\/2817","targetHints":{"allow":["GET"]}}],"collection":[{"href":"https:\/\/gundem59.com.tr\/index.php?rest_route=\/wp\/v2\/posts"}],"about":[{"href":"https:\/\/gundem59.com.tr\/index.php?rest_route=\/wp\/v2\/types\/post"}],"author":[{"embeddable":true,"href":"https:\/\/gundem59.com.tr\/index.php?rest_route=\/wp\/v2\/users\/1"}],"replies":[{"embeddable":true,"href":"https:\/\/gundem59.com.tr\/index.php?rest_route=%2Fwp%2Fv2%2Fcomments&post=2817"}],"version-history":[{"count":1,"href":"https:\/\/gundem59.com.tr\/index.php?rest_route=\/wp\/v2\/posts\/2817\/revisions"}],"predecessor-version":[{"id":2819,"href":"https:\/\/gundem59.com.tr\/index.php?rest_route=\/wp\/v2\/posts\/2817\/revisions\/2819"}],"wp:featuredmedia":[{"embeddable":true,"href":"https:\/\/gundem59.com.tr\/index.php?rest_route=\/wp\/v2\/media\/2818"}],"wp:attachment":[{"href":"https:\/\/gundem59.com.tr\/index.php?rest_route=%2Fwp%2Fv2%2Fmedia&parent=2817"}],"wp:term":[{"taxonomy":"category","embeddable":true,"href":"https:\/\/gundem59.com.tr\/index.php?rest_route=%2Fwp%2Fv2%2Fcategories&post=2817"},{"taxonomy":"post_tag","embeddable":true,"href":"https:\/\/gundem59.com.tr\/index.php?rest_route=%2Fwp%2Fv2%2Ftags&post=2817"},{"taxonomy":"author","embeddable":true,"href":"https:\/\/gundem59.com.tr\/index.php?rest_route=%2Fwp%2Fv2%2Fppma_author&post=2817"}],"curies":[{"name":"wp","href":"https:\/\/api.w.org\/{rel}","templated":true}]}}