{"id":2811,"date":"2026-07-05T09:54:45","date_gmt":"2026-07-05T09:54:45","guid":{"rendered":"https:\/\/gundem59.com.tr\/?p=2811"},"modified":"2026-07-05T09:54:45","modified_gmt":"2026-07-05T09:54:45","slug":"degirmenalti-deresindeki-balik-olumleri-inceleme-altinda-numuneler-laboratuvara-gonderildi","status":"publish","type":"post","link":"https:\/\/gundem59.com.tr\/?p=2811","title":{"rendered":"De\u011firmenalt\u0131 Deresi&#8217;ndeki Bal\u0131k \u00d6l\u00fcmleri \u0130nceleme Alt\u0131nda: Numuneler Laboratuvara G\u00f6nderildi"},"content":{"rendered":"\n<p class=\"wp-block-paragraph\"><strong>TEK\u0130RDA\u011e<\/strong> \u2013 Tekirda\u011f&#8217;\u0131n S\u00fcleymanpa\u015fa il\u00e7esindeki <strong>De\u011firmenalt\u0131 Deresi&#8217;nde<\/strong> g\u00f6r\u00fclen bal\u0131k \u00f6l\u00fcmleri \u00fczerine ilgili kurumlar harekete ge\u00e7ti. Tekirda\u011f B\u00fcy\u00fck\u015fehir Belediyesi ile Tekirda\u011f \u0130l Tar\u0131m ve Orman M\u00fcd\u00fcrl\u00fc\u011f\u00fc ekipleri b\u00f6lgede inceleme ba\u015flat\u0131rken, olay\u0131n nedeninin belirlenmesi amac\u0131yla su ve bal\u0131k numuneleri laboratuvara g\u00f6nderildi.<\/p>\n\n\n\n<p class=\"wp-block-paragraph\">Bal\u0131k \u00f6l\u00fcmlerinin ihbar edilmesinin ard\u0131ndan Tekirda\u011f B\u00fcy\u00fck\u015fehir Belediye Ba\u015fkan\u0131 <strong>Dr. Candan Y\u00fcceer&#8217;in<\/strong> talimat\u0131yla belediyenin ilgili birimleri koordineli \u015fekilde sahaya sevk edildi.<\/p>\n\n\n\n<h2 class=\"wp-block-heading\">Kurumlar E\u015f Zamanl\u0131 \u00c7al\u0131\u015fma Y\u00fcr\u00fctt\u00fc<\/h2>\n\n\n\n<p class=\"wp-block-paragraph\">\u0130ncelemelere Tekirda\u011f B\u00fcy\u00fck\u015fehir Belediyesi Veteriner \u0130\u015fleri Dairesi Ba\u015fkanl\u0131\u011f\u0131, \u00c7evre Koruma ve Kontrol Dairesi Ba\u015fkanl\u0131\u011f\u0131 ile Tekirda\u011f \u0130l Tar\u0131m ve Orman M\u00fcd\u00fcrl\u00fc\u011f\u00fc Su \u00dcr\u00fcnleri Kontrol ekipleri kat\u0131ld\u0131. Ekipler, dere yata\u011f\u0131nda detayl\u0131 incelemelerde bulunarak olay\u0131n nedenini ara\u015ft\u0131rmaya ba\u015flad\u0131.<\/p>\n\n\n\n<h2 class=\"wp-block-heading\">Su ve Bal\u0131k Numuneleri Al\u0131nd\u0131<\/h2>\n\n\n\n<p class=\"wp-block-paragraph\">\u0130l Tar\u0131m ve Orman M\u00fcd\u00fcrl\u00fc\u011f\u00fc ekipleri taraf\u0131ndan yap\u0131lan resmi kontrollerde suyun pH de\u011feri, \u00e7\u00f6z\u00fcnm\u00fc\u015f oksijen seviyesi, s\u0131cakl\u0131\u011f\u0131, iletkenlik de\u011feri ve oksidasyon-red\u00fcksiyon potansiyeli (ORP) \u00f6l\u00e7\u00fcld\u00fc. Ayn\u0131 zamanda kapsaml\u0131 laboratuvar analizleri yap\u0131lmas\u0131 amac\u0131yla dere suyundan ve \u00f6len bal\u0131klardan numuneler al\u0131nd\u0131.<\/p>\n\n\n\n<p class=\"wp-block-paragraph\">Yap\u0131lan ilk \u00f6l\u00e7\u00fcmlerde;<\/p>\n\n\n\n<ul class=\"wp-block-list\">\n<li><strong>pH:<\/strong> 6,45<\/li>\n\n\n\n<li><strong>\u00c7\u00f6z\u00fcnm\u00fc\u015f oksijen:<\/strong> 10,50 mg\/L<\/li>\n\n\n\n<li><strong>Su s\u0131cakl\u0131\u011f\u0131:<\/strong> 21,6 \u00b0C<\/li>\n\n\n\n<li><strong>\u0130letkenlik:<\/strong> 121,0 \u00b5S\/cm<\/li>\n\n\n\n<li><strong>ORP:<\/strong> -0,1 mV<\/li>\n\n\n\n<li><strong>\u00d6l\u00e7\u00fcm derinli\u011fi:<\/strong> 0,32 metre<\/li>\n<\/ul>\n\n\n\n<p class=\"wp-block-paragraph\">olarak tespit edildi.<\/p>\n\n\n\n<h2 class=\"wp-block-heading\">\u0130lk Bulgular: Su De\u011ferleri Normal S\u0131n\u0131rlarda<\/h2>\n\n\n\n<p class=\"wp-block-paragraph\">Yetkililer taraf\u0131ndan yap\u0131lan ilk de\u011ferlendirmede, \u00f6l\u00e7\u00fclen su parametrelerinin normal s\u0131n\u0131rlar i\u00e7erisinde bulundu\u011fu ve bal\u0131k \u00f6l\u00fcmlerinin mevcut su kalitesiyle do\u011frudan ili\u015fkilendirilemedi\u011fi belirtildi.<\/p>\n\n\n\n<p class=\"wp-block-paragraph\">Bal\u0131k \u00f6l\u00fcmlerinin kesin nedeninin, laboratuvarda yap\u0131lacak detayl\u0131 analizlerin tamamlanmas\u0131n\u0131n ard\u0131ndan netlik kazanaca\u011f\u0131 ifade edildi.<\/p>\n\n\n\n<h2 class=\"wp-block-heading\">Sonu\u00e7lar Kamuoyuyla Payla\u015f\u0131lacak<\/h2>\n\n\n\n<p class=\"wp-block-paragraph\">Tekirda\u011f B\u00fcy\u00fck\u015fehir Belediyesi, \u00e7evre ve su ekosistemini ilgilendiren olay\u0131n t\u00fcm y\u00f6nleriyle ara\u015ft\u0131r\u0131ld\u0131\u011f\u0131n\u0131 belirterek, laboratuvar sonu\u00e7lar\u0131n\u0131n ard\u0131ndan haz\u0131rlanacak teknik rapor do\u011frultusunda gerekli idari ve teknik i\u015flemlerin uygulanaca\u011f\u0131n\u0131 bildirdi.<\/p>\n\n\n\n<p class=\"wp-block-paragraph\">Yetkililer, inceleme s\u00fcrecinin \u015feffaf \u015fekilde y\u00fcr\u00fct\u00fcld\u00fc\u011f\u00fcn\u00fc ve analiz sonu\u00e7lar\u0131n\u0131n kamuoyuyla payla\u015f\u0131laca\u011f\u0131n\u0131 kaydetti.<\/p>\n","protected":false},"excerpt":{"rendered":"<p>TEK\u0130RDA\u011e \u2013 Tekirda\u011f&#8217;\u0131n S\u00fcleymanpa\u015fa il\u00e7esindeki De\u011firmenalt\u0131 Deresi&#8217;nde g\u00f6r\u00fclen bal\u0131k \u00f6l\u00fcmleri \u00fczerine ilgili kurumlar harekete ge\u00e7ti&#8230;.<\/p>\n","protected":false},"author":1,"featured_media":2812,"comment_status":"closed","ping_status":"closed","sticky":false,"template":"","format":"standard","meta":{"footnotes":""},"categories":[56],"tags":[],"ppma_author":[57],"class_list":["post-2811","post","type-post","status-publish","format-standard","has-post-thumbnail","hentry","category-guncel"],"authors":[{"term_id":57,"user_id":1,"is_guest":0,"slug":"admin","display_name":"Alp Aslan","avatar_url":"https:\/\/secure.gravatar.com\/avatar\/07c18c5ad3350b025db8f3328450e071acb435c703e565899c880c63362f137a?s=96&d=mm&r=g","author_category":"1","first_name":"Alp Aslan","last_name":"ER\u0130N","user_url":"http:\/\/www.gundem59.com.tr","job_title":"","description":""}],"_links":{"self":[{"href":"https:\/\/gundem59.com.tr\/index.php?rest_route=\/wp\/v2\/posts\/2811","targetHints":{"allow":["GET"]}}],"collection":[{"href":"https:\/\/gundem59.com.tr\/index.php?rest_route=\/wp\/v2\/posts"}],"about":[{"href":"https:\/\/gundem59.com.tr\/index.php?rest_route=\/wp\/v2\/types\/post"}],"author":[{"embeddable":true,"href":"https:\/\/gundem59.com.tr\/index.php?rest_route=\/wp\/v2\/users\/1"}],"replies":[{"embeddable":true,"href":"https:\/\/gundem59.com.tr\/index.php?rest_route=%2Fwp%2Fv2%2Fcomments&post=2811"}],"version-history":[{"count":1,"href":"https:\/\/gundem59.com.tr\/index.php?rest_route=\/wp\/v2\/posts\/2811\/revisions"}],"predecessor-version":[{"id":2813,"href":"https:\/\/gundem59.com.tr\/index.php?rest_route=\/wp\/v2\/posts\/2811\/revisions\/2813"}],"wp:featuredmedia":[{"embeddable":true,"href":"https:\/\/gundem59.com.tr\/index.php?rest_route=\/wp\/v2\/media\/2812"}],"wp:attachment":[{"href":"https:\/\/gundem59.com.tr\/index.php?rest_route=%2Fwp%2Fv2%2Fmedia&parent=2811"}],"wp:term":[{"taxonomy":"category","embeddable":true,"href":"https:\/\/gundem59.com.tr\/index.php?rest_route=%2Fwp%2Fv2%2Fcategories&post=2811"},{"taxonomy":"post_tag","embeddable":true,"href":"https:\/\/gundem59.com.tr\/index.php?rest_route=%2Fwp%2Fv2%2Ftags&post=2811"},{"taxonomy":"author","embeddable":true,"href":"https:\/\/gundem59.com.tr\/index.php?rest_route=%2Fwp%2Fv2%2Fppma_author&post=2811"}],"curies":[{"name":"wp","href":"https:\/\/api.w.org\/{rel}","templated":true}]}}