{"id":2807,"date":"2026-07-05T09:52:29","date_gmt":"2026-07-05T09:52:29","guid":{"rendered":"https:\/\/gundem59.com.tr\/?p=2807"},"modified":"2026-07-05T09:52:30","modified_gmt":"2026-07-05T09:52:30","slug":"ozgur-ozel-tutuklu-komedyen-deniz-goktasi-tekirdag-cezaevinde-ziyaret-etti","status":"publish","type":"post","link":"https:\/\/gundem59.com.tr\/?p=2807","title":{"rendered":"\u00d6zg\u00fcr \u00d6zel, Tutuklu Komedyen Deniz G\u00f6kta\u015f&#8217;\u0131 Tekirda\u011f Cezaevi&#8217;nde Ziyaret Etti"},"content":{"rendered":"\n<p class=\"wp-block-paragraph\"><strong>TEK\u0130RDA\u011e<\/strong> \u2013 CHP Genel Ba\u015fkan\u0131 <strong>\u00d6zg\u00fcr \u00d6zel<\/strong>, tutuklu bulunan komedyen <strong>Deniz G\u00f6kta\u015f&#8217;\u0131<\/strong> Tekirda\u011f Karatepe Cezaevi&#8217;nde ziyaret etti. Ziyarete ili\u015fkin bilgi, CHP&#8217;nin resmi ileti\u015fim kanallar\u0131 \u00fczerinden kamuoyuyla payla\u015f\u0131ld\u0131.<\/p>\n\n\n\n<p class=\"wp-block-paragraph\">CHP taraf\u0131ndan yap\u0131lan a\u00e7\u0131klamada, Genel Ba\u015fkan \u00d6zg\u00fcr \u00d6zel&#8217;in Tekirda\u011f Karatepe Cezaevi&#8217;nde tutuklu bulunan Deniz G\u00f6kta\u015f ile g\u00f6r\u00fc\u015ft\u00fc\u011f\u00fc belirtilirken, g\u00f6r\u00fc\u015fmenin i\u00e7eri\u011fine ili\u015fkin herhangi bir a\u00e7\u0131klama yap\u0131lmad\u0131.<\/p>\n\n\n\n<h2 class=\"wp-block-heading\">Ziyaret \u00d6nceki Tart\u0131\u015fmalar\u0131 Yeniden G\u00fcndeme Getirdi<\/h2>\n\n\n\n<p class=\"wp-block-paragraph\">\u00d6zg\u00fcr \u00d6zel&#8217;in ziyareti, daha \u00f6nce Deniz G\u00f6kta\u015f ile CHP&#8217;nin eski Genel Ba\u015fkan\u0131 Kemal K\u0131l\u0131\u00e7daro\u011flu aras\u0131nda ya\u015fanan ve kamuoyunda geni\u015f yank\u0131 uyand\u0131ran g\u00f6r\u00fc\u015fmeyi yeniden g\u00fcndeme ta\u015f\u0131d\u0131.<\/p>\n\n\n\n<p class=\"wp-block-paragraph\">K\u0131l\u0131\u00e7daro\u011flu, G\u00f6kta\u015f&#8217;\u0131n yarg\u0131land\u0131\u011f\u0131 s\u00fcre\u00e7te destek amac\u0131yla mahkemeye gitmi\u015f, adliye \u00f6n\u00fcnde baz\u0131 vatanda\u015flar\u0131n tepkisiyle kar\u015f\u0131la\u015fm\u0131\u015ft\u0131.<\/p>\n\n\n\n<figure class=\"wp-block-image size-full\"><img  title=\"\" loading=\"lazy\" decoding=\"async\" width=\"372\" height=\"209\" src=\"https:\/\/gundem59.com.tr\/wp-content\/uploads\/2026\/07\/ozgur-ozel-tutuklu-komedyen-deniz-goktas-i-cezaevinde-ziyaret-etti-20020420_1606_amp.jpg\"  alt=\"ozgur-ozel-tutuklu-komedyen-deniz-goktas-i-cezaevinde-ziyaret-etti-20020420_1606_amp \u00d6zg\u00fcr \u00d6zel, Tutuklu Komedyen Deniz G\u00f6kta\u015f&#039;\u0131 Tekirda\u011f Cezaevi&#039;nde Ziyaret Etti\"  class=\"wp-image-2809\" srcset=\"https:\/\/gundem59.com.tr\/wp-content\/uploads\/2026\/07\/ozgur-ozel-tutuklu-komedyen-deniz-goktas-i-cezaevinde-ziyaret-etti-20020420_1606_amp.jpg 372w, https:\/\/gundem59.com.tr\/wp-content\/uploads\/2026\/07\/ozgur-ozel-tutuklu-komedyen-deniz-goktas-i-cezaevinde-ziyaret-etti-20020420_1606_amp-300x169.jpg 300w\" sizes=\"auto, (max-width: 372px) 100vw, 372px\" \/><\/figure>\n\n\n\n<h2 class=\"wp-block-heading\">Deniz G\u00f6kta\u015f&#8217;tan Dikkat \u00c7eken A\u00e7\u0131klama<\/h2>\n\n\n\n<p class=\"wp-block-paragraph\">Mahkeme s\u00fcrecinin ard\u0131ndan avukat\u0131 arac\u0131l\u0131\u011f\u0131yla a\u00e7\u0131klama yapan Deniz G\u00f6kta\u015f, Kemal K\u0131l\u0131\u00e7daro\u011flu ile g\u00f6r\u00fc\u015fmeyi kendisinin talep etmedi\u011fini ifade etmi\u015fti.<\/p>\n\n\n\n<p class=\"wp-block-paragraph\">G\u00f6kta\u015f, a\u00e7\u0131klamas\u0131nda \u015fu de\u011ferlendirmede bulunmu\u015ftu:<\/p>\n\n\n\n<blockquote class=\"wp-block-quote is-layout-flow wp-block-quote-is-layout-flow\">\n<p class=\"wp-block-paragraph\">&#8220;Sabah Kemal Bey&#8217;in burada oldu\u011fu ve g\u00f6r\u00fc\u015fmek istedi\u011fi haberi geldi. G\u00f6r\u00fc\u015fmek istemedi\u011fimi s\u00f6yledim. Sulh Ceza Hakimli\u011fi&#8217;ne \u00e7\u0131kmadan \u00f6nce emrivaki \u015fekilde g\u00f6r\u00fc\u015ft\u00fck. Ge\u00e7mi\u015f olsun dedi, te\u015fekk\u00fcr ettim. Bir ihtiyac\u0131m olup olmad\u0131\u011f\u0131n\u0131 sordu, olmad\u0131\u011f\u0131n\u0131 s\u00f6yledim. Kendisine, &#8216;Madem geldiniz, milyonlarca gencin bir ricas\u0131 var; l\u00fctfen CHP&#8217;yi sal\u0131n.&#8217; dedim.&#8221;<\/p>\n<\/blockquote>\n\n\n\n<p class=\"wp-block-paragraph\">G\u00f6kta\u015f, a\u00e7\u0131klamas\u0131n\u0131n devam\u0131nda ise 2023 Cumhurba\u015fkanl\u0131\u011f\u0131 se\u00e7imlerinde Kemal K\u0131l\u0131\u00e7daro\u011flu&#8217;na oy verdi\u011fini belirterek ya\u015fad\u0131\u011f\u0131 hayal k\u0131r\u0131kl\u0131\u011f\u0131n\u0131 dile getirmi\u015fti.<\/p>\n\n\n\n<h2 class=\"wp-block-heading\">Resmi A\u00e7\u0131klama Yap\u0131lmad\u0131<\/h2>\n\n\n\n<p class=\"wp-block-paragraph\">\u00d6zg\u00fcr \u00d6zel&#8217;in Tekirda\u011f Karatepe Cezaevi&#8217;ndeki ziyareti sonras\u0131nda ne CHP taraf\u0131ndan ne de Deniz G\u00f6kta\u015f&#8217;\u0131n avukatlar\u0131 taraf\u0131ndan g\u00f6r\u00fc\u015fmenin i\u00e7eri\u011fine ili\u015fkin ayr\u0131nt\u0131l\u0131 bir a\u00e7\u0131klama payla\u015f\u0131lmad\u0131.<\/p>\n\n\n\n<p class=\"wp-block-paragraph\">\u00d6zel&#8217;in ziyareti, kamuoyunda daha \u00f6nce ya\u015fanan geli\u015fmeler nedeniyle yeniden siyasi tart\u0131\u015fmalar\u0131n oda\u011f\u0131na ta\u015f\u0131n\u0131rken, konuyla ilgili s\u00fcre\u00e7 yak\u0131ndan takip ediliyor.<\/p>\n","protected":false},"excerpt":{"rendered":"<p>TEK\u0130RDA\u011e \u2013 CHP Genel Ba\u015fkan\u0131 \u00d6zg\u00fcr \u00d6zel, tutuklu bulunan komedyen Deniz G\u00f6kta\u015f&#8217;\u0131 Tekirda\u011f Karatepe Cezaevi&#8217;nde&#8230;<\/p>\n","protected":false},"author":1,"featured_media":2808,"comment_status":"closed","ping_status":"closed","sticky":false,"template":"","format":"standard","meta":{"footnotes":""},"categories":[52],"tags":[],"ppma_author":[57],"class_list":["post-2807","post","type-post","status-publish","format-standard","has-post-thumbnail","hentry","category-politika"],"authors":[{"term_id":57,"user_id":1,"is_guest":0,"slug":"admin","display_name":"Alp Aslan","avatar_url":"https:\/\/secure.gravatar.com\/avatar\/07c18c5ad3350b025db8f3328450e071acb435c703e565899c880c63362f137a?s=96&d=mm&r=g","author_category":"1","first_name":"Alp Aslan","last_name":"ER\u0130N","user_url":"http:\/\/www.gundem59.com.tr","job_title":"","description":""}],"_links":{"self":[{"href":"https:\/\/gundem59.com.tr\/index.php?rest_route=\/wp\/v2\/posts\/2807","targetHints":{"allow":["GET"]}}],"collection":[{"href":"https:\/\/gundem59.com.tr\/index.php?rest_route=\/wp\/v2\/posts"}],"about":[{"href":"https:\/\/gundem59.com.tr\/index.php?rest_route=\/wp\/v2\/types\/post"}],"author":[{"embeddable":true,"href":"https:\/\/gundem59.com.tr\/index.php?rest_route=\/wp\/v2\/users\/1"}],"replies":[{"embeddable":true,"href":"https:\/\/gundem59.com.tr\/index.php?rest_route=%2Fwp%2Fv2%2Fcomments&post=2807"}],"version-history":[{"count":1,"href":"https:\/\/gundem59.com.tr\/index.php?rest_route=\/wp\/v2\/posts\/2807\/revisions"}],"predecessor-version":[{"id":2810,"href":"https:\/\/gundem59.com.tr\/index.php?rest_route=\/wp\/v2\/posts\/2807\/revisions\/2810"}],"wp:featuredmedia":[{"embeddable":true,"href":"https:\/\/gundem59.com.tr\/index.php?rest_route=\/wp\/v2\/media\/2808"}],"wp:attachment":[{"href":"https:\/\/gundem59.com.tr\/index.php?rest_route=%2Fwp%2Fv2%2Fmedia&parent=2807"}],"wp:term":[{"taxonomy":"category","embeddable":true,"href":"https:\/\/gundem59.com.tr\/index.php?rest_route=%2Fwp%2Fv2%2Fcategories&post=2807"},{"taxonomy":"post_tag","embeddable":true,"href":"https:\/\/gundem59.com.tr\/index.php?rest_route=%2Fwp%2Fv2%2Ftags&post=2807"},{"taxonomy":"author","embeddable":true,"href":"https:\/\/gundem59.com.tr\/index.php?rest_route=%2Fwp%2Fv2%2Fppma_author&post=2807"}],"curies":[{"name":"wp","href":"https:\/\/api.w.org\/{rel}","templated":true}]}}