{"id":2772,"date":"2026-07-04T20:46:40","date_gmt":"2026-07-04T20:46:40","guid":{"rendered":"https:\/\/gundem59.com.tr\/?p=2772"},"modified":"2026-07-04T20:46:41","modified_gmt":"2026-07-04T20:46:41","slug":"tekirdag-buyuksehir-belediyesinin-10-hasat-bayrami-beyazkoyde-coskuyla-kutlandi","status":"publish","type":"post","link":"https:\/\/gundem59.com.tr\/?p=2772","title":{"rendered":"Tekirda\u011f B\u00fcy\u00fck\u015fehir Belediyesi&#8217;nin 10. Hasat Bayram\u0131 Beyazk\u00f6y&#8217;de Co\u015fkuyla Kutland\u0131"},"content":{"rendered":"\n<p class=\"wp-block-paragraph\"><strong>TEK\u0130RDA\u011e \/ SARAY<\/strong> \u2013 Tekirda\u011f B\u00fcy\u00fck\u015fehir Belediyesi taraf\u0131ndan geleneksel olarak d\u00fczenlenen <strong>Hasat Bayram\u0131&#8217;n\u0131n 10&#8217;uncusu<\/strong>, Saray il\u00e7esine ba\u011fl\u0131 Beyazk\u00f6y Mahallesi&#8217;nde \u00fcreticilerin yo\u011fun kat\u0131l\u0131m\u0131yla ger\u00e7ekle\u015ftirildi. Tar\u0131m\u0131n ve \u00fcreticinin \u00f6neminin bir kez daha vurguland\u0131\u011f\u0131 etkinlikte, bu y\u0131l ilk kez hayata ge\u00e7irilen <strong>Mazot Deste\u011fi Projesi<\/strong> kapsam\u0131nda ilk mazot destek kartlar\u0131 da \u00e7ift\u00e7ilere teslim edildi.<\/p>\n\n\n\n<p class=\"wp-block-paragraph\">Program, sayg\u0131 duru\u015fu ve \u0130stiklal Mar\u015f\u0131&#8217;n\u0131n okunmas\u0131yla ba\u015flad\u0131.<\/p>\n\n\n\n<h2 class=\"wp-block-heading\"><strong>Ba\u015fkan Y\u00fcceer Bi\u00e7erd\u00f6verin Direksiyonuna Ge\u00e7ti<\/strong><\/h2>\n\n\n\n<p class=\"wp-block-paragraph\">Hasat Bayram\u0131 kapsam\u0131nda Tekirda\u011f B\u00fcy\u00fck\u015fehir Belediye Ba\u015fkan\u0131 <strong>Dr. Candan Y\u00fcceer<\/strong>, \u00fcreticilerle birlikte tarlaya giderek bi\u00e7erd\u00f6ver kulland\u0131 ve temsili hasat ger\u00e7ekle\u015ftirdi.<\/p>\n\n\n\n<p class=\"wp-block-paragraph\">Hasat \u00f6ncesinde \u00e7ift\u00e7ilere bereketli bir sezon dileyen Y\u00fcceer, tar\u0131msal \u00fcretimin Tekirda\u011f i\u00e7in vazge\u00e7ilmez oldu\u011funu vurgulad\u0131.<\/p>\n\n\n\n<h2 class=\"wp-block-heading\"><strong>&#8220;Tarlada \u0130zimiz, Harmanda S\u00f6z\u00fcm\u00fcz Var&#8221;<\/strong><\/h2>\n\n\n\n<p class=\"wp-block-paragraph\">Programda konu\u015fan Ba\u015fkan Dr. Candan Y\u00fcceer, \u00fcretimin yaln\u0131zca ekonomik de\u011fil, ayn\u0131 zamanda \u00fclkenin gelece\u011fi a\u00e7\u0131s\u0131ndan stratejik \u00f6nem ta\u015f\u0131d\u0131\u011f\u0131na dikkat \u00e7ekti.<\/p>\n\n\n\n<blockquote class=\"wp-block-quote is-layout-flow wp-block-quote-is-layout-flow\">\n<p class=\"wp-block-paragraph\"><strong>&#8220;Tarlada izimiz, harmanda s\u00f6z\u00fcm\u00fcz var. \u00c7\u00fcnk\u00fc tarlada iziniz yoksa harmanda s\u00f6z\u00fcn\u00fcz de olmaz. Sizler her t\u00fcrl\u00fc zorlu\u011fa ra\u011fmen topra\u011f\u0131 i\u015fliyor, \u00fcretiyor ve bu \u00fclkenin sofralar\u0131n\u0131 bereketlendiriyorsunuz. Biz de Tekirda\u011f B\u00fcy\u00fck\u015fehir Belediyesi olarak g\u00f6reve geldi\u011fimiz g\u00fcnden bu yana \u00fcretimin ve \u00fcreticinin yan\u0131nda olduk, olmaya da devam edece\u011fiz.&#8221;<\/strong> dedi.<\/p>\n<\/blockquote>\n\n\n\n<p class=\"wp-block-paragraph\">Tar\u0131m\u0131n yaln\u0131zca bir ge\u00e7im kayna\u011f\u0131 de\u011fil, ayn\u0131 zamanda bir varolu\u015f meselesi oldu\u011funu ifade eden Y\u00fcceer, \u00fcretimin devam etmesi i\u00e7in yerel y\u00f6netimlerin de sorumluluk almas\u0131 gerekti\u011fini s\u00f6yledi.<\/p>\n\n\n\n<h2 class=\"wp-block-heading\"><strong>Mazot Deste\u011fi \u0130lk Kez Beyazk\u00f6y&#8217;de Ba\u015flad\u0131<\/strong><\/h2>\n\n\n\n<p class=\"wp-block-paragraph\">Ba\u015fkan Y\u00fcceer, artan \u00fcretim maliyetlerine dikkat \u00e7ekerek, bu y\u0131l ilk kez uygulanacak <strong>Mazot Deste\u011fi Projesi&#8217;nin Beyazk\u00f6y&#8217;den ba\u015flat\u0131ld\u0131\u011f\u0131n\u0131<\/strong> a\u00e7\u0131klad\u0131.<\/p>\n\n\n\n<p class=\"wp-block-paragraph\">Proje kapsam\u0131nda <strong>Saray il\u00e7esinde 186 \u00fcreticiye mazot destek kart\u0131<\/strong> teslim edilirken, il genelinde ise <strong>4 bin 506 \u00e7ift\u00e7iye toplam 355 bin 232 litre mazot deste\u011fi<\/strong> sa\u011flanaca\u011f\u0131 bildirildi.<\/p>\n\n\n\n<p class=\"wp-block-paragraph\">Y\u00fcceer, mazot deste\u011finin yan\u0131 s\u0131ra k\u00fc\u00e7\u00fckba\u015f hayvanc\u0131l\u0131k, fide, yem, b\u00fcz boru, su deposu ve di\u011fer tar\u0131msal desteklerin de devam edece\u011fini belirtti.<\/p>\n\n\n\n<h2 class=\"wp-block-heading\"><strong>&#8220;\u00dcretimin \u0130\u00e7inde, \u00dcreticimizin Yan\u0131nday\u0131z&#8221;<\/strong><\/h2>\n\n\n\n<p class=\"wp-block-paragraph\">K\u0131rsalda \u00fcretimin giderek zorla\u015ft\u0131\u011f\u0131n\u0131 ifade eden Ba\u015fkan Y\u00fcceer, gen\u00e7 n\u00fcfusun k\u00f6ylerden ayr\u0131lmas\u0131n\u0131n tar\u0131m a\u00e7\u0131s\u0131ndan \u00f6nemli bir risk olu\u015fturdu\u011funu belirterek \u015funlar\u0131 s\u00f6yledi:<\/p>\n\n\n\n<blockquote class=\"wp-block-quote is-layout-flow wp-block-quote-is-layout-flow\">\n<p class=\"wp-block-paragraph\"><strong>&#8220;Her ge\u00e7en y\u0131l \u00fcretmek daha da zorla\u015f\u0131yor. Artan maliyetler, kurakl\u0131k ve k\u0131rsalda ya\u015fam\u0131n zorluklar\u0131 nedeniyle gen\u00e7lerimiz k\u00f6ylerden ayr\u0131l\u0131yor. Biz \u00fcretimin devam etmesi i\u00e7in \u00fcreticimizi daha g\u00fc\u00e7l\u00fc desteklemek zorunday\u0131z.&#8221;<\/strong><\/p>\n<\/blockquote>\n\n\n\n<p class=\"wp-block-paragraph\">Kooperatif desteklerinden sulama projelerine, mera \u0131slah\u0131ndan tarla yollar\u0131na, yem bitkilerinden alternatif \u00fcr\u00fcn projelerine kadar bir\u00e7ok alanda \u00e7al\u0131\u015fmalar y\u00fcr\u00fctt\u00fcklerini belirten Y\u00fcceer, kurakl\u0131\u011fa dayan\u0131kl\u0131 \u00fcr\u00fcnlerin yayg\u0131nla\u015ft\u0131r\u0131lmas\u0131 i\u00e7in de projeler geli\u015ftirdiklerini s\u00f6yledi.<\/p>\n\n\n\n<p class=\"wp-block-paragraph\">Konu\u015fmas\u0131n\u0131n sonunda Mustafa Kemal Atat\u00fcrk&#8217;\u00fcn <strong>&#8220;Mill\u00ee ekonominin temeli tar\u0131md\u0131r.&#8221;<\/strong> s\u00f6z\u00fcn\u00fc hat\u0131rlatan Y\u00fcceer, \u00fcreticilerin her zaman yan\u0131nda olmaya devam edeceklerini ifade etti.<\/p>\n\n\n\n<h2 class=\"wp-block-heading\"><strong>\u00c7ift\u00e7ilere Tar\u0131msal Destek Hediyeleri Verildi<\/strong><\/h2>\n\n\n\n<p class=\"wp-block-paragraph\">Hasat Bayram\u0131 kapsam\u0131nda d\u00fczenlenen \u00e7ekili\u015fte \u00fcreticilere <strong>o\u011flak, kuzu, yem, g\u00fcbre, ila\u00e7 ve tohum<\/strong> gibi \u00e7e\u015fitli tar\u0131msal destekler hediye edildi.<\/p>\n\n\n\n<p class=\"wp-block-paragraph\">Etkinlik sonunda Tekirda\u011f B\u00fcy\u00fck\u015fehir Belediyesi Kent Orkestras\u0131 konser verdi. Vatanda\u015flar m\u00fczik e\u015fli\u011finde keyifli vakit ge\u00e7irirken, program boyunca kat\u0131l\u0131mc\u0131lara <strong>lokma, Hayrabolu tatl\u0131s\u0131, ayran ve \u00e7ay<\/strong> ikram edildi.<\/p>\n\n\n\n<p class=\"wp-block-paragraph\">Beyazk\u00f6y&#8217;de ger\u00e7ekle\u015ftirilen 10. Hasat Bayram\u0131, hem \u00fcreticilerin moral buldu\u011fu hem de tar\u0131msal \u00fcretime verilen deste\u011fin bir kez daha vurguland\u0131\u011f\u0131 anlaml\u0131 bir organizasyon olarak tamamland\u0131.<\/p>\n","protected":false},"excerpt":{"rendered":"<p>TEK\u0130RDA\u011e \/ SARAY \u2013 Tekirda\u011f B\u00fcy\u00fck\u015fehir Belediyesi taraf\u0131ndan geleneksel olarak d\u00fczenlenen Hasat Bayram\u0131&#8217;n\u0131n 10&#8217;uncusu, Saray&#8230;<\/p>\n","protected":false},"author":1,"featured_media":2773,"comment_status":"closed","ping_status":"closed","sticky":false,"template":"","format":"standard","meta":{"footnotes":""},"categories":[4],"tags":[],"ppma_author":[57],"class_list":["post-2772","post","type-post","status-publish","format-standard","has-post-thumbnail","hentry","category-saray"],"authors":[{"term_id":57,"user_id":1,"is_guest":0,"slug":"admin","display_name":"Alp Aslan","avatar_url":"https:\/\/secure.gravatar.com\/avatar\/07c18c5ad3350b025db8f3328450e071acb435c703e565899c880c63362f137a?s=96&d=mm&r=g","author_category":"1","first_name":"Alp Aslan","last_name":"ER\u0130N","user_url":"http:\/\/www.gundem59.com.tr","job_title":"","description":""}],"_links":{"self":[{"href":"https:\/\/gundem59.com.tr\/index.php?rest_route=\/wp\/v2\/posts\/2772","targetHints":{"allow":["GET"]}}],"collection":[{"href":"https:\/\/gundem59.com.tr\/index.php?rest_route=\/wp\/v2\/posts"}],"about":[{"href":"https:\/\/gundem59.com.tr\/index.php?rest_route=\/wp\/v2\/types\/post"}],"author":[{"embeddable":true,"href":"https:\/\/gundem59.com.tr\/index.php?rest_route=\/wp\/v2\/users\/1"}],"replies":[{"embeddable":true,"href":"https:\/\/gundem59.com.tr\/index.php?rest_route=%2Fwp%2Fv2%2Fcomments&post=2772"}],"version-history":[{"count":1,"href":"https:\/\/gundem59.com.tr\/index.php?rest_route=\/wp\/v2\/posts\/2772\/revisions"}],"predecessor-version":[{"id":2774,"href":"https:\/\/gundem59.com.tr\/index.php?rest_route=\/wp\/v2\/posts\/2772\/revisions\/2774"}],"wp:featuredmedia":[{"embeddable":true,"href":"https:\/\/gundem59.com.tr\/index.php?rest_route=\/wp\/v2\/media\/2773"}],"wp:attachment":[{"href":"https:\/\/gundem59.com.tr\/index.php?rest_route=%2Fwp%2Fv2%2Fmedia&parent=2772"}],"wp:term":[{"taxonomy":"category","embeddable":true,"href":"https:\/\/gundem59.com.tr\/index.php?rest_route=%2Fwp%2Fv2%2Fcategories&post=2772"},{"taxonomy":"post_tag","embeddable":true,"href":"https:\/\/gundem59.com.tr\/index.php?rest_route=%2Fwp%2Fv2%2Ftags&post=2772"},{"taxonomy":"author","embeddable":true,"href":"https:\/\/gundem59.com.tr\/index.php?rest_route=%2Fwp%2Fv2%2Fppma_author&post=2772"}],"curies":[{"name":"wp","href":"https:\/\/api.w.org\/{rel}","templated":true}]}}