{"id":2769,"date":"2026-07-04T20:40:13","date_gmt":"2026-07-04T20:40:13","guid":{"rendered":"https:\/\/gundem59.com.tr\/?p=2769"},"modified":"2026-07-04T20:40:14","modified_gmt":"2026-07-04T20:40:14","slug":"sarayda-tek-cocuk-yuvamizin-temeli-atildi-gercek-belediyecilik-insan-hayatina-dokunmaktir","status":"publish","type":"post","link":"https:\/\/gundem59.com.tr\/?p=2769","title":{"rendered":"Saray&#8217;da TEK \u00c7ocuk Yuvam\u0131z&#8217;\u0131n Temeli At\u0131ld\u0131: &#8220;Ger\u00e7ek Belediyecilik \u0130nsan Hayat\u0131na Dokunmakt\u0131r&#8221;"},"content":{"rendered":"\n<p class=\"wp-block-paragraph\"><strong>TEK\u0130RDA\u011e \/ SARAY<\/strong> \u2013 Tekirda\u011f B\u00fcy\u00fck\u015fehir Belediyesi taraf\u0131ndan okul \u00f6ncesi e\u011fitimde f\u0131rsat e\u015fitli\u011fini art\u0131rmak, \u00e7ocuklar\u0131n g\u00fcvenli ve nitelikli e\u011fitim almas\u0131n\u0131 sa\u011flamak ve kad\u0131nlar\u0131n sosyal ile ekonomik hayata kat\u0131l\u0131m\u0131n\u0131 desteklemek amac\u0131yla hayata ge\u00e7irilen <strong>TEK \u00c7ocuk Yuvam\u0131z Saray G\u00fcnd\u00fcz Bak\u0131mevi<\/strong> i\u00e7in temel atma t\u00f6reni d\u00fczenlendi.<\/p>\n\n\n\n<p class=\"wp-block-paragraph\">Saray il\u00e7esi Yenimahalle Mahallesi&#8217;nde ger\u00e7ekle\u015ftirilen t\u00f6ren, sayg\u0131 duru\u015fu ve \u0130stiklal Mar\u015f\u0131&#8217;n\u0131n okunmas\u0131yla ba\u015flad\u0131. Programa Tekirda\u011f B\u00fcy\u00fck\u015fehir Belediye Ba\u015fkan\u0131 <strong>Dr. Candan Y\u00fcceer<\/strong>, Saray Belediye Ba\u015fkan\u0131 <strong>Abd\u00fcl Ta\u015fyasan<\/strong>, Tekirda\u011f B\u00fcy\u00fck\u015fehir Belediyesi Genel Sekreteri <strong>Do\u00e7. Dr. Erg\u00fcl Halis\u00e7elik<\/strong>, belediye meclis \u00fcyeleri, siyasi parti temsilcileri, muhtarlar, sivil toplum kurulu\u015flar\u0131n\u0131n temsilcileri ve \u00e7ok say\u0131da vatanda\u015f kat\u0131ld\u0131.<\/p>\n\n\n\n<h2 class=\"wp-block-heading\"><strong>5 Ayda Tamamlanmas\u0131 Hedefleniyor<\/strong><\/h2>\n\n\n\n<p class=\"wp-block-paragraph\">Program\u0131n a\u00e7\u0131l\u0131\u015f konu\u015fmas\u0131n\u0131 yapan Tekirda\u011f B\u00fcy\u00fck\u015fehir Belediyesi Genel Sekreter Yard\u0131mc\u0131s\u0131 <strong>Dr. R\u0131za Evren K\u0131lc\u0131<\/strong>, projenin teknik detaylar\u0131n\u0131 payla\u015ft\u0131.<\/p>\n\n\n\n<p class=\"wp-block-paragraph\">Yakla\u015f\u0131k <strong>800 metrekare kullan\u0131m alan\u0131na<\/strong> sahip olacak g\u00fcnd\u00fcz bak\u0131mevinin zemin art\u0131 bir kat olarak in\u015fa edilece\u011fini belirten K\u0131lc\u0131, tesiste <strong>4 modern derslik, 4 uyku odas\u0131, geni\u015f yemekhane ve idari birimlerin<\/strong> yer alaca\u011f\u0131n\u0131 s\u00f6yledi. Yap\u0131m \u00e7al\u0131\u015fmalar\u0131n\u0131n yakla\u015f\u0131k <strong>5 ay i\u00e7erisinde tamamlanmas\u0131n\u0131n<\/strong> planland\u0131\u011f\u0131n\u0131 ifade etti.<\/p>\n\n\n\n<h2 class=\"wp-block-heading\"><strong>Ta\u015fyasan&#8217;dan B\u00fcy\u00fck\u015fehir&#8217;e Te\u015fekk\u00fcr<\/strong><\/h2>\n\n\n\n<p class=\"wp-block-paragraph\">Saray Belediye Ba\u015fkan\u0131 <strong>Abd\u00fcl Ta\u015fyasan<\/strong>, il\u00e7eye kazand\u0131r\u0131lan yat\u0131r\u0131m\u0131n \u00f6nemine dikkat \u00e7ekerek, Tekirda\u011f B\u00fcy\u00fck\u015fehir Belediye Ba\u015fkan\u0131 Dr. Candan Y\u00fcceer ba\u015fta olmak \u00fczere projeye katk\u0131 sunan herkese te\u015fekk\u00fcr etti.<\/p>\n\n\n\n<h2 class=\"wp-block-heading\"><strong>Y\u00fcceer: &#8220;Neredeyse Her Ay Saray&#8217;day\u0131z&#8221;<\/strong><\/h2>\n\n\n\n<p class=\"wp-block-paragraph\">Tekirda\u011f B\u00fcy\u00fck\u015fehir Belediye Ba\u015fkan\u0131 <strong>Dr. Candan Y\u00fcceer<\/strong>, Saray&#8217;da hizmet ve yat\u0131r\u0131mlar\u0131n aral\u0131ks\u0131z devam etti\u011fini belirterek \u015funlar\u0131 s\u00f6yledi:<\/p>\n\n\n\n<blockquote class=\"wp-block-quote is-layout-flow wp-block-quote-is-layout-flow\">\n<p class=\"wp-block-paragraph\">&#8220;Ne mutlu ki neredeyse her ay Saray&#8217;day\u0131z ve her ay yeni bir hizmeti birlikte hayata ge\u00e7iriyoruz. TEK Marketimizi a\u00e7t\u0131k, spor salonumuzu hizmete sunduk. Altyap\u0131 yat\u0131r\u0131mlar\u0131m\u0131z devam ediyor. \u00c7ok yak\u0131nda itfaiye istasyonumuzun da a\u00e7\u0131l\u0131\u015f\u0131n\u0131 ger\u00e7ekle\u015ftirece\u011fiz.&#8221;<\/p>\n<\/blockquote>\n\n\n\n<h2 class=\"wp-block-heading\"><strong>&#8220;Ger\u00e7ek Belediyecilik \u0130nsan Hayat\u0131na Dokunmakt\u0131r&#8221;<\/strong><\/h2>\n\n\n\n<p class=\"wp-block-paragraph\">Yerel y\u00f6netim anlay\u0131\u015flar\u0131n\u0131n yaln\u0131zca yol ve bina yapmakla s\u0131n\u0131rl\u0131 olmad\u0131\u011f\u0131n\u0131 ifade eden Ba\u015fkan Y\u00fcceer, sosyal belediyecilik anlay\u0131\u015f\u0131n\u0131 \u015fu s\u00f6zlerle anlatt\u0131:<\/p>\n\n\n\n<blockquote class=\"wp-block-quote is-layout-flow wp-block-quote-is-layout-flow\">\n<p class=\"wp-block-paragraph\">&#8220;Ger\u00e7ek belediyecilik insan\u0131n hayat\u0131na dokunmakt\u0131r. Vatanda\u015f\u0131m\u0131z\u0131n do\u011fdu\u011fu g\u00fcnden itibaren yan\u0131nda olmak, hayat\u0131n\u0131 kolayla\u015ft\u0131rmak, omzundaki y\u00fck\u00fc hafifletmek ve f\u0131rsat e\u015fitli\u011fini g\u00fc\u00e7lendirmektir.&#8221;<\/p>\n<\/blockquote>\n\n\n\n<p class=\"wp-block-paragraph\">\u00c7ocuklar\u0131n, gen\u00e7lerin ve ailelerin ya\u015fam\u0131na dokunan projeleri hayata ge\u00e7irmeyi en \u00f6nemli sorumluluklar\u0131ndan biri olarak g\u00f6rd\u00fcklerini belirten Y\u00fcceer, e\u011fitimden ula\u015f\u0131ma, sosyal desteklerden spor yat\u0131r\u0131mlar\u0131na kadar bir\u00e7ok alanda \u00e7al\u0131\u015fmalar y\u00fcr\u00fctt\u00fcklerini s\u00f6yledi.<\/p>\n\n\n\n<h2 class=\"wp-block-heading\"><strong>&#8220;11 \u0130l\u00e7eye 11 Kre\u015f&#8221; Hedefi<\/strong><\/h2>\n\n\n\n<p class=\"wp-block-paragraph\">TEK \u00c7ocuk Yuvam\u0131z Saray G\u00fcnd\u00fcz Bak\u0131mevi&#8217;nin yaln\u0131zca bir kre\u015f olmayaca\u011f\u0131n\u0131 vurgulayan Ba\u015fkan Y\u00fcceer, merkezin modern derslikleri, sosyal etkinlik alanlar\u0131, yemekhane ve rehberlik birimleriyle \u00e7ocuklar\u0131n \u00e7ok y\u00f6nl\u00fc geli\u015fimine katk\u0131 sa\u011flayaca\u011f\u0131n\u0131 ifade etti.<\/p>\n\n\n\n<p class=\"wp-block-paragraph\">Se\u00e7im d\u00f6neminde verdikleri <strong>&#8220;11 il\u00e7eye 11 kre\u015f&#8221;<\/strong> s\u00f6z\u00fcn\u00fc ad\u0131m ad\u0131m yerine getirdiklerini belirten Y\u00fcceer, \u015eark\u00f6y&#8217;de kre\u015fin hizmete a\u00e7\u0131ld\u0131\u011f\u0131n\u0131, Muratl\u0131&#8217;da a\u00e7\u0131l\u0131\u015f haz\u0131rl\u0131klar\u0131n\u0131n s\u00fcrd\u00fc\u011f\u00fcn\u00fc, Saray&#8217;da temel at\u0131ld\u0131\u011f\u0131n\u0131 ve s\u0131radaki yat\u0131r\u0131m\u0131n Malkara&#8217;da ba\u015flayaca\u011f\u0131n\u0131 s\u00f6yledi.<\/p>\n\n\n\n<h2 class=\"wp-block-heading\"><strong>Aral\u0131k Ay\u0131nda Hizmete A\u00e7\u0131lmas\u0131 Planlan\u0131yor<\/strong><\/h2>\n\n\n\n<p class=\"wp-block-paragraph\">Y\u00fcceer, Saray G\u00fcnd\u00fcz Bak\u0131mevi&#8217;nin k\u0131sa s\u00fcrede tamamlanaca\u011f\u0131n\u0131 belirterek, merkezin <strong>Aral\u0131k ay\u0131nda hizmete a\u00e7\u0131lmas\u0131n\u0131n hedeflendi\u011fini<\/strong> a\u00e7\u0131klad\u0131.<\/p>\n\n\n\n<p class=\"wp-block-paragraph\">Merkezin \u00f6zellikle dar gelirli ailelerin \u00e7ocuklar\u0131na g\u00fcvenli okul \u00f6ncesi e\u011fitim imk\u00e2n\u0131 sunaca\u011f\u0131n\u0131 ifade eden Y\u00fcceer, kad\u0131nlar\u0131n \u00e7al\u0131\u015fma hayat\u0131na kat\u0131l\u0131m\u0131na da \u00f6nemli katk\u0131 sa\u011flayaca\u011f\u0131n\u0131 dile getirdi.<\/p>\n\n\n\n<h2 class=\"wp-block-heading\"><strong>Butona Bas\u0131larak \u0130lk Har\u00e7 D\u00f6k\u00fcld\u00fc<\/strong><\/h2>\n\n\n\n<p class=\"wp-block-paragraph\">Konu\u015fmalar\u0131n ard\u0131ndan protokol \u00fcyeleri taraf\u0131ndan butona bas\u0131larak <strong>TEK \u00c7ocuk Yuvam\u0131z Saray G\u00fcnd\u00fcz Bak\u0131mevi&#8217;nin temeli<\/strong> at\u0131ld\u0131.<\/p>\n\n\n\n<p class=\"wp-block-paragraph\">Tekirda\u011f B\u00fcy\u00fck\u015fehir Belediyesi taraf\u0131ndan hayata ge\u00e7irilen projenin tamamlanmas\u0131yla birlikte, Saray&#8217;da okul \u00f6ncesi e\u011fitim alan\u0131nda \u00f6nemli bir ihtiyac\u0131n kar\u015f\u0131lanmas\u0131 ve \u00e7ocuklara \u00e7a\u011fda\u015f, g\u00fcvenli bir e\u011fitim ortam\u0131 sunulmas\u0131 hedefleniyor.<\/p>\n","protected":false},"excerpt":{"rendered":"<p>TEK\u0130RDA\u011e \/ SARAY \u2013 Tekirda\u011f B\u00fcy\u00fck\u015fehir Belediyesi taraf\u0131ndan okul \u00f6ncesi e\u011fitimde f\u0131rsat e\u015fitli\u011fini art\u0131rmak, \u00e7ocuklar\u0131n&#8230;<\/p>\n","protected":false},"author":1,"featured_media":2770,"comment_status":"closed","ping_status":"closed","sticky":false,"template":"","format":"standard","meta":{"footnotes":""},"categories":[56],"tags":[],"ppma_author":[57],"class_list":["post-2769","post","type-post","status-publish","format-standard","has-post-thumbnail","hentry","category-guncel"],"authors":[{"term_id":57,"user_id":1,"is_guest":0,"slug":"admin","display_name":"Alp Aslan","avatar_url":"https:\/\/secure.gravatar.com\/avatar\/07c18c5ad3350b025db8f3328450e071acb435c703e565899c880c63362f137a?s=96&d=mm&r=g","author_category":"1","first_name":"Alp Aslan","last_name":"ER\u0130N","user_url":"http:\/\/www.gundem59.com.tr","job_title":"","description":""}],"_links":{"self":[{"href":"https:\/\/gundem59.com.tr\/index.php?rest_route=\/wp\/v2\/posts\/2769","targetHints":{"allow":["GET"]}}],"collection":[{"href":"https:\/\/gundem59.com.tr\/index.php?rest_route=\/wp\/v2\/posts"}],"about":[{"href":"https:\/\/gundem59.com.tr\/index.php?rest_route=\/wp\/v2\/types\/post"}],"author":[{"embeddable":true,"href":"https:\/\/gundem59.com.tr\/index.php?rest_route=\/wp\/v2\/users\/1"}],"replies":[{"embeddable":true,"href":"https:\/\/gundem59.com.tr\/index.php?rest_route=%2Fwp%2Fv2%2Fcomments&post=2769"}],"version-history":[{"count":1,"href":"https:\/\/gundem59.com.tr\/index.php?rest_route=\/wp\/v2\/posts\/2769\/revisions"}],"predecessor-version":[{"id":2771,"href":"https:\/\/gundem59.com.tr\/index.php?rest_route=\/wp\/v2\/posts\/2769\/revisions\/2771"}],"wp:featuredmedia":[{"embeddable":true,"href":"https:\/\/gundem59.com.tr\/index.php?rest_route=\/wp\/v2\/media\/2770"}],"wp:attachment":[{"href":"https:\/\/gundem59.com.tr\/index.php?rest_route=%2Fwp%2Fv2%2Fmedia&parent=2769"}],"wp:term":[{"taxonomy":"category","embeddable":true,"href":"https:\/\/gundem59.com.tr\/index.php?rest_route=%2Fwp%2Fv2%2Fcategories&post=2769"},{"taxonomy":"post_tag","embeddable":true,"href":"https:\/\/gundem59.com.tr\/index.php?rest_route=%2Fwp%2Fv2%2Ftags&post=2769"},{"taxonomy":"author","embeddable":true,"href":"https:\/\/gundem59.com.tr\/index.php?rest_route=%2Fwp%2Fv2%2Fppma_author&post=2769"}],"curies":[{"name":"wp","href":"https:\/\/api.w.org\/{rel}","templated":true}]}}