{"id":2761,"date":"2026-07-04T20:34:20","date_gmt":"2026-07-04T20:34:20","guid":{"rendered":"https:\/\/gundem59.com.tr\/?p=2761"},"modified":"2026-07-04T20:34:22","modified_gmt":"2026-07-04T20:34:22","slug":"corludaki-dogal-gaz-faciasinin-boyutu-gun-agarinca-ortaya-cikti-ev-sahibi-patlamanin-siddetiyle-60-metre-savruldu","status":"publish","type":"post","link":"https:\/\/gundem59.com.tr\/?p=2761","title":{"rendered":"\u00c7orlu&#8217;daki Do\u011fal Gaz Facias\u0131n\u0131n Boyutu G\u00fcn A\u011far\u0131nca Ortaya \u00c7\u0131kt\u0131: Ev Sahibi Patlaman\u0131n \u015eiddetiyle 60 Metre Savruldu"},"content":{"rendered":"\n<p class=\"wp-block-paragraph\"><strong>TEK\u0130RDA\u011e \/ \u00c7ORLU<\/strong> \u2013 Tekirda\u011f&#8217;\u0131n \u00c7orlu il\u00e7esinde bir apartman dairesinde meydana gelen ve <strong>2 ki\u015finin hayat\u0131n\u0131 kaybetti\u011fi, 2 ki\u015finin yaraland\u0131\u011f\u0131<\/strong> do\u011fal gaz kaynakl\u0131 oldu\u011fu de\u011ferlendirilen patlaman\u0131n yol a\u00e7t\u0131\u011f\u0131 b\u00fcy\u00fck hasar, g\u00fcn\u00fcn ilk \u0131\u015f\u0131klar\u0131yla birlikte ortaya \u00e7\u0131kt\u0131.<\/p>\n\n\n\n<figure class=\"wp-block-image size-full\"><img  title=\"\" loading=\"lazy\" decoding=\"async\" width=\"640\" height=\"360\" src=\"https:\/\/gundem59.com.tr\/wp-content\/uploads\/2026\/07\/apartman-dairesinde-2-kisinin-oldugu-patlaman-2-20018666_o.jpg\"  alt=\"apartman-dairesinde-2-kisinin-oldugu-patlaman-2-20018666_o \u00c7orlu&#039;daki Do\u011fal Gaz Facias\u0131n\u0131n Boyutu G\u00fcn A\u011far\u0131nca Ortaya \u00c7\u0131kt\u0131: Ev Sahibi Patlaman\u0131n \u015eiddetiyle 60 Metre Savruldu\"  class=\"wp-image-2763\" srcset=\"https:\/\/gundem59.com.tr\/wp-content\/uploads\/2026\/07\/apartman-dairesinde-2-kisinin-oldugu-patlaman-2-20018666_o.jpg 640w, https:\/\/gundem59.com.tr\/wp-content\/uploads\/2026\/07\/apartman-dairesinde-2-kisinin-oldugu-patlaman-2-20018666_o-300x169.jpg 300w\" sizes=\"auto, (max-width: 640px) 100vw, 640px\" \/><\/figure>\n\n\n\n<p class=\"wp-block-paragraph\">Olay, \u00f6nceki gece saat 23.00 s\u0131ralar\u0131nda <strong>Cemaliye Mahallesi Borsa Meydan\u0131&#8217;nda bulunan 6 katl\u0131 Adalet Apartman\u0131&#8217;n\u0131n<\/strong> en \u00fcst kat\u0131nda meydana geldi. Suriye uyruklu bir ailenin ya\u015fad\u0131\u011f\u0131 dairede meydana gelen \u015fiddetli patlaman\u0131n ard\u0131ndan yang\u0131n \u00e7\u0131kt\u0131.<\/p>\n\n\n\n<h2 class=\"wp-block-heading\"><strong>Patlaman\u0131n \u015eiddetiyle 60 Metre Savruldu<\/strong><\/h2>\n\n\n\n<p class=\"wp-block-paragraph\">Patlama s\u0131ras\u0131nda evde yaln\u0131z oldu\u011fu \u00f6\u011frenilen <strong>Muhammet El H\u00fcseyin (33)<\/strong>, patlaman\u0131n etkisiyle yakla\u015f\u0131k <strong>60 metre savrularak apartman\u0131n bah\u00e7esine d\u00fc\u015ft\u00fc<\/strong>. Sa\u011fl\u0131k ekiplerinin yapt\u0131\u011f\u0131 kontrolde El H\u00fcseyin&#8217;in olay yerinde ya\u015fam\u0131n\u0131 yitirdi\u011fi belirlendi.<\/p>\n\n\n\n<p class=\"wp-block-paragraph\">Patlaman\u0131n \u015fiddeti, ayn\u0131 katta bulunan \u00fc\u00e7 dairede de b\u00fcy\u00fck hasara neden olurken, binan\u0131n \u00f6n cephesindeki duvar\u0131n bir b\u00f6l\u00fcm\u00fc y\u0131k\u0131ld\u0131. Patlama sesi mahallede b\u00fcy\u00fck pani\u011fe yol a\u00e7arken, apartman sakinleri ve \u00e7evrede ya\u015fayan vatanda\u015flar kendilerini d\u0131\u015far\u0131 att\u0131.<\/p>\n\n\n\n<h2 class=\"wp-block-heading\"><strong>Caner Meri\u00e7 Hayat\u0131n\u0131 Kaybetti<\/strong><\/h2>\n\n\n\n<p class=\"wp-block-paragraph\">Patlamada, yan dairede bulunan <strong>Caner Meri\u00e7<\/strong>, e\u015fi <strong>Song\u00fcl Meri\u00e7<\/strong> ile o s\u0131rada yoldan ge\u00e7en <strong>Mehmet Zurnac\u0131 (66)<\/strong> yaraland\u0131.<\/p>\n\n\n\n<p class=\"wp-block-paragraph\">Yaral\u0131lar ambulanslarla \u00c7orlu Devlet Hastanesi&#8217;ne kald\u0131r\u0131ld\u0131. Durumu a\u011f\u0131r olan <strong>Caner Meri\u00e7<\/strong>, doktorlar\u0131n t\u00fcm m\u00fcdahalelerine ra\u011fmen kurtar\u0131lamayarak hayat\u0131n\u0131 kaybetti. Di\u011fer iki yaral\u0131n\u0131n sa\u011fl\u0131k durumlar\u0131n\u0131n iyi oldu\u011fu \u00f6\u011frenildi.<\/p>\n\n\n\n<h2 class=\"wp-block-heading\"><strong>Kaymakam Erten: &#8220;Do\u011fal Gazdan Kaynakland\u0131\u011f\u0131 Tahmin Ediliyor&#8221;<\/strong><\/h2>\n\n\n\n<p class=\"wp-block-paragraph\">Olay yerine gelerek incelemelerde bulunan <strong>\u00c7orlu Kaymakam\u0131 Niyazi Erten<\/strong>, patlaman\u0131n ilk de\u011ferlendirmelere g\u00f6re do\u011fal gaz kaynakl\u0131 oldu\u011funun tahmin edildi\u011fini s\u00f6yledi.<\/p>\n\n\n\n<p class=\"wp-block-paragraph\">Erten, binada <strong>89 ki\u015finin ya\u015fad\u0131\u011f\u0131n\u0131<\/strong>, g\u00fcvenlik amac\u0131yla apartman\u0131n tamamen tahliye edildi\u011fini belirterek, vatanda\u015flar\u0131n bar\u0131nma ihtiya\u00e7lar\u0131n\u0131n oteller ve \u00e7e\u015fitli imk\u00e2nlarla kar\u015f\u0131land\u0131\u011f\u0131n\u0131 ifade etti.<\/p>\n\n\n\n<h2 class=\"wp-block-heading\"><strong>Hasar Sabah Saatlerinde Netle\u015fti<\/strong><\/h2>\n\n\n\n<p class=\"wp-block-paragraph\">Gece tahliye edilen apartman sakinleri sabah saatlerinde evlerinin bulundu\u011fu b\u00f6lgeye geldi. G\u00fcn a\u011far\u0131nca patlaman\u0131n olu\u015fturdu\u011fu b\u00fcy\u00fck y\u0131k\u0131m g\u00f6zler \u00f6n\u00fcne serildi.<\/p>\n\n\n\n<p class=\"wp-block-paragraph\">Patlaman\u0131n meydana geldi\u011fi daire tamamen kullan\u0131lamaz hale gelirken, \u00e7evredeki dairelerde de ciddi yap\u0131sal hasarlar olu\u015ftu. Binan\u0131n \u00f6n cephesinde y\u0131k\u0131lan b\u00f6l\u00fcmler dikkat \u00e7ekerken, olay yerinde geni\u015f g\u00fcvenlik \u00f6nlemleri al\u0131nd\u0131.<\/p>\n\n\n\n<p class=\"wp-block-paragraph\">\u00c7evre, \u015eehircilik ve \u0130klim De\u011fi\u015fikli\u011fi \u0130l M\u00fcd\u00fcrl\u00fc\u011f\u00fc ekipleri binada teknik incelemelerini s\u00fcrd\u00fcr\u00fcrken, \u00c7orlu Belediyesi ekipleri de hasar tespit \u00e7al\u0131\u015fmalar\u0131na destek veriyor. Polis ekipleri ise g\u00fcvenlik gerek\u00e7esiyle binaya giri\u015flere izin vermiyor.<\/p>\n\n\n\n<h2 class=\"wp-block-heading\"><strong>&#8220;\u00c7ok B\u00fcy\u00fck Bir Patlama Oldu&#8221;<\/strong><\/h2>\n\n\n\n<p class=\"wp-block-paragraph\">Mahalle sakinlerinden <strong>Nuri K\u00fc\u00e7\u00fckler<\/strong>, ya\u015fad\u0131klar\u0131 korku dolu anlar\u0131 \u015fu s\u00f6zlerle anlatt\u0131:<\/p>\n\n\n\n<blockquote class=\"wp-block-quote is-layout-flow wp-block-quote-is-layout-flow\">\n<p class=\"wp-block-paragraph\">&#8220;Nas\u0131l tarif edilir bilmiyorum. \u00c7ok b\u00fcy\u00fck bir patlama oldu. Hepimiz b\u00fcy\u00fck panik ya\u015fad\u0131k. Patlamay\u0131 duyar duymaz d\u0131\u015far\u0131 \u00e7\u0131kt\u0131k. Yak\u0131nlar\u0131m\u0131z\u0131n ve kom\u015fular\u0131m\u0131z\u0131n durumunu \u00f6\u011frenmek i\u00e7in olay yerine ko\u015ftuk. Herkes b\u00fcy\u00fck bir korku ya\u015fad\u0131.&#8221;<\/p>\n<\/blockquote>\n\n\n\n<figure class=\"wp-block-video\"><video height=\"1080\" style=\"aspect-ratio: 1920 \/ 1080;\" width=\"1920\" controls src=\"https:\/\/gundem59.com.tr\/wp-content\/uploads\/2026\/07\/Kendi-tarzini-belirle-1.mp4\"><\/video><\/figure>\n\n\n\n<h2 class=\"wp-block-heading\"><strong>Patlama Kameralara Yans\u0131d\u0131<\/strong><\/h2>\n\n\n\n<p class=\"wp-block-paragraph\">\u00d6te yandan, iki ki\u015finin ya\u015fam\u0131n\u0131 yitirdi\u011fi patlama an\u0131 \u00e7evrede bulunan bir i\u015f yerinin g\u00fcvenlik kameras\u0131 taraf\u0131ndan saniye saniye kaydedildi. G\u00f6r\u00fcnt\u00fclerde patlaman\u0131n \u015fiddeti ve ard\u0131ndan y\u00fckselen alevler net \u015fekilde g\u00f6r\u00fcld\u00fc.<\/p>\n\n\n\n<p class=\"wp-block-paragraph\">Olayla ilgili Cumhuriyet Ba\u015fsavc\u0131l\u0131\u011f\u0131&#8217;n\u0131n koordinasyonunda ba\u015flat\u0131lan soru\u015fturma s\u00fcrerken, patlaman\u0131n kesin nedeni yap\u0131lacak teknik incelemelerin ard\u0131ndan netlik kazanacak.<\/p>\n","protected":false},"excerpt":{"rendered":"<p>TEK\u0130RDA\u011e \/ \u00c7ORLU \u2013 Tekirda\u011f&#8217;\u0131n \u00c7orlu il\u00e7esinde bir apartman dairesinde meydana gelen ve 2 ki\u015finin&#8230;<\/p>\n","protected":false},"author":1,"featured_media":2762,"comment_status":"closed","ping_status":"closed","sticky":false,"template":"","format":"standard","meta":{"footnotes":""},"categories":[5],"tags":[],"ppma_author":[57],"class_list":["post-2761","post","type-post","status-publish","format-standard","has-post-thumbnail","hentry","category-corlu"],"authors":[{"term_id":57,"user_id":1,"is_guest":0,"slug":"admin","display_name":"Alp Aslan","avatar_url":"https:\/\/secure.gravatar.com\/avatar\/07c18c5ad3350b025db8f3328450e071acb435c703e565899c880c63362f137a?s=96&d=mm&r=g","author_category":"1","first_name":"Alp Aslan","last_name":"ER\u0130N","user_url":"http:\/\/www.gundem59.com.tr","job_title":"","description":""}],"_links":{"self":[{"href":"https:\/\/gundem59.com.tr\/index.php?rest_route=\/wp\/v2\/posts\/2761","targetHints":{"allow":["GET"]}}],"collection":[{"href":"https:\/\/gundem59.com.tr\/index.php?rest_route=\/wp\/v2\/posts"}],"about":[{"href":"https:\/\/gundem59.com.tr\/index.php?rest_route=\/wp\/v2\/types\/post"}],"author":[{"embeddable":true,"href":"https:\/\/gundem59.com.tr\/index.php?rest_route=\/wp\/v2\/users\/1"}],"replies":[{"embeddable":true,"href":"https:\/\/gundem59.com.tr\/index.php?rest_route=%2Fwp%2Fv2%2Fcomments&post=2761"}],"version-history":[{"count":1,"href":"https:\/\/gundem59.com.tr\/index.php?rest_route=\/wp\/v2\/posts\/2761\/revisions"}],"predecessor-version":[{"id":2765,"href":"https:\/\/gundem59.com.tr\/index.php?rest_route=\/wp\/v2\/posts\/2761\/revisions\/2765"}],"wp:featuredmedia":[{"embeddable":true,"href":"https:\/\/gundem59.com.tr\/index.php?rest_route=\/wp\/v2\/media\/2762"}],"wp:attachment":[{"href":"https:\/\/gundem59.com.tr\/index.php?rest_route=%2Fwp%2Fv2%2Fmedia&parent=2761"}],"wp:term":[{"taxonomy":"category","embeddable":true,"href":"https:\/\/gundem59.com.tr\/index.php?rest_route=%2Fwp%2Fv2%2Fcategories&post=2761"},{"taxonomy":"post_tag","embeddable":true,"href":"https:\/\/gundem59.com.tr\/index.php?rest_route=%2Fwp%2Fv2%2Ftags&post=2761"},{"taxonomy":"author","embeddable":true,"href":"https:\/\/gundem59.com.tr\/index.php?rest_route=%2Fwp%2Fv2%2Fppma_author&post=2761"}],"curies":[{"name":"wp","href":"https:\/\/api.w.org\/{rel}","templated":true}]}}