{"id":2752,"date":"2026-07-04T20:10:50","date_gmt":"2026-07-04T20:10:50","guid":{"rendered":"https:\/\/gundem59.com.tr\/?p=2752"},"modified":"2026-07-04T20:10:51","modified_gmt":"2026-07-04T20:10:51","slug":"nkude-deprem-muhendisligi-laboratuvari-hizmete-acildi","status":"publish","type":"post","link":"https:\/\/gundem59.com.tr\/?p=2752","title":{"rendered":"NK\u00dc&#8217;de Deprem M\u00fchendisli\u011fi Laboratuvar\u0131 Hizmete A\u00e7\u0131ld\u0131"},"content":{"rendered":"\n<p class=\"wp-block-paragraph\"><strong>TEK\u0130RDA\u011e<\/strong> \u2013 Tekirda\u011f Nam\u0131k Kemal \u00dcniversitesi (NK\u00dc), deprem g\u00fcvenli\u011fi ve yap\u0131 teknolojileri alan\u0131nda \u00f6nemli bir yat\u0131r\u0131m\u0131 daha hayata ge\u00e7irdi. \u00dcniversite b\u00fcnyesinde kurulan <strong>Prof. Dr. Sadettin \u00d6kten Deprem M\u00fchendisli\u011fi ve Yap\u0131 Teknolojileri E\u011fitim, Ara\u015ft\u0131rma ve Uygulama Laboratuvar\u0131<\/strong> d\u00fczenlenen t\u00f6renle hizmete a\u00e7\u0131ld\u0131.<\/p>\n\n\n\n<p class=\"wp-block-paragraph\">A\u00e7\u0131l\u0131\u015f program\u0131na \u00fcniversite y\u00f6netiminin yan\u0131 s\u0131ra kamu kurum ve kurulu\u015flar\u0131n\u0131n temsilcileri, akademisyenler, sanayiciler ve davetliler kat\u0131ld\u0131.<\/p>\n\n\n\n<h2 class=\"wp-block-heading\"><strong>&#8220;Tekirda\u011f&#8217;\u0131n Deprem G\u00fcvenli\u011fine Katk\u0131 Sunacak&#8221;<\/strong><\/h2>\n\n\n\n<p class=\"wp-block-paragraph\">A\u00e7\u0131l\u0131\u015fta konu\u015fan <strong>Tekirda\u011f Nam\u0131k Kemal \u00dcniversitesi Rekt\u00f6r\u00fc Prof. Dr. M\u00fcmin \u015eahin<\/strong>, laboratuvar\u0131n yaln\u0131zca akademik \u00e7al\u0131\u015fmalar\u0131n y\u00fcr\u00fct\u00fclece\u011fi bir merkez olmayaca\u011f\u0131n\u0131, ayn\u0131 zamanda sanayiye ve kente do\u011frudan katk\u0131 sa\u011flayacak \u00f6nemli bir teknoloji \u00fcss\u00fc olarak hizmet verece\u011fini s\u00f6yledi.<\/p>\n\n\n\n<p class=\"wp-block-paragraph\">Rekt\u00f6r \u015eahin, <strong>Tekirda\u011f B\u00fcy\u00fck\u015fehir Belediyesi<\/strong> ile i\u015f birli\u011fi i\u00e7erisinde kentteki yap\u0131 stokunun deprem envanterinin \u00e7\u0131kar\u0131lmas\u0131 ve risk analizlerinin yap\u0131lmas\u0131n\u0131n hedeflendi\u011fini belirtti.<\/p>\n\n\n\n<p class=\"wp-block-paragraph\">\u015eahin ayr\u0131ca, Tekirda\u011f&#8217;da faaliyet g\u00f6steren organize sanayi b\u00f6lgelerindeki tesislerin deprem g\u00fcvenli\u011finin belirlenmesine y\u00f6nelik bilimsel \u00e7al\u0131\u015fmalar\u0131n da laboratuvar b\u00fcnyesinde ger\u00e7ekle\u015ftirilece\u011fini ifade etti.<\/p>\n\n\n\n<h2 class=\"wp-block-heading\"><strong>Onkoloji Hastanesi \u0130\u00e7in de \u00dcretim Yap\u0131lacak<\/strong><\/h2>\n\n\n\n<p class=\"wp-block-paragraph\">Laboratuvar\u0131n, yap\u0131m\u0131 devam eden <strong>Tekirda\u011f NK\u00dc Onkoloji Hastanesi<\/strong> i\u00e7in de \u00f6nemli g\u00f6rev \u00fcstlenece\u011fini belirten \u015eahin, hastanede kullan\u0131lacak baz\u0131 yap\u0131 teknolojilerinin bu merkezde \u00fcretilece\u011fini ve \u00e7e\u015fitli dayan\u0131kl\u0131l\u0131k testlerinden ge\u00e7irilece\u011fini kaydetti.<\/p>\n\n\n\n<h2 class=\"wp-block-heading\"><strong>4 Bin Metrekarelik Modern Ara\u015ft\u0131rma Merkezi<\/strong><\/h2>\n\n\n\n<p class=\"wp-block-paragraph\">Programda konu\u015fan <strong>Yap\u0131 \u0130\u015fleri ve Teknik Daire Ba\u015fkan\u0131 ve Laboratuvar Koordinat\u00f6r\u00fc Dr. \u00d6\u011fr. \u00dcyesi Ahmet Bal<\/strong>, laboratuvar\u0131n kurulu\u015f s\u00fcreci, teknik altyap\u0131s\u0131 ve hedefleri hakk\u0131nda kat\u0131l\u0131mc\u0131lara bilgi verdi.<\/p>\n\n\n\n<p class=\"wp-block-paragraph\">Yakla\u015f\u0131k <strong>4 bin metrekare kapal\u0131 alana<\/strong> sahip laboratuvar\u0131n, <strong>8 at\u00f6lye ve 4 ana laboratuvardan<\/strong> olu\u015ftu\u011fu belirtildi. Merkezde deprem m\u00fchendisli\u011fi, yap\u0131 teknolojileri, malzeme testleri ve m\u00fchendislik uygulamalar\u0131na y\u00f6nelik ara\u015ft\u0131rmalar ger\u00e7ekle\u015ftirilecek.<\/p>\n\n\n\n<h2 class=\"wp-block-heading\"><strong>Prof. Dr. Sadettin \u00d6kten&#8217;den &#8220;\u015eehir, Medeniyet ve Deprem&#8221; Konferans\u0131<\/strong><\/h2>\n\n\n\n<p class=\"wp-block-paragraph\">Laboratuvara ismi verilen <strong>Prof. Dr. Sadettin \u00d6kten<\/strong>, a\u00e7\u0131l\u0131\u015f kapsam\u0131nda <strong>&#8220;\u015eehir, Medeniyet ve Deprem&#8221;<\/strong> konulu bir konferans verdi.<\/p>\n\n\n\n<p class=\"wp-block-paragraph\">Konferans\u0131n ard\u0131ndan NK\u00dc Rekt\u00f6r\u00fc Prof. Dr. M\u00fcmin \u015eahin taraf\u0131ndan Prof. Dr. Sadettin \u00d6kten&#8217;e katk\u0131lar\u0131ndan dolay\u0131 plaket takdim edildi.<\/p>\n\n\n\n<p class=\"wp-block-paragraph\">Program kapsam\u0131nda ayr\u0131ca <strong>Tekirda\u011f B\u00fcy\u00fck\u015fehir Belediyesi<\/strong>, <strong>AFAD<\/strong>, <strong>Tekirda\u011f Ticaret ve Sanayi Odas\u0131<\/strong>, <strong>\u00c7orlu Ticaret ve Sanayi Odas\u0131<\/strong> ile projeye destek veren payda\u015f kurum ve sanayicilere te\u015fekk\u00fcr plaketleri sunuldu.<\/p>\n\n\n\n<p class=\"wp-block-paragraph\">Tan\u0131t\u0131m filminin g\u00f6steriminin ard\u0131ndan protokol \u00fcyeleri laboratuvar\u0131n a\u00e7\u0131l\u0131\u015f kurdelesini keserek tesisi gezdi ve teknik birimlerde incelemelerde bulundu.<\/p>\n\n\n\n<p class=\"wp-block-paragraph\">Yeni laboratuvar\u0131n, hem akademik ara\u015ft\u0131rmalara hem de Tekirda\u011f&#8217;\u0131n deprem riskine kar\u015f\u0131 daha g\u00fcvenli bir kent haline gelmesine katk\u0131 sa\u011flayacak \u00f6nemli projelere ev sahipli\u011fi yapmas\u0131 hedefleniyor.<\/p>\n","protected":false},"excerpt":{"rendered":"<p>TEK\u0130RDA\u011e \u2013 Tekirda\u011f Nam\u0131k Kemal \u00dcniversitesi (NK\u00dc), deprem g\u00fcvenli\u011fi ve yap\u0131 teknolojileri alan\u0131nda \u00f6nemli bir&#8230;<\/p>\n","protected":false},"author":1,"featured_media":2753,"comment_status":"closed","ping_status":"closed","sticky":false,"template":"","format":"standard","meta":{"footnotes":""},"categories":[56],"tags":[],"ppma_author":[57],"class_list":["post-2752","post","type-post","status-publish","format-standard","has-post-thumbnail","hentry","category-guncel"],"authors":[{"term_id":57,"user_id":1,"is_guest":0,"slug":"admin","display_name":"Alp Aslan","avatar_url":"https:\/\/secure.gravatar.com\/avatar\/07c18c5ad3350b025db8f3328450e071acb435c703e565899c880c63362f137a?s=96&d=mm&r=g","author_category":"1","first_name":"Alp Aslan","last_name":"ER\u0130N","user_url":"http:\/\/www.gundem59.com.tr","job_title":"","description":""}],"_links":{"self":[{"href":"https:\/\/gundem59.com.tr\/index.php?rest_route=\/wp\/v2\/posts\/2752","targetHints":{"allow":["GET"]}}],"collection":[{"href":"https:\/\/gundem59.com.tr\/index.php?rest_route=\/wp\/v2\/posts"}],"about":[{"href":"https:\/\/gundem59.com.tr\/index.php?rest_route=\/wp\/v2\/types\/post"}],"author":[{"embeddable":true,"href":"https:\/\/gundem59.com.tr\/index.php?rest_route=\/wp\/v2\/users\/1"}],"replies":[{"embeddable":true,"href":"https:\/\/gundem59.com.tr\/index.php?rest_route=%2Fwp%2Fv2%2Fcomments&post=2752"}],"version-history":[{"count":1,"href":"https:\/\/gundem59.com.tr\/index.php?rest_route=\/wp\/v2\/posts\/2752\/revisions"}],"predecessor-version":[{"id":2754,"href":"https:\/\/gundem59.com.tr\/index.php?rest_route=\/wp\/v2\/posts\/2752\/revisions\/2754"}],"wp:featuredmedia":[{"embeddable":true,"href":"https:\/\/gundem59.com.tr\/index.php?rest_route=\/wp\/v2\/media\/2753"}],"wp:attachment":[{"href":"https:\/\/gundem59.com.tr\/index.php?rest_route=%2Fwp%2Fv2%2Fmedia&parent=2752"}],"wp:term":[{"taxonomy":"category","embeddable":true,"href":"https:\/\/gundem59.com.tr\/index.php?rest_route=%2Fwp%2Fv2%2Fcategories&post=2752"},{"taxonomy":"post_tag","embeddable":true,"href":"https:\/\/gundem59.com.tr\/index.php?rest_route=%2Fwp%2Fv2%2Ftags&post=2752"},{"taxonomy":"author","embeddable":true,"href":"https:\/\/gundem59.com.tr\/index.php?rest_route=%2Fwp%2Fv2%2Fppma_author&post=2752"}],"curies":[{"name":"wp","href":"https:\/\/api.w.org\/{rel}","templated":true}]}}