{"id":2747,"date":"2026-07-04T20:05:57","date_gmt":"2026-07-04T20:05:57","guid":{"rendered":"https:\/\/gundem59.com.tr\/?p=2747"},"modified":"2026-07-04T20:05:58","modified_gmt":"2026-07-04T20:05:58","slug":"tekirdagda-saganak-hayati-olumsuz-etkiledi-yollar-gole-dondu-altyapi-yine-sinifta-kaldi","status":"publish","type":"post","link":"https:\/\/gundem59.com.tr\/?p=2747","title":{"rendered":"Tekirda\u011f&#8217;da Sa\u011fanak Hayat\u0131 Olumsuz Etkiledi: Yollar G\u00f6le D\u00f6nd\u00fc, Altyap\u0131 Yine S\u0131n\u0131fta Kald\u0131"},"content":{"rendered":"\n<p class=\"wp-block-paragraph\"><strong>TEK\u0130RDA\u011e<\/strong> \u2013 Meteoroloji Genel M\u00fcd\u00fcrl\u00fc\u011f\u00fc&#8217;n\u00fcn sar\u0131 kodlu uyar\u0131s\u0131n\u0131n ard\u0131ndan Tekirda\u011f&#8217;da etkili olan kuvvetli sa\u011fanak ya\u011f\u0131\u015f, \u00f6zellikle S\u00fcleymanpa\u015fa il\u00e7esinde g\u00fcnl\u00fck ya\u015fam\u0131 olumsuz etkiledi. Yaz mevsiminin en s\u0131cak g\u00fcnlerinden birinde aniden bast\u0131ran ya\u011fmur, cadde ve sokaklar\u0131 k\u0131sa s\u00fcrede su alt\u0131nda b\u0131rakt\u0131.<\/p>\n\n\n\n<p class=\"wp-block-paragraph\">\u00d6\u011fle saatlerinde havan\u0131n aniden kararmas\u0131n\u0131n ard\u0131ndan ba\u015flayan sa\u011fanak, vatanda\u015flar\u0131 haz\u0131rl\u0131ks\u0131z yakalad\u0131. Ya\u011fmura yakalanan bir\u00e7ok ki\u015fi otob\u00fcs duraklar\u0131, i\u015f yerleri, ATM \u00f6nleri ve kapal\u0131 alanlara s\u0131\u011f\u0131narak korunmaya \u00e7al\u0131\u015ft\u0131.<\/p>\n\n\n\n<h2 class=\"wp-block-heading\"><strong>Yollar G\u00f6le D\u00f6nd\u00fc, Trafik Aksad\u0131<\/strong><\/h2>\n\n\n\n<p class=\"wp-block-paragraph\">K\u0131sa s\u00fcrede \u015fiddetini art\u0131ran ya\u011f\u0131\u015f nedeniyle kentin bir\u00e7ok noktas\u0131nda su birikintileri olu\u015ftu. Baz\u0131 cadde ve sokaklar adeta g\u00f6le d\u00f6nerken, ara\u00e7 s\u00fcr\u00fcc\u00fcleri suyla kaplanan yollarda ilerlemekte g\u00fc\u00e7l\u00fck \u00e7ekti. Trafikte zaman zaman aksamalar ya\u015fan\u0131rken, yayalar da kar\u015f\u0131dan kar\u015f\u0131ya ge\u00e7mekte zorland\u0131.<\/p>\n\n\n\n<p class=\"wp-block-paragraph\">Hava s\u0131cakl\u0131\u011f\u0131n\u0131n yakla\u015f\u0131k 27 derece \u00f6l\u00e7\u00fcld\u00fc\u011f\u00fc kentte, sa\u011fana\u011f\u0131n ard\u0131ndan su birikintilerinin \u00e7ekilmesiyle hayat k\u0131sa s\u00fcrede normale d\u00f6nmeye ba\u015flad\u0131.<\/p>\n\n\n\n<figure class=\"wp-block-image size-full\"><img  title=\"\" loading=\"lazy\" decoding=\"async\" width=\"800\" height=\"451\" src=\"https:\/\/gundem59.com.tr\/wp-content\/uploads\/2026\/07\/6a48d720054bd942__w1200xh676.webp\"  alt=\"6a48d720054bd942__w1200xh676 Tekirda\u011f&#039;da Sa\u011fanak Hayat\u0131 Olumsuz Etkiledi: Yollar G\u00f6le D\u00f6nd\u00fc, Altyap\u0131 Yine S\u0131n\u0131fta Kald\u0131\"  class=\"wp-image-2750\" srcset=\"https:\/\/gundem59.com.tr\/wp-content\/uploads\/2026\/07\/6a48d720054bd942__w1200xh676.webp 800w, https:\/\/gundem59.com.tr\/wp-content\/uploads\/2026\/07\/6a48d720054bd942__w1200xh676-300x169.webp 300w, https:\/\/gundem59.com.tr\/wp-content\/uploads\/2026\/07\/6a48d720054bd942__w1200xh676-768x433.webp 768w\" sizes=\"auto, (max-width: 800px) 100vw, 800px\" \/><\/figure>\n\n\n\n<h2 class=\"wp-block-heading\"><strong>Altyap\u0131 Tart\u0131\u015fmalar\u0131 Yeniden G\u00fcndemde<\/strong><\/h2>\n\n\n\n<p class=\"wp-block-paragraph\">Ya\u011f\u0131\u015f\u0131n ard\u0131ndan olu\u015fan g\u00f6r\u00fcnt\u00fcler, kentte altyap\u0131 yetersizli\u011fi tart\u0131\u015fmalar\u0131n\u0131 da yeniden g\u00fcndeme ta\u015f\u0131d\u0131. \u00d6zellikle k\u0131sa s\u00fcreli ya\u011f\u0131\u015flarda dahi cadde ve sokaklar\u0131n suyla dolmas\u0131, ya\u011fmur suyu tahliye sistemlerinin yetersiz oldu\u011fu y\u00f6n\u00fcndeki ele\u015ftirileri art\u0131rd\u0131.<\/p>\n\n\n\n<p class=\"wp-block-paragraph\">Vatanda\u015flar, her ya\u011f\u0131\u015fta benzer manzaralar\u0131n ya\u015fand\u0131\u011f\u0131n\u0131 belirterek kal\u0131c\u0131 \u00e7\u00f6z\u00fcmler \u00fcretilmesini isterken, ya\u015fanan tablo <strong>hem S\u00fcleymanpa\u015fa Belediyesi hem de Tekirda\u011f B\u00fcy\u00fck\u015fehir Belediyesi&#8217;nin altyap\u0131 hizmetlerinin sorgulanmas\u0131na neden oldu.<\/strong><\/p>\n\n\n\n<p class=\"wp-block-paragraph\">Kent sakinleri, y\u0131llard\u0131r devam eden altyap\u0131 sorunlar\u0131n\u0131n \u00e7\u00f6z\u00fcme kavu\u015fturulmas\u0131n\u0131 beklediklerini ifade ederek, \u00f6zellikle ya\u011fmur suyu drenaj sistemlerinin g\u00fc\u00e7lendirilmesi gerekti\u011fini dile getirdi.<\/p>\n\n\n\n<p class=\"wp-block-paragraph\">Meteoroloji yetkilileri ise b\u00f6lgede ya\u011f\u0131\u015flar\u0131n yer yer aral\u0131klarla etkisini s\u00fcrd\u00fcrebilece\u011fini belirterek vatanda\u015flar\u0131 ani su bask\u0131nlar\u0131 ve ula\u015f\u0131mda ya\u015fanabilecek olumsuzluklara kar\u015f\u0131 dikkatli olmalar\u0131 konusunda uyard\u0131.<\/p>\n","protected":false},"excerpt":{"rendered":"<p>TEK\u0130RDA\u011e \u2013 Meteoroloji Genel M\u00fcd\u00fcrl\u00fc\u011f\u00fc&#8217;n\u00fcn sar\u0131 kodlu uyar\u0131s\u0131n\u0131n ard\u0131ndan Tekirda\u011f&#8217;da etkili olan kuvvetli sa\u011fanak ya\u011f\u0131\u015f,&#8230;<\/p>\n","protected":false},"author":1,"featured_media":2748,"comment_status":"closed","ping_status":"closed","sticky":false,"template":"","format":"standard","meta":{"footnotes":""},"categories":[56],"tags":[],"ppma_author":[57],"class_list":["post-2747","post","type-post","status-publish","format-standard","has-post-thumbnail","hentry","category-guncel"],"authors":[{"term_id":57,"user_id":1,"is_guest":0,"slug":"admin","display_name":"Alp Aslan","avatar_url":"https:\/\/secure.gravatar.com\/avatar\/07c18c5ad3350b025db8f3328450e071acb435c703e565899c880c63362f137a?s=96&d=mm&r=g","author_category":"1","first_name":"Alp Aslan","last_name":"ER\u0130N","user_url":"http:\/\/www.gundem59.com.tr","job_title":"","description":""}],"_links":{"self":[{"href":"https:\/\/gundem59.com.tr\/index.php?rest_route=\/wp\/v2\/posts\/2747","targetHints":{"allow":["GET"]}}],"collection":[{"href":"https:\/\/gundem59.com.tr\/index.php?rest_route=\/wp\/v2\/posts"}],"about":[{"href":"https:\/\/gundem59.com.tr\/index.php?rest_route=\/wp\/v2\/types\/post"}],"author":[{"embeddable":true,"href":"https:\/\/gundem59.com.tr\/index.php?rest_route=\/wp\/v2\/users\/1"}],"replies":[{"embeddable":true,"href":"https:\/\/gundem59.com.tr\/index.php?rest_route=%2Fwp%2Fv2%2Fcomments&post=2747"}],"version-history":[{"count":1,"href":"https:\/\/gundem59.com.tr\/index.php?rest_route=\/wp\/v2\/posts\/2747\/revisions"}],"predecessor-version":[{"id":2751,"href":"https:\/\/gundem59.com.tr\/index.php?rest_route=\/wp\/v2\/posts\/2747\/revisions\/2751"}],"wp:featuredmedia":[{"embeddable":true,"href":"https:\/\/gundem59.com.tr\/index.php?rest_route=\/wp\/v2\/media\/2748"}],"wp:attachment":[{"href":"https:\/\/gundem59.com.tr\/index.php?rest_route=%2Fwp%2Fv2%2Fmedia&parent=2747"}],"wp:term":[{"taxonomy":"category","embeddable":true,"href":"https:\/\/gundem59.com.tr\/index.php?rest_route=%2Fwp%2Fv2%2Fcategories&post=2747"},{"taxonomy":"post_tag","embeddable":true,"href":"https:\/\/gundem59.com.tr\/index.php?rest_route=%2Fwp%2Fv2%2Ftags&post=2747"},{"taxonomy":"author","embeddable":true,"href":"https:\/\/gundem59.com.tr\/index.php?rest_route=%2Fwp%2Fv2%2Fppma_author&post=2747"}],"curies":[{"name":"wp","href":"https:\/\/api.w.org\/{rel}","templated":true}]}}