{"id":2738,"date":"2026-07-04T19:53:58","date_gmt":"2026-07-04T19:53:58","guid":{"rendered":"https:\/\/gundem59.com.tr\/?p=2738"},"modified":"2026-07-04T21:00:14","modified_gmt":"2026-07-04T21:00:14","slug":"saadet-partisinden-emekliler-haftasinda-guclu-mesaj-emeklilerimiz-insanca-yasamayi-hak-ediyor","status":"publish","type":"post","link":"https:\/\/gundem59.com.tr\/?p=2738","title":{"rendered":"Saadet Partisi&#8217;nden Emekliler Haftas\u0131&#8217;nda G\u00fc\u00e7l\u00fc Mesaj: &#8220;Emeklilerimiz \u0130nsanca Ya\u015famay\u0131 Hak Ediyor&#8221;"},"content":{"rendered":"\n<p class=\"wp-block-paragraph\"><strong>TEK\u0130RDA\u011e \/ S\u00dcLEYMANPA\u015eA<\/strong> \u2013 Saadet Partisi S\u00fcleymanpa\u015fa \u0130l\u00e7e Ba\u015fkanl\u0131\u011f\u0131 taraf\u0131ndan 28 Haziran-4 Temmuz Emekliler Haftas\u0131 dolay\u0131s\u0131yla d\u00fczenlenen bas\u0131n a\u00e7\u0131klamas\u0131nda emeklilerin ya\u015fad\u0131\u011f\u0131 ekonomik s\u0131k\u0131nt\u0131lar g\u00fcndeme ta\u015f\u0131nd\u0131. <strong>Saadet Partisi S\u00fcleymanpa\u015fa \u0130l\u00e7e Ba\u015fkan\u0131 Cebrail Aksu&#8217;nun<\/strong> ev sahipli\u011finde ger\u00e7ekle\u015ftirilen programa partililer yo\u011fun ilgi g\u00f6sterirken, bas\u0131n a\u00e7\u0131klamas\u0131 <strong>Saadet Partisi Tekirda\u011f \u0130l Ba\u015fkan Yard\u0131mc\u0131s\u0131<\/strong> <strong>Atakan Ya\u015far <\/strong>taraf\u0131ndan okundu.<\/p>\n\n\n\n<figure class=\"wp-block-image size-large\"><img  title=\"\" loading=\"lazy\" decoding=\"async\" width=\"1024\" height=\"461\" src=\"https:\/\/gundem59.com.tr\/wp-content\/uploads\/2026\/07\/WhatsApp-Image-2026-07-04-at-18.43.04-3-1-1024x461.jpeg\"  alt=\"WhatsApp-Image-2026-07-04-at-18.43.04-3-1-1024x461 Saadet Partisi&#039;nden Emekliler Haftas\u0131&#039;nda G\u00fc\u00e7l\u00fc Mesaj: &quot;Emeklilerimiz \u0130nsanca Ya\u015famay\u0131 Hak Ediyor&quot;\"  class=\"wp-image-2739\" srcset=\"https:\/\/gundem59.com.tr\/wp-content\/uploads\/2026\/07\/WhatsApp-Image-2026-07-04-at-18.43.04-3-1-1024x461.jpeg 1024w, https:\/\/gundem59.com.tr\/wp-content\/uploads\/2026\/07\/WhatsApp-Image-2026-07-04-at-18.43.04-3-1-300x135.jpeg 300w, https:\/\/gundem59.com.tr\/wp-content\/uploads\/2026\/07\/WhatsApp-Image-2026-07-04-at-18.43.04-3-1-768x345.jpeg 768w, https:\/\/gundem59.com.tr\/wp-content\/uploads\/2026\/07\/WhatsApp-Image-2026-07-04-at-18.43.04-3-1-1536x691.jpeg 1536w, https:\/\/gundem59.com.tr\/wp-content\/uploads\/2026\/07\/WhatsApp-Image-2026-07-04-at-18.43.04-3-1.jpeg 2048w\" sizes=\"auto, (max-width: 1024px) 100vw, 1024px\" \/><\/figure>\n\n\n\n<p class=\"wp-block-paragraph\">Programa, il ve il\u00e7e te\u015fkilatlar\u0131n\u0131n yan\u0131 s\u0131ra kad\u0131n ve gen\u00e7lik kollar\u0131 \u00fcyeleri ile \u00e7ok say\u0131da partili kat\u0131ld\u0131. Ayr\u0131ca <strong>T\u00fcm Emekliler Sendikas\u0131 Tekirda\u011f Temsilcili\u011fi<\/strong> de programa destek vererek emeklilerin hak arama m\u00fccadelesine katk\u0131 sundu. Yo\u011fun kat\u0131l\u0131m\u0131n oldu\u011fu programda salon tamamen dolarken, olu\u015fan birlik ve beraberlik tablosu <strong>adeta Saadet Partisi&#8217;nin Tekirda\u011f&#8217;daki g\u00fc\u00e7l\u00fc te\u015fkilat yap\u0131s\u0131n\u0131 g\u00f6zler \u00f6n\u00fcne serdi.<\/strong><\/p>\n\n\n\n<figure class=\"wp-block-image size-large\"><img  title=\"\" loading=\"lazy\" decoding=\"async\" width=\"1024\" height=\"461\" src=\"https:\/\/gundem59.com.tr\/wp-content\/uploads\/2026\/07\/WhatsApp-Image-2026-07-04-at-18.43.04-4-1024x461.jpeg\"  alt=\"WhatsApp-Image-2026-07-04-at-18.43.04-4-1024x461 Saadet Partisi&#039;nden Emekliler Haftas\u0131&#039;nda G\u00fc\u00e7l\u00fc Mesaj: &quot;Emeklilerimiz \u0130nsanca Ya\u015famay\u0131 Hak Ediyor&quot;\"  class=\"wp-image-2740\" srcset=\"https:\/\/gundem59.com.tr\/wp-content\/uploads\/2026\/07\/WhatsApp-Image-2026-07-04-at-18.43.04-4-1024x461.jpeg 1024w, https:\/\/gundem59.com.tr\/wp-content\/uploads\/2026\/07\/WhatsApp-Image-2026-07-04-at-18.43.04-4-300x135.jpeg 300w, https:\/\/gundem59.com.tr\/wp-content\/uploads\/2026\/07\/WhatsApp-Image-2026-07-04-at-18.43.04-4-768x345.jpeg 768w, https:\/\/gundem59.com.tr\/wp-content\/uploads\/2026\/07\/WhatsApp-Image-2026-07-04-at-18.43.04-4-1536x691.jpeg 1536w, https:\/\/gundem59.com.tr\/wp-content\/uploads\/2026\/07\/WhatsApp-Image-2026-07-04-at-18.43.04-4.jpeg 2048w\" sizes=\"auto, (max-width: 1024px) 100vw, 1024px\" \/><\/figure>\n\n\n\n<h2 class=\"wp-block-heading\"><strong>&#8220;Emekliler Haftas\u0131 Kutlama De\u011fil, Sorunlar\u0131n Konu\u015fulmas\u0131 Gereken Bir Haftad\u0131r&#8221;<\/strong><\/h2>\n\n\n\n<p class=\"wp-block-paragraph\">Bas\u0131n a\u00e7\u0131klamas\u0131n\u0131 okuyan <strong>Saadet Partisi Tekirda\u011f \u0130l Ba\u015fkan Yard\u0131mc\u0131s\u0131<\/strong>, konu\u015fmas\u0131na t\u00fcm emeklilerin Emekliler Haftas\u0131&#8217;n\u0131 kutlayarak ba\u015flad\u0131.<\/p>\n\n\n\n<p class=\"wp-block-paragraph\">A\u00e7\u0131klamada \u015fu ifadelere yer verildi:<\/p>\n\n\n\n<p class=\"wp-block-paragraph\"><em>&#8220;\u00dclkemizde 28 Haziran-4 Temmuz tarihleri Emekliler Haftas\u0131 olarak kutlanmaktad\u0131r. Saadet Partisi olarak t\u00fcm emeklilerimizin Emekliler Haftas\u0131&#8217;n\u0131 kutluyoruz. Ancak ne yaz\u0131k ki emeklilerimiz bug\u00fcn hak ettikleri ya\u015fam ko\u015fullar\u0131ndan olduk\u00e7a uzaktad\u0131r. Y\u0131llarca \u00fcretime katk\u0131 sa\u011flayan, \u00fclkesine hizmet eden milyonlarca emeklimiz a\u00e7l\u0131k ve yoksulluk s\u0131n\u0131r\u0131n\u0131n alt\u0131nda ya\u015fam m\u00fccadelesi vermektedir.&#8221;<\/em><\/p>\n\n\n\n<p class=\"wp-block-paragraph\">T\u00fcrkiye&#8217;de yakla\u015f\u0131k <strong>17 milyon emeklinin<\/strong> bulundu\u011funun ifade edildi\u011fi a\u00e7\u0131klamada, milyonlarca emeklinin en d\u00fc\u015f\u00fck emekli maa\u015f\u0131yla ge\u00e7inmeye \u00e7al\u0131\u015ft\u0131\u011f\u0131na dikkat \u00e7ekildi.<\/p>\n\n\n\n<figure class=\"wp-block-image size-large\"><img  title=\"\" loading=\"lazy\" decoding=\"async\" width=\"461\" height=\"1024\" src=\"https:\/\/gundem59.com.tr\/wp-content\/uploads\/2026\/07\/WhatsApp-Image-2026-07-04-at-18.43.04-5-461x1024.jpeg\"  alt=\"WhatsApp-Image-2026-07-04-at-18.43.04-5-461x1024 Saadet Partisi&#039;nden Emekliler Haftas\u0131&#039;nda G\u00fc\u00e7l\u00fc Mesaj: &quot;Emeklilerimiz \u0130nsanca Ya\u015famay\u0131 Hak Ediyor&quot;\"  class=\"wp-image-2741\" srcset=\"https:\/\/gundem59.com.tr\/wp-content\/uploads\/2026\/07\/WhatsApp-Image-2026-07-04-at-18.43.04-5-461x1024.jpeg 461w, https:\/\/gundem59.com.tr\/wp-content\/uploads\/2026\/07\/WhatsApp-Image-2026-07-04-at-18.43.04-5-135x300.jpeg 135w, https:\/\/gundem59.com.tr\/wp-content\/uploads\/2026\/07\/WhatsApp-Image-2026-07-04-at-18.43.04-5-768x1708.jpeg 768w, https:\/\/gundem59.com.tr\/wp-content\/uploads\/2026\/07\/WhatsApp-Image-2026-07-04-at-18.43.04-5-691x1536.jpeg 691w, https:\/\/gundem59.com.tr\/wp-content\/uploads\/2026\/07\/WhatsApp-Image-2026-07-04-at-18.43.04-5.jpeg 921w\" sizes=\"auto, (max-width: 461px) 100vw, 461px\" \/><\/figure>\n\n\n\n<h2 class=\"wp-block-heading\"><strong>&#8220;Emeklilik Huzurun Ba\u015flad\u0131\u011f\u0131 D\u00f6nem Olmal\u0131yd\u0131&#8221;<\/strong><\/h2>\n\n\n\n<p class=\"wp-block-paragraph\">Bas\u0131n a\u00e7\u0131klamas\u0131nda, emeklili\u011fin bir \u00f6mr\u00fcn sonunda huzur i\u00e7erisinde ya\u015fanmas\u0131 gereken d\u00f6nem olmas\u0131 gerekirken, bug\u00fcn bir\u00e7ok emekli i\u00e7in ge\u00e7im m\u00fccadelesine d\u00f6n\u00fc\u015ft\u00fc\u011f\u00fc vurguland\u0131.<\/p>\n\n\n\n<p class=\"wp-block-paragraph\">A\u00e7\u0131klamada, yap\u0131lan son zamla birlikte en d\u00fc\u015f\u00fck emekli maa\u015f\u0131n\u0131n <strong>23 bin 552 liraya<\/strong> y\u00fckseldi\u011fi ancak bu rakam\u0131n a\u00e7l\u0131k s\u0131n\u0131r\u0131n\u0131n alt\u0131nda kald\u0131\u011f\u0131 belirtilerek \u015fu de\u011ferlendirme yap\u0131ld\u0131:<\/p>\n\n\n\n<p class=\"wp-block-paragraph\"><em>&#8220;Bu ne demektir? Emeklimizi a\u00e7l\u0131k s\u0131n\u0131r\u0131n\u0131n alt\u0131nda ya\u015famaya mahk\u00fbm etmek demektir. A\u00e7l\u0131k s\u0131n\u0131r\u0131 yaln\u0131zca bir ailenin karn\u0131n\u0131 doyurabilmesi i\u00e7in gereken tutard\u0131r. Bunun i\u00e7erisinde kira, elektrik, su, do\u011falgaz, sa\u011fl\u0131k, ula\u015f\u0131m ve di\u011fer temel ihtiya\u00e7lar bulunmamaktad\u0131r. Emeklilerimize sadece kar\u0131n doyurmaya yetecek bir \u00fccret reva g\u00f6r\u00fclmektedir.&#8221;<\/em><\/p>\n\n\n\n<h2 class=\"wp-block-heading\"><strong>&#8220;Emekliler Mecburiyetten \u00c7al\u0131\u015f\u0131yor&#8221;<\/strong><\/h2>\n\n\n\n<p class=\"wp-block-paragraph\">A\u00e7\u0131klamada, emeklilerin ald\u0131klar\u0131 maa\u015fla ge\u00e7inemedi\u011fi i\u00e7in yeniden \u00e7al\u0131\u015fmak zorunda kald\u0131klar\u0131 ifade edilerek bunun sosyal devlet anlay\u0131\u015f\u0131yla ba\u011fda\u015fmad\u0131\u011f\u0131 belirtildi.<\/p>\n\n\n\n<p class=\"wp-block-paragraph\"><em>&#8220;Emeklilerimiz keyfinden de\u011fil, mecburiyetten \u00e7al\u0131\u015fmaktad\u0131r. Sa\u011fl\u0131\u011f\u0131 el verdi\u011fi s\u00fcrece temel ihtiya\u00e7lar\u0131n\u0131 kar\u015f\u0131layabilmek i\u00e7in yeniden i\u015f aramaktad\u0131r. Bu tablo kabul edilemez.&#8221;<\/em> denildi.<\/p>\n\n\n\n<h2 class=\"wp-block-heading\"><strong>&#8220;Ekonomi B\u00fcy\u00fcyorsa Emekliler Neden Fakirle\u015fiyor?&#8221;<\/strong><\/h2>\n\n\n\n<p class=\"wp-block-paragraph\">Saadet Partisi a\u00e7\u0131klamas\u0131nda, ekonomi b\u00fcy\u00fcyor s\u00f6ylemlerine ra\u011fmen emeklilerin her ge\u00e7en g\u00fcn daha da yoksulla\u015ft\u0131\u011f\u0131 belirtilerek \u015fu sorular y\u00f6neltildi:<\/p>\n\n\n\n<p class=\"wp-block-paragraph\"><em>&#8220;\u00dclke b\u00fcy\u00fcyorsa emekliler neden yoksulla\u015f\u0131yor? \u00dclke kaynaklar\u0131 artarken emeklilerin pay\u0131 neden k\u00fc\u00e7\u00fcl\u00fcyor? Bu b\u00fcy\u00fcme neden milletin tamam\u0131na de\u011fil de sadece belli kesimlere yans\u0131yor?&#8221;<\/em><\/p>\n\n\n\n<p class=\"wp-block-paragraph\">Gelir da\u011f\u0131l\u0131m\u0131ndaki adaletsizli\u011fin sadece emeklilerin de\u011fil; i\u015f\u00e7i, memur, \u00e7ift\u00e7i ve t\u00fcm dar gelirli vatanda\u015flar\u0131n ortak sorunu haline geldi\u011fi ifade edildi.<\/p>\n\n\n\n<figure class=\"wp-block-image size-large\"><img  title=\"\" loading=\"lazy\" decoding=\"async\" width=\"1024\" height=\"459\" src=\"https:\/\/gundem59.com.tr\/wp-content\/uploads\/2026\/07\/WhatsApp-Image-2026-07-04-at-18.43.03-1024x459.jpeg\"  alt=\"WhatsApp-Image-2026-07-04-at-18.43.03-1024x459 Saadet Partisi&#039;nden Emekliler Haftas\u0131&#039;nda G\u00fc\u00e7l\u00fc Mesaj: &quot;Emeklilerimiz \u0130nsanca Ya\u015famay\u0131 Hak Ediyor&quot;\"  class=\"wp-image-2742\" srcset=\"https:\/\/gundem59.com.tr\/wp-content\/uploads\/2026\/07\/WhatsApp-Image-2026-07-04-at-18.43.03-1024x459.jpeg 1024w, https:\/\/gundem59.com.tr\/wp-content\/uploads\/2026\/07\/WhatsApp-Image-2026-07-04-at-18.43.03-300x134.jpeg 300w, https:\/\/gundem59.com.tr\/wp-content\/uploads\/2026\/07\/WhatsApp-Image-2026-07-04-at-18.43.03-768x344.jpeg 768w, https:\/\/gundem59.com.tr\/wp-content\/uploads\/2026\/07\/WhatsApp-Image-2026-07-04-at-18.43.03-1536x688.jpeg 1536w, https:\/\/gundem59.com.tr\/wp-content\/uploads\/2026\/07\/WhatsApp-Image-2026-07-04-at-18.43.03.jpeg 1696w\" sizes=\"auto, (max-width: 1024px) 100vw, 1024px\" \/><\/figure>\n\n\n\n<h2 class=\"wp-block-heading\"><strong>&#8220;Kaynak Var, Tercih Meselesi&#8221;<\/strong><\/h2>\n\n\n\n<p class=\"wp-block-paragraph\">Bas\u0131n a\u00e7\u0131klamas\u0131nda, b\u00fct\u00e7e kaynaklar\u0131n\u0131n faiz yerine vatanda\u015f i\u00e7in kullan\u0131lmas\u0131 gerekti\u011fi savunularak, emeklilerin insanca ya\u015fayabilecekleri maa\u015f seviyesine ula\u015ft\u0131r\u0131lmas\u0131n\u0131n m\u00fcmk\u00fcn oldu\u011fu belirtildi.<\/p>\n\n\n\n<p class=\"wp-block-paragraph\"><em>&#8220;Emeklilik yoksullu\u011fa a\u00e7\u0131lan bir kap\u0131 de\u011fildir. Emekliye verilen maa\u015f bir l\u00fctuf de\u011fil, y\u0131llarca \u00f6denen primlerin ve al\u0131n terinin kar\u015f\u0131l\u0131\u011f\u0131d\u0131r. Kaynak vard\u0131r. \u00d6nemli olan kaynaklar\u0131n millet i\u00e7in kullan\u0131lmas\u0131d\u0131r.&#8221;<\/em> ifadeleri kullan\u0131ld\u0131.<\/p>\n\n\n\n<h2 class=\"wp-block-heading\"><strong>Ba\u015fkan Aksu: &#8220;Emeklilerimizin Yan\u0131nda Olmaya Devam Edece\u011fiz&#8221;<\/strong><\/h2>\n\n\n\n<p class=\"wp-block-paragraph\">Program\u0131n sonunda de\u011ferlendirmelerde bulunan <strong>Saadet Partisi S\u00fcleymanpa\u015fa \u0130l\u00e7e Ba\u015fkan\u0131 Cebrail Aksu<\/strong>, emeklilerin ya\u015fad\u0131\u011f\u0131 ekonomik sorunlar\u0131n art\u0131k g\u00f6rmezden gelinemeyecek boyuta ula\u015ft\u0131\u011f\u0131n\u0131 belirterek, Saadet Partisi&#8217;nin her zaman emeklilerin, dar gelirlinin ve al\u0131n teriyle ge\u00e7inen vatanda\u015flar\u0131n yan\u0131nda olmaya devam edece\u011fini s\u00f6yledi.<\/p>\n\n\n\n<p class=\"wp-block-paragraph\">Yo\u011fun kat\u0131l\u0131m ve g\u00fc\u00e7l\u00fc te\u015fkilat deste\u011fiyle ger\u00e7ekle\u015ftirilen bas\u0131n a\u00e7\u0131klamas\u0131, kat\u0131l\u0131mc\u0131lar\u0131n emeklilere destek mesajlar\u0131 ve alk\u0131\u015flar\u0131 e\u015fli\u011finde sona erdi. Programa destek veren <strong>T\u00fcm Emekliler Sendikas\u0131 Tekirda\u011f Temsilcili\u011fi<\/strong> de emeklilerin insanca ya\u015fayabilecekleri \u00fccret ve sosyal haklara kavu\u015fmas\u0131 y\u00f6n\u00fcndeki taleplerini yineleyerek, ortak m\u00fccadelenin \u00f6nemine dikkat \u00e7ekti.<\/p>\n\n\n\n<p class=\"wp-block-paragraph\"><\/p>\n","protected":false},"excerpt":{"rendered":"<p>TEK\u0130RDA\u011e \/ S\u00dcLEYMANPA\u015eA \u2013 Saadet Partisi S\u00fcleymanpa\u015fa \u0130l\u00e7e Ba\u015fkanl\u0131\u011f\u0131 taraf\u0131ndan 28 Haziran-4 Temmuz Emekliler Haftas\u0131&#8230;<\/p>\n","protected":false},"author":1,"featured_media":2736,"comment_status":"closed","ping_status":"closed","sticky":false,"template":"","format":"standard","meta":{"footnotes":""},"categories":[52],"tags":[],"ppma_author":[57],"class_list":["post-2738","post","type-post","status-publish","format-standard","has-post-thumbnail","hentry","category-politika"],"authors":[{"term_id":57,"user_id":1,"is_guest":0,"slug":"admin","display_name":"Alp Aslan","avatar_url":"https:\/\/secure.gravatar.com\/avatar\/07c18c5ad3350b025db8f3328450e071acb435c703e565899c880c63362f137a?s=96&d=mm&r=g","author_category":"1","first_name":"Alp Aslan","last_name":"ER\u0130N","user_url":"http:\/\/www.gundem59.com.tr","job_title":"","description":""}],"_links":{"self":[{"href":"https:\/\/gundem59.com.tr\/index.php?rest_route=\/wp\/v2\/posts\/2738","targetHints":{"allow":["GET"]}}],"collection":[{"href":"https:\/\/gundem59.com.tr\/index.php?rest_route=\/wp\/v2\/posts"}],"about":[{"href":"https:\/\/gundem59.com.tr\/index.php?rest_route=\/wp\/v2\/types\/post"}],"author":[{"embeddable":true,"href":"https:\/\/gundem59.com.tr\/index.php?rest_route=\/wp\/v2\/users\/1"}],"replies":[{"embeddable":true,"href":"https:\/\/gundem59.com.tr\/index.php?rest_route=%2Fwp%2Fv2%2Fcomments&post=2738"}],"version-history":[{"count":2,"href":"https:\/\/gundem59.com.tr\/index.php?rest_route=\/wp\/v2\/posts\/2738\/revisions"}],"predecessor-version":[{"id":2778,"href":"https:\/\/gundem59.com.tr\/index.php?rest_route=\/wp\/v2\/posts\/2738\/revisions\/2778"}],"wp:featuredmedia":[{"embeddable":true,"href":"https:\/\/gundem59.com.tr\/index.php?rest_route=\/wp\/v2\/media\/2736"}],"wp:attachment":[{"href":"https:\/\/gundem59.com.tr\/index.php?rest_route=%2Fwp%2Fv2%2Fmedia&parent=2738"}],"wp:term":[{"taxonomy":"category","embeddable":true,"href":"https:\/\/gundem59.com.tr\/index.php?rest_route=%2Fwp%2Fv2%2Fcategories&post=2738"},{"taxonomy":"post_tag","embeddable":true,"href":"https:\/\/gundem59.com.tr\/index.php?rest_route=%2Fwp%2Fv2%2Ftags&post=2738"},{"taxonomy":"author","embeddable":true,"href":"https:\/\/gundem59.com.tr\/index.php?rest_route=%2Fwp%2Fv2%2Fppma_author&post=2738"}],"curies":[{"name":"wp","href":"https:\/\/api.w.org\/{rel}","templated":true}]}}