{"id":2728,"date":"2026-07-04T02:06:27","date_gmt":"2026-07-04T02:06:27","guid":{"rendered":"https:\/\/gundem59.com.tr\/?p=2728"},"modified":"2026-07-04T02:13:15","modified_gmt":"2026-07-04T02:13:15","slug":"corluda-dogal-gaz-patlamasi-faciasi-2-kisi-hayatini-kaybetti-5-yarali","status":"publish","type":"post","link":"https:\/\/gundem59.com.tr\/?p=2728","title":{"rendered":"\u00c7orlu&#8217;da Do\u011fal Gaz Patlamas\u0131 Facias\u0131: 2 Ki\u015fi Hayat\u0131n\u0131 Kaybetti, 5 Yaral\u0131"},"content":{"rendered":"\n<p class=\"wp-block-paragraph\">Tekirda\u011f&#8217;\u0131n \u00c7orlu il\u00e7esinde 6 katl\u0131 bir apartman\u0131n en \u00fcst kat\u0131nda meydana gelen do\u011fal gaz patlamas\u0131 faciaya d\u00f6n\u00fc\u015ft\u00fc. Patlaman\u0131n ard\u0131ndan \u00e7\u0131kan yang\u0131nda 2 ki\u015fi hayat\u0131n\u0131 kaybederken, 5 ki\u015fi de yaraland\u0131.<\/p>\n\n\n\n<figure class=\"wp-block-video\"><video height=\"1080\" style=\"aspect-ratio: 1920 \/ 1080;\" width=\"1920\" controls src=\"https:\/\/gundem59.com.tr\/wp-content\/uploads\/2026\/07\/Kendi-tarzini-belirle.mp4\"><\/video><\/figure>\n\n\n\n<p class=\"wp-block-paragraph\">Olay, H\u0131d\u0131ra\u011fa Mahallesi Borsa Meydan\u0131&#8217;nda bulunan 6 katl\u0131 apartman\u0131n 6. kat\u0131nda meydana geldi. Edinilen bilgilere g\u00f6re, dairede meydana gelen do\u011fal gaz patlamas\u0131n\u0131n ard\u0131ndan yang\u0131n \u00e7\u0131kt\u0131. Patlaman\u0131n etkisiyle \u00e7evrede b\u00fcy\u00fck panik ya\u015fan\u0131rken, binan\u0131n \u00fcst kat\u0131nda ve d\u0131\u015f cephesinde ciddi hasar olu\u015ftu.<\/p>\n\n\n\n<p class=\"wp-block-paragraph\">\u0130hbar \u00fczerine olay yerine \u00e7ok say\u0131da sa\u011fl\u0131k, itfaiye, polis ve do\u011fal gaz ekibi sevk edildi. Ekipler \u00e7evrede geni\u015f g\u00fcvenlik \u00f6nlemleri al\u0131rken, itfaiye ekiplerinin m\u00fcdahalesiyle yang\u0131n kontrol alt\u0131na al\u0131nd\u0131.<\/p>\n\n\n\n<p class=\"wp-block-paragraph\">Patlamada 2 ki\u015fi olay yerinde hayat\u0131n\u0131 kaybetti. Yaralanan 5 ki\u015fi ise sa\u011fl\u0131k ekiplerinin ilk m\u00fcdahalesinin ard\u0131ndan ambulanslarla \u00c7orlu&#8217;daki hastanelere kald\u0131r\u0131larak tedavi alt\u0131na al\u0131nd\u0131.<\/p>\n\n\n\n<p class=\"wp-block-paragraph\">Patlaman\u0131n \u015fiddeti nedeniyle apartman\u0131n bulundu\u011fu b\u00f6lgede g\u00fcvenlik \u00e7emberi olu\u015fturulurken, \u00e7evredeki vatanda\u015flar tedbir amac\u0131yla b\u00f6lgeden uzakla\u015ft\u0131r\u0131ld\u0131. Olay yerinde polis, itfaiye, AFAD ve do\u011fal gaz da\u011f\u0131t\u0131m \u015firketi ekipleri incelemelerini s\u00fcrd\u00fcr\u00fcyor.<\/p>\n\n\n\n<p class=\"wp-block-paragraph\">Yetkililer, patlaman\u0131n kesin nedeninin yap\u0131lacak teknik incelemenin ard\u0131ndan netlik kazanaca\u011f\u0131n\u0131 belirtirken, olayla ilgili geni\u015f \u00e7apl\u0131 soru\u015fturma ba\u015flat\u0131ld\u0131.<\/p>\n\n\n\n<p class=\"wp-block-paragraph\"><\/p>\n","protected":false},"excerpt":{"rendered":"<p>Tekirda\u011f&#8217;\u0131n \u00c7orlu il\u00e7esinde 6 katl\u0131 bir apartman\u0131n en \u00fcst kat\u0131nda meydana gelen do\u011fal gaz patlamas\u0131&#8230;<\/p>\n","protected":false},"author":1,"featured_media":2729,"comment_status":"closed","ping_status":"closed","sticky":false,"template":"","format":"standard","meta":{"footnotes":""},"categories":[5],"tags":[],"ppma_author":[57],"class_list":["post-2728","post","type-post","status-publish","format-standard","has-post-thumbnail","hentry","category-corlu"],"authors":[{"term_id":57,"user_id":1,"is_guest":0,"slug":"admin","display_name":"Alp Aslan","avatar_url":"https:\/\/secure.gravatar.com\/avatar\/07c18c5ad3350b025db8f3328450e071acb435c703e565899c880c63362f137a?s=96&d=mm&r=g","author_category":"1","first_name":"Alp Aslan","last_name":"ER\u0130N","user_url":"http:\/\/www.gundem59.com.tr","job_title":"","description":""}],"_links":{"self":[{"href":"https:\/\/gundem59.com.tr\/index.php?rest_route=\/wp\/v2\/posts\/2728","targetHints":{"allow":["GET"]}}],"collection":[{"href":"https:\/\/gundem59.com.tr\/index.php?rest_route=\/wp\/v2\/posts"}],"about":[{"href":"https:\/\/gundem59.com.tr\/index.php?rest_route=\/wp\/v2\/types\/post"}],"author":[{"embeddable":true,"href":"https:\/\/gundem59.com.tr\/index.php?rest_route=\/wp\/v2\/users\/1"}],"replies":[{"embeddable":true,"href":"https:\/\/gundem59.com.tr\/index.php?rest_route=%2Fwp%2Fv2%2Fcomments&post=2728"}],"version-history":[{"count":1,"href":"https:\/\/gundem59.com.tr\/index.php?rest_route=\/wp\/v2\/posts\/2728\/revisions"}],"predecessor-version":[{"id":2731,"href":"https:\/\/gundem59.com.tr\/index.php?rest_route=\/wp\/v2\/posts\/2728\/revisions\/2731"}],"wp:featuredmedia":[{"embeddable":true,"href":"https:\/\/gundem59.com.tr\/index.php?rest_route=\/wp\/v2\/media\/2729"}],"wp:attachment":[{"href":"https:\/\/gundem59.com.tr\/index.php?rest_route=%2Fwp%2Fv2%2Fmedia&parent=2728"}],"wp:term":[{"taxonomy":"category","embeddable":true,"href":"https:\/\/gundem59.com.tr\/index.php?rest_route=%2Fwp%2Fv2%2Fcategories&post=2728"},{"taxonomy":"post_tag","embeddable":true,"href":"https:\/\/gundem59.com.tr\/index.php?rest_route=%2Fwp%2Fv2%2Ftags&post=2728"},{"taxonomy":"author","embeddable":true,"href":"https:\/\/gundem59.com.tr\/index.php?rest_route=%2Fwp%2Fv2%2Fppma_author&post=2728"}],"curies":[{"name":"wp","href":"https:\/\/api.w.org\/{rel}","templated":true}]}}