{"id":2719,"date":"2026-07-03T18:51:32","date_gmt":"2026-07-03T18:51:32","guid":{"rendered":"https:\/\/gundem59.com.tr\/?p=2719"},"modified":"2026-07-03T18:51:32","modified_gmt":"2026-07-03T18:51:32","slug":"dev-projede-sona-dogru-istanbul-tekirdag-arasi-1-saatin-altina-iniyor","status":"publish","type":"post","link":"https:\/\/gundem59.com.tr\/?p=2719","title":{"rendered":"Dev Projede Sona Do\u011fru! \u0130stanbul-Tekirda\u011f Aras\u0131 1 Saatin Alt\u0131na \u0130niyor"},"content":{"rendered":"\n<p class=\"wp-block-paragraph\"><strong>TEK\u0130RDA\u011e \u2013<\/strong> Ula\u015ft\u0131rma ve Altyap\u0131 Bakan\u0131 Abdulkadir Uralo\u011flu, Tekirda\u011f&#8217;da sivil toplum kurulu\u015flar\u0131 ve meslek odalar\u0131 temsilcileriyle bir araya geldi\u011fi toplant\u0131n\u0131n ard\u0131ndan ula\u015ft\u0131rma projelerine ili\u015fkin \u00f6nemli a\u00e7\u0131klamalarda bulundu. Bakan Uralo\u011flu, yap\u0131m\u0131 devam eden <strong>K\u0131nal\u0131-Malkara Otoyolu<\/strong> ile <strong>Halkal\u0131-Kap\u0131kule H\u0131zl\u0131 Tren Projesi<\/strong>nin tamamlanmas\u0131yla Tekirda\u011f&#8217;\u0131n ula\u015f\u0131m ve lojistikte stratejik bir merkez haline gelece\u011fini belirtti.<\/p>\n\n\n\n<h2 class=\"wp-block-heading\">\u0130stanbul-Tekirda\u011f Ula\u015f\u0131m\u0131 1 Saatin Alt\u0131na D\u00fc\u015fecek<\/h2>\n\n\n\n<p class=\"wp-block-paragraph\">K\u0131nal\u0131-Malkara Otoyolu&#8217;nun tamamlanmas\u0131yla ula\u015f\u0131m s\u00fcrelerinde \u00f6nemli kazan\u0131mlar elde edilece\u011fini ifade eden Uralo\u011flu, mevcut durumda <strong>132 kilometre<\/strong> olan \u0130stanbul-Tekirda\u011f g\u00fczerg\u00e2h\u0131n\u0131n <strong>114 kilometreye<\/strong> d\u00fc\u015fece\u011fini s\u00f6yledi.<\/p>\n\n\n\n<p class=\"wp-block-paragraph\">Bakan Uralo\u011flu, &#8220;\u0130stanbul-Tekirda\u011f aras\u0131ndaki ula\u015f\u0131m s\u00fcresi 1 saatin alt\u0131na, \u0130stanbul-\u00c7anakkale aras\u0131ndaki yolculuk ise 3,5 saatten yakla\u015f\u0131k 2 saate inecek.&#8221; dedi.<\/p>\n\n\n\n<p class=\"wp-block-paragraph\">Ayr\u0131ca otoyolun tamamlanmas\u0131yla <strong>Osmangazi K\u00f6pr\u00fcs\u00fc, Yavuz Sultan Selim K\u00f6pr\u00fcs\u00fc ve 1915 \u00c7anakkale K\u00f6pr\u00fcs\u00fc<\/strong> aras\u0131nda kesintisiz otoyol ba\u011flant\u0131s\u0131 sa\u011flanaca\u011f\u0131n\u0131 vurgulad\u0131.<\/p>\n\n\n\n<h2 class=\"wp-block-heading\">Halkal\u0131-Kap\u0131kule H\u0131zl\u0131 Tren Projesinde Test S\u00fcr\u00fc\u015fleri Ba\u015flad\u0131<\/h2>\n\n\n\n<p class=\"wp-block-paragraph\">Tekirda\u011f a\u00e7\u0131s\u0131ndan b\u00fcy\u00fck \u00f6nem ta\u015f\u0131yan <strong>Halkal\u0131-Kap\u0131kule H\u0131zl\u0131 Tren Projesi<\/strong> hakk\u0131nda da bilgi veren Uralo\u011flu, 229 kilometrelik hatt\u0131n 44 kilometresinin Tekirda\u011f s\u0131n\u0131rlar\u0131ndan ge\u00e7ti\u011fini belirtti.<\/p>\n\n\n\n<p class=\"wp-block-paragraph\">Projenin ilk etab\u0131 olan <strong>153 kilometrelik \u00c7erkezk\u00f6y-Kap\u0131kule kesiminde test s\u00fcr\u00fc\u015flerinin ba\u015flad\u0131\u011f\u0131n\u0131<\/strong> a\u00e7\u0131klayan Uralo\u011flu, sertifikasyon s\u00fcre\u00e7lerinin tamamlanmas\u0131n\u0131n ard\u0131ndan hatt\u0131n y\u0131l sonuna kadar hizmete a\u00e7\u0131lmas\u0131n\u0131n hedeflendi\u011fini s\u00f6yledi.<\/p>\n\n\n\n<p class=\"wp-block-paragraph\">69 kilometrelik <strong>Ispartakule-\u00c7erkezk\u00f6y<\/strong> etab\u0131ndaki \u00e7al\u0131\u015fmalar\u0131n s\u00fcrd\u00fc\u011f\u00fcn\u00fc belirten Bakan Uralo\u011flu, Halkal\u0131 ba\u011flant\u0131s\u0131n\u0131n da gelecek y\u0131l tamamlanmas\u0131n\u0131n planland\u0131\u011f\u0131n\u0131 ifade etti.<\/p>\n\n\n\n<h2 class=\"wp-block-heading\">Yolcu ve Y\u00fck Ta\u015f\u0131mac\u0131l\u0131\u011f\u0131nda B\u00fcy\u00fck Kazan\u0131m<\/h2>\n\n\n\n<p class=\"wp-block-paragraph\">Halkal\u0131-Kap\u0131kule Hatt\u0131&#8217;n\u0131n tamamlanmas\u0131yla birlikte yolcu seyahat s\u00fcresinin <strong>4 saatten 1,5 saate<\/strong>, y\u00fck ta\u015f\u0131ma s\u00fcresinin ise <strong>8,5 saatten 3,5 saate<\/strong> d\u00fc\u015fece\u011fini belirten Uralo\u011flu, hatt\u0131n y\u0131ll\u0131k yolcu kapasitesinin <strong>600 binden 3,4 milyona<\/strong>, y\u00fck ta\u015f\u0131ma kapasitesinin ise <strong>1,5 milyon tondan yakla\u015f\u0131k 9,5 milyon tona<\/strong> \u00e7\u0131kaca\u011f\u0131n\u0131 s\u00f6yledi.<\/p>\n\n\n\n<p class=\"wp-block-paragraph\">Bu yat\u0131r\u0131mla birlikte Tekirda\u011f ve Trakya&#8217;daki organize sanayi b\u00f6lgeleri ile limanlar\u0131n Avrupa pazar\u0131na \u00e7ok daha h\u0131zl\u0131 ve rekabet\u00e7i \u015fekilde ula\u015faca\u011f\u0131n\u0131 ifade eden Uralo\u011flu, b\u00f6lgenin uluslararas\u0131 demiryolu ta\u015f\u0131mac\u0131l\u0131\u011f\u0131nda \u00f6nemli bir lojistik \u00fcs haline gelece\u011fini kaydetti.<\/p>\n\n\n\n<figure class=\"wp-block-image size-full\"><img  title=\"\" loading=\"lazy\" decoding=\"async\" width=\"750\" height=\"422\" src=\"https:\/\/gundem59.com.tr\/wp-content\/uploads\/2026\/07\/6a47cdbb5625e6181d3f9980.webp\"  alt=\"6a47cdbb5625e6181d3f9980 Dev Projede Sona Do\u011fru! \u0130stanbul-Tekirda\u011f Aras\u0131 1 Saatin Alt\u0131na \u0130niyor\"  class=\"wp-image-2721\" srcset=\"https:\/\/gundem59.com.tr\/wp-content\/uploads\/2026\/07\/6a47cdbb5625e6181d3f9980.webp 750w, https:\/\/gundem59.com.tr\/wp-content\/uploads\/2026\/07\/6a47cdbb5625e6181d3f9980-300x169.webp 300w\" sizes=\"auto, (max-width: 750px) 100vw, 750px\" \/><\/figure>\n\n\n\n<h2 class=\"wp-block-heading\">&#8220;T\u00fcrkiye&#8217;siz Bir Ula\u015f\u0131m Koridoru D\u00fc\u015f\u00fcn\u00fclemez&#8221;<\/h2>\n\n\n\n<p class=\"wp-block-paragraph\">T\u00fcrkiye&#8217;nin uluslararas\u0131 ula\u015ft\u0131rma koridorlar\u0131ndaki stratejik konumuna dikkat \u00e7eken Bakan Uralo\u011flu, Orta Koridor&#8217;un g\u00fc\u00e7lendirilmesi amac\u0131yla Bak\u00fc-Tiflis-Kars Demiryolu, Marmaray, Halkal\u0131-Kap\u0131kule Hatt\u0131 ve di\u011fer demiryolu yat\u0131r\u0131mlar\u0131n\u0131n s\u00fcrd\u00fc\u011f\u00fcn\u00fc belirtti.<\/p>\n\n\n\n<p class=\"wp-block-paragraph\">T\u00fcrkiye&#8217;nin Asya ile Avrupa aras\u0131ndaki en \u00f6nemli transit \u00fclkelerden biri oldu\u011funu ifade eden Uralo\u011flu, ula\u015ft\u0131rma yat\u0131r\u0131mlar\u0131n\u0131n \u00fcretim, ihracat, istihdam ve b\u00f6lgesel kalk\u0131nmay\u0131 destekleyen stratejik projeler oldu\u011funu vurgulad\u0131.<\/p>\n\n\n\n<h2 class=\"wp-block-heading\">Tekirda\u011f&#8217;a 24 Y\u0131lda 123 Milyar Liran\u0131n \u00dczerinde Yat\u0131r\u0131m<\/h2>\n\n\n\n<p class=\"wp-block-paragraph\">Son 24 y\u0131lda Tekirda\u011f&#8217;a ula\u015ft\u0131rma alan\u0131nda <strong>123 milyar liran\u0131n \u00fczerinde yat\u0131r\u0131m<\/strong> yap\u0131ld\u0131\u011f\u0131n\u0131 a\u00e7\u0131klayan Bakan Uralo\u011flu, b\u00f6l\u00fcnm\u00fc\u015f yol uzunlu\u011funun <strong>86 kilometreden 412 kilometreye<\/strong>, bit\u00fcml\u00fc s\u0131cak kar\u0131\u015f\u0131m kaplamal\u0131 yol a\u011f\u0131n\u0131n ise <strong>246 kilometreden 601 kilometreye<\/strong> \u00e7\u0131kar\u0131ld\u0131\u011f\u0131n\u0131 s\u00f6yledi.<\/p>\n\n\n\n<p class=\"wp-block-paragraph\">Tekirda\u011f ve Hayrabolu \u00e7evre yollar\u0131, Kapakl\u0131 K\u00f6pr\u00fcl\u00fc Kav\u015fa\u011f\u0131, K\u0131nal\u0131 Ayr\u0131m\u0131-Tekirda\u011f B\u00f6l\u00fcnm\u00fc\u015f Yolu, Barbaros Liman\u0131 Ba\u011flant\u0131 Yolu ile \u00c7orlu Havaliman\u0131-\u015eerefli Liman Ba\u011flant\u0131 Yolu&#8217;nun tamamlanarak hizmete al\u0131nd\u0131\u011f\u0131n\u0131 belirten Uralo\u011flu, K\u0131nal\u0131 Ayr\u0131m\u0131-\u00c7orlu Devlet Yolu, Tekirda\u011f-Muratl\u0131 Yolu ve K\u0131nal\u0131-Malkara Otoyolu ba\u015fta olmak \u00fczere alt\u0131 \u00f6nemli kara yolu projesinde \u00e7al\u0131\u015fmalar\u0131n s\u00fcrd\u00fc\u011f\u00fcn\u00fc kaydetti.<\/p>\n\n\n\n<h2 class=\"wp-block-heading\">Demiryolu ve Denizcilik Yat\u0131r\u0131mlar\u0131 Devam Ediyor<\/h2>\n\n\n\n<p class=\"wp-block-paragraph\">Tekirda\u011f&#8217;daki t\u00fcm demiryolu hatlar\u0131n\u0131n yenilendi\u011fini belirten Uralo\u011flu, Tekirda\u011f-Muratl\u0131 ikinci hat, sinyalizasyon ve elektrifikasyon projelerinin tamamland\u0131\u011f\u0131n\u0131 ifade etti.<\/p>\n\n\n\n<p class=\"wp-block-paragraph\">Tekirda\u011f Yat Liman\u0131&#8217;n\u0131n hizmete a\u00e7\u0131ld\u0131\u011f\u0131n\u0131 ve Ulusal Deniz Emniyeti Ba\u015fkanl\u0131\u011f\u0131&#8217;n\u0131n Tekirda\u011f&#8217;da kuruldu\u011funu belirten Bakan Uralo\u011flu, ula\u015ft\u0131rma yat\u0131r\u0131mlar\u0131n\u0131n kentin sanayi, ticaret ve lojistik g\u00fcc\u00fcn\u00fc daha da art\u0131raca\u011f\u0131n\u0131 s\u00f6yledi.<\/p>\n\n\n\n<h2 class=\"wp-block-heading\">Velime\u015fe Hemzemin Ge\u00e7idi \u0130\u00e7in Kav\u015fak M\u00fcjdesi<\/h2>\n\n\n\n<p class=\"wp-block-paragraph\">Bakan Uralo\u011flu, Velime\u015fe&#8217;de hemzemin ge\u00e7idin kapat\u0131lmas\u0131n\u0131n ard\u0131ndan ya\u015fanan ula\u015f\u0131m sorununa da de\u011finerek, Tekirda\u011f Valili\u011fi koordinasyonunda y\u00fcr\u00fct\u00fclen \u00e7al\u0131\u015fmalar kapsam\u0131nda <strong>Karayollar\u0131 Genel M\u00fcd\u00fcrl\u00fc\u011f\u00fc taraf\u0131ndan yeni bir kav\u015fak yap\u0131laca\u011f\u0131n\u0131<\/strong> a\u00e7\u0131klad\u0131.<\/p>\n\n\n\n<p class=\"wp-block-paragraph\">Projenin, b\u00f6lgedeki trafik ak\u0131\u015f\u0131n\u0131 rahatlatarak vatanda\u015flar\u0131n ula\u015f\u0131m\u0131n\u0131 daha g\u00fcvenli ve konforlu hale getirmesi hedefleniyor.<\/p>\n","protected":false},"excerpt":{"rendered":"<p>TEK\u0130RDA\u011e \u2013 Ula\u015ft\u0131rma ve Altyap\u0131 Bakan\u0131 Abdulkadir Uralo\u011flu, Tekirda\u011f&#8217;da sivil toplum kurulu\u015flar\u0131 ve meslek odalar\u0131&#8230;<\/p>\n","protected":false},"author":1,"featured_media":2720,"comment_status":"closed","ping_status":"closed","sticky":false,"template":"","format":"standard","meta":{"footnotes":""},"categories":[56],"tags":[],"ppma_author":[57],"class_list":["post-2719","post","type-post","status-publish","format-standard","has-post-thumbnail","hentry","category-guncel"],"authors":[{"term_id":57,"user_id":1,"is_guest":0,"slug":"admin","display_name":"Alp Aslan","avatar_url":"https:\/\/secure.gravatar.com\/avatar\/07c18c5ad3350b025db8f3328450e071acb435c703e565899c880c63362f137a?s=96&d=mm&r=g","author_category":"1","first_name":"Alp Aslan","last_name":"ER\u0130N","user_url":"http:\/\/www.gundem59.com.tr","job_title":"","description":""}],"_links":{"self":[{"href":"https:\/\/gundem59.com.tr\/index.php?rest_route=\/wp\/v2\/posts\/2719","targetHints":{"allow":["GET"]}}],"collection":[{"href":"https:\/\/gundem59.com.tr\/index.php?rest_route=\/wp\/v2\/posts"}],"about":[{"href":"https:\/\/gundem59.com.tr\/index.php?rest_route=\/wp\/v2\/types\/post"}],"author":[{"embeddable":true,"href":"https:\/\/gundem59.com.tr\/index.php?rest_route=\/wp\/v2\/users\/1"}],"replies":[{"embeddable":true,"href":"https:\/\/gundem59.com.tr\/index.php?rest_route=%2Fwp%2Fv2%2Fcomments&post=2719"}],"version-history":[{"count":1,"href":"https:\/\/gundem59.com.tr\/index.php?rest_route=\/wp\/v2\/posts\/2719\/revisions"}],"predecessor-version":[{"id":2722,"href":"https:\/\/gundem59.com.tr\/index.php?rest_route=\/wp\/v2\/posts\/2719\/revisions\/2722"}],"wp:featuredmedia":[{"embeddable":true,"href":"https:\/\/gundem59.com.tr\/index.php?rest_route=\/wp\/v2\/media\/2720"}],"wp:attachment":[{"href":"https:\/\/gundem59.com.tr\/index.php?rest_route=%2Fwp%2Fv2%2Fmedia&parent=2719"}],"wp:term":[{"taxonomy":"category","embeddable":true,"href":"https:\/\/gundem59.com.tr\/index.php?rest_route=%2Fwp%2Fv2%2Fcategories&post=2719"},{"taxonomy":"post_tag","embeddable":true,"href":"https:\/\/gundem59.com.tr\/index.php?rest_route=%2Fwp%2Fv2%2Ftags&post=2719"},{"taxonomy":"author","embeddable":true,"href":"https:\/\/gundem59.com.tr\/index.php?rest_route=%2Fwp%2Fv2%2Fppma_author&post=2719"}],"curies":[{"name":"wp","href":"https:\/\/api.w.org\/{rel}","templated":true}]}}