{"id":2709,"date":"2026-07-03T18:38:28","date_gmt":"2026-07-03T18:38:28","guid":{"rendered":"https:\/\/gundem59.com.tr\/?p=2709"},"modified":"2026-07-03T18:45:43","modified_gmt":"2026-07-03T18:45:43","slug":"bakan-abdulkadir-uraloglu-tekirdagda-halkali-kapikule-hizli-tren-projesi-tekirdagi-lojistik-us-yapacak","status":"publish","type":"post","link":"https:\/\/gundem59.com.tr\/?p=2709","title":{"rendered":"Bakan Abdulkadir Uralo\u011flu Tekirda\u011f&#8217;da: &#8220;Halkal\u0131-Kap\u0131kule H\u0131zl\u0131 Tren Projesi Tekirda\u011f&#8217;\u0131 Lojistik \u00dcs Yapacak&#8221;"},"content":{"rendered":"\n<p class=\"wp-block-paragraph\"><strong>TEK\u0130RDA\u011e \u2013<\/strong> Ula\u015ft\u0131rma ve Altyap\u0131 Bakan\u0131 Abdulkadir Uralo\u011flu, \u00e7e\u015fitli programlara kat\u0131lmak \u00fczere geldi\u011fi Tekirda\u011f&#8217;da valilik ziyareti, il koordinasyon toplant\u0131s\u0131, esnaf bulu\u015fmalar\u0131 ve cuma namaz\u0131 program\u0131n\u0131n ard\u0131ndan sivil toplum kurulu\u015flar\u0131, i\u015f d\u00fcnyas\u0131 ve bas\u0131n mensuplar\u0131yla bir araya geldi. Bakan Uralo\u011flu, Halkal\u0131-Kap\u0131kule H\u0131zl\u0131 Tren Projesi&#8217;nin tamamlanmas\u0131yla Tekirda\u011f&#8217;\u0131n Avrupa ile Asya aras\u0131nda stratejik bir lojistik \u00fcs haline gelece\u011fini s\u00f6yledi.<\/p>\n\n\n\n<figure class=\"wp-block-image size-large\"><img  title=\"\" loading=\"lazy\" decoding=\"async\" width=\"1024\" height=\"682\" src=\"https:\/\/gundem59.com.tr\/wp-content\/uploads\/2026\/07\/WhatsApp-Image-2026_07_03-at-122445-1024x682.jpeg\"  alt=\"WhatsApp-Image-2026_07_03-at-122445-1024x682 Bakan Abdulkadir Uralo\u011flu Tekirda\u011f&#039;da: &quot;Halkal\u0131-Kap\u0131kule H\u0131zl\u0131 Tren Projesi Tekirda\u011f&#039;\u0131 Lojistik \u00dcs Yapacak&quot;\"  class=\"wp-image-2711\" srcset=\"https:\/\/gundem59.com.tr\/wp-content\/uploads\/2026\/07\/WhatsApp-Image-2026_07_03-at-122445-1024x682.jpeg 1024w, https:\/\/gundem59.com.tr\/wp-content\/uploads\/2026\/07\/WhatsApp-Image-2026_07_03-at-122445-300x200.jpeg 300w, https:\/\/gundem59.com.tr\/wp-content\/uploads\/2026\/07\/WhatsApp-Image-2026_07_03-at-122445-768x512.jpeg 768w, https:\/\/gundem59.com.tr\/wp-content\/uploads\/2026\/07\/WhatsApp-Image-2026_07_03-at-122445-1536x1024.jpeg 1536w, https:\/\/gundem59.com.tr\/wp-content\/uploads\/2026\/07\/WhatsApp-Image-2026_07_03-at-122445-2048x1365.jpeg 2048w\" sizes=\"auto, (max-width: 1024px) 100vw, 1024px\" \/><\/figure>\n\n\n\n<h2 class=\"wp-block-heading\">Valilik Ziyareti ve \u0130l Koordinasyon Toplant\u0131s\u0131<\/h2>\n\n\n\n<p class=\"wp-block-paragraph\">Tekirda\u011f program\u0131na Valili\u011fi ziyaret ederek ba\u015flayan Bakan Uralo\u011flu, Valilik \u015eeref Defteri&#8217;ni imzalad\u0131 ve Tekirda\u011f Valisi Recep Soyt\u00fcrk&#8217;ten kentte y\u00fcr\u00fct\u00fclen \u00e7al\u0131\u015fmalar hakk\u0131nda bilgi ald\u0131.<\/p>\n\n\n\n<p class=\"wp-block-paragraph\">Valilikte d\u00fczenlenen \u0130l Koordinasyon Toplant\u0131s\u0131&#8217;na kat\u0131lan Uralo\u011flu, daha sonra R\u00fcstem Pa\u015fa Camisi&#8217;nde cuma namaz\u0131n\u0131 k\u0131ld\u0131. Namaz\u0131n ard\u0131ndan vatanda\u015flarla sohbet eden Bakan Uralo\u011flu, kent merkezindeki esnaf\u0131 ziyaret ederek talep ve \u00f6nerileri dinledi. Ziyaretleri boyunca Bakan Uralo\u011flu&#8217;na Tekirda\u011f Valisi Recep Soyt\u00fcrk e\u015flik etti.<\/p>\n\n\n\n<h2 class=\"wp-block-heading\">&#8220;T\u00fcrkiye, K\u00fcresel Ula\u015f\u0131m Koridorlar\u0131n\u0131n Vazge\u00e7ilmez \u00dclkesi&#8221;<\/h2>\n\n\n\n<p class=\"wp-block-paragraph\">Program kapsam\u0131nda sivil toplum kurulu\u015flar\u0131, meslek odalar\u0131, i\u015f d\u00fcnyas\u0131 temsilcileri ve bas\u0131n mensuplar\u0131yla bir araya gelen Bakan Uralo\u011flu, T\u00fcrkiye&#8217;nin ula\u015ft\u0131rma vizyonu ile Tekirda\u011f&#8217;da devam eden kara yolu ve demiryolu yat\u0131r\u0131mlar\u0131na ili\u015fkin de\u011ferlendirmelerde bulundu.<\/p>\n\n\n\n<p class=\"wp-block-paragraph\">T\u00fcrkiye&#8217;nin jeostratejik konumuna dikkat \u00e7eken Uralo\u011flu, Orta Koridor ve Kalk\u0131nma Yolu Projesi&#8217;nin \u00fclkenin uluslararas\u0131 ticaretteki stratejik \u00f6nemini art\u0131rd\u0131\u011f\u0131n\u0131 belirterek, <strong>&#8220;T\u00fcrkiye&#8217;siz bir ula\u015f\u0131m koridoru d\u00fc\u015f\u00fcn\u00fclemez.&#8221;<\/strong> ifadelerini kulland\u0131.<\/p>\n\n\n\n<h2 class=\"wp-block-heading\">&#8220;Halkal\u0131-Kap\u0131kule Hatt\u0131 Trakya&#8217;n\u0131n Gelece\u011fini \u015eekillendirecek&#8221;<\/h2>\n\n\n\n<p class=\"wp-block-paragraph\">Halkal\u0131-Kap\u0131kule H\u0131zl\u0131 Tren Projesi&#8217;nin yaln\u0131zca bir demiryolu yat\u0131r\u0131m\u0131 olmad\u0131\u011f\u0131n\u0131 vurgulayan Uralo\u011flu, hatt\u0131n T\u00fcrkiye&#8217;yi Avrupa demiryolu a\u011f\u0131na y\u00fcksek standartlarda ba\u011flayan en \u00f6nemli projelerden biri oldu\u011funu s\u00f6yledi.<\/p>\n\n\n\n<p class=\"wp-block-paragraph\">Projenin, Bak\u00fc-Tiflis-Kars Demiryolu, Marmaray ve Kalk\u0131nma Yolu ile entegre \u015fekilde \u00e7al\u0131\u015faca\u011f\u0131n\u0131 belirten Uralo\u011flu, Tekirda\u011f ba\u015fta olmak \u00fczere Trakya B\u00f6lgesi&#8217;nin uluslararas\u0131 ta\u015f\u0131mac\u0131l\u0131kta \u00e7ok daha g\u00fc\u00e7l\u00fc bir konuma ula\u015faca\u011f\u0131n\u0131 ifade etti.<\/p>\n\n\n\n<h2 class=\"wp-block-heading\">\u00c7erkezk\u00f6y-Kap\u0131kule Etab\u0131nda Test S\u00fcr\u00fc\u015fleri Ba\u015flad\u0131<\/h2>\n\n\n\n<p class=\"wp-block-paragraph\">229 kilometre uzunlu\u011fundaki Halkal\u0131-Kap\u0131kule H\u0131zl\u0131 Tren Projesi&#8217;nin 44 kilometrelik b\u00f6l\u00fcm\u00fcn\u00fcn Tekirda\u011f s\u0131n\u0131rlar\u0131 i\u00e7erisinde yer ald\u0131\u011f\u0131n\u0131 belirten Bakan Uralo\u011flu, projenin ilk etab\u0131 olan <strong>153 kilometrelik \u00c7erkezk\u00f6y-Kap\u0131kule kesiminde test s\u00fcr\u00fc\u015flerinin ba\u015flad\u0131\u011f\u0131n\u0131<\/strong> a\u00e7\u0131klad\u0131.<\/p>\n\n\n\n<p class=\"wp-block-paragraph\">Test ve sertifikasyon s\u00fcre\u00e7lerinin tamamlanmas\u0131n\u0131n ard\u0131ndan hatt\u0131n bu y\u0131l sonuna kadar hizmete a\u00e7\u0131lmas\u0131n\u0131n hedeflendi\u011fini belirten Uralo\u011flu, Ispartakule-\u00c7erkezk\u00f6y ve Halkal\u0131 ba\u011flant\u0131s\u0131ndaki \u00e7al\u0131\u015fmalar\u0131n ise planlanan takvim do\u011frultusunda s\u00fcrd\u00fc\u011f\u00fcn\u00fc s\u00f6yledi.<\/p>\n\n\n\n<h2 class=\"wp-block-heading\">\u0130stanbul-Tekirda\u011f Aras\u0131 1 Saatin Alt\u0131na D\u00fc\u015fecek<\/h2>\n\n\n\n<p class=\"wp-block-paragraph\">Projenin tamamlanmas\u0131yla birlikte Halkal\u0131-Kap\u0131kule hatt\u0131nda yolcu seyahat s\u00fcresinin <strong>4 saatten 1,5 saate<\/strong>, y\u00fck ta\u015f\u0131ma s\u00fcresinin ise <strong>8,5 saatten 3,5 saate<\/strong> d\u00fc\u015fece\u011fini belirten Uralo\u011flu, y\u0131ll\u0131k yolcu kapasitesinin 600 binden 3,4 milyona, y\u00fck ta\u015f\u0131ma kapasitesinin ise 1,5 milyon tondan 9,6 milyon tona y\u00fckselece\u011fini ifade etti.<\/p>\n\n\n\n<p class=\"wp-block-paragraph\">Ayr\u0131ca yap\u0131m\u0131 devam eden <strong>K\u0131nal\u0131-Malkara Otoyolu<\/strong> sayesinde \u0130stanbul-Tekirda\u011f aras\u0131ndaki ula\u015f\u0131m s\u00fcresinin <strong>1 saatin alt\u0131na<\/strong>, \u0130stanbul-\u00c7anakkale aras\u0131ndaki ula\u015f\u0131m\u0131n ise yakla\u015f\u0131k <strong>2 saate<\/strong> inece\u011fini belirten Bakan Uralo\u011flu, otoyolun tamamlanmas\u0131yla Marmara Otoyol Ringi&#8217;nin de kesintisiz hale gelece\u011fini s\u00f6yledi.<\/p>\n\n\n\n<h2 class=\"wp-block-heading\">Tekirda\u011f&#8217;a 123,2 Milyar Liral\u0131k Ula\u015ft\u0131rma Yat\u0131r\u0131m\u0131<\/h2>\n\n\n\n<p class=\"wp-block-paragraph\">Son 24 y\u0131lda Tekirda\u011f&#8217;a ula\u015ft\u0131rma ve altyap\u0131 alan\u0131nda <strong>123,2 milyar liral\u0131k yat\u0131r\u0131m<\/strong> yap\u0131ld\u0131\u011f\u0131n\u0131 a\u00e7\u0131klayan Bakan Uralo\u011flu, b\u00f6l\u00fcnm\u00fc\u015f yol uzunlu\u011funun 86 kilometreden 412 kilometreye, bit\u00fcml\u00fc s\u0131cak kar\u0131\u015f\u0131m kaplamal\u0131 yol a\u011f\u0131n\u0131n ise 246 kilometreden 601 kilometreye \u00e7\u0131kar\u0131ld\u0131\u011f\u0131n\u0131 s\u00f6yledi.<\/p>\n\n\n\n<p class=\"wp-block-paragraph\">Tekirda\u011f ve Hayrabolu \u00e7evre yollar\u0131, Kapakl\u0131 K\u00f6pr\u00fcl\u00fc Kav\u015fa\u011f\u0131, K\u0131nal\u0131 Ayr\u0131m\u0131-Tekirda\u011f B\u00f6l\u00fcnm\u00fc\u015f Yolu, Barbaros Liman\u0131 Ba\u011flant\u0131 Yolu ile \u00c7orlu Havaliman\u0131-\u015eerefli Liman Ba\u011flant\u0131 Yolu&#8217;nun hizmete a\u00e7\u0131ld\u0131\u011f\u0131n\u0131 belirten Uralo\u011flu, K\u0131nal\u0131 Ayr\u0131m\u0131-\u00c7orlu Devlet Yolu, Tekirda\u011f-Muratl\u0131 Yolu ve K\u0131nal\u0131-Malkara Otoyolu ba\u015fta olmak \u00fczere alt\u0131 \u00f6nemli kara yolu projesinde \u00e7al\u0131\u015fmalar\u0131n aral\u0131ks\u0131z s\u00fcrd\u00fc\u011f\u00fcn\u00fc kaydetti.<\/p>\n\n\n\n<h2 class=\"wp-block-heading\">Demiryolu ve Denizcilik Altyap\u0131s\u0131 G\u00fc\u00e7leniyor<\/h2>\n\n\n\n<p class=\"wp-block-paragraph\">Tekirda\u011f&#8217;daki t\u00fcm demiryolu hatlar\u0131n\u0131n yenilendi\u011fini belirten Uralo\u011flu, Tekirda\u011f-Muratl\u0131 ikinci hat, sinyalizasyon ve elektrifikasyon projelerinin tamamland\u0131\u011f\u0131n\u0131 ifade etti.<\/p>\n\n\n\n<p class=\"wp-block-paragraph\">Tekirda\u011f Yat Liman\u0131&#8217;n\u0131n hizmete a\u00e7\u0131ld\u0131\u011f\u0131n\u0131 ve Ulusal Deniz Emniyeti Ba\u015fkanl\u0131\u011f\u0131&#8217;n\u0131n Tekirda\u011f&#8217;da kuruldu\u011funu hat\u0131rlatan Uralo\u011flu, devam eden ula\u015ft\u0131rma yat\u0131r\u0131mlar\u0131yla birlikte Tekirda\u011f&#8217;\u0131n sanayi, ticaret ve lojistik alan\u0131ndaki stratejik g\u00fcc\u00fcn\u00fcn daha da artaca\u011f\u0131n\u0131 s\u00f6yledi.<\/p>\n\n\n\n<figure class=\"wp-block-image size-full\"><img  title=\"\" loading=\"lazy\" decoding=\"async\" width=\"600\" height=\"400\" src=\"https:\/\/gundem59.com.tr\/wp-content\/uploads\/2026\/07\/0x0-bakan-uraloglu-tekirdagda-1783084733619.webp\"  alt=\"0x0-bakan-uraloglu-tekirdagda-1783084733619 Bakan Abdulkadir Uralo\u011flu Tekirda\u011f&#039;da: &quot;Halkal\u0131-Kap\u0131kule H\u0131zl\u0131 Tren Projesi Tekirda\u011f&#039;\u0131 Lojistik \u00dcs Yapacak&quot;\"  class=\"wp-image-2716\" srcset=\"https:\/\/gundem59.com.tr\/wp-content\/uploads\/2026\/07\/0x0-bakan-uraloglu-tekirdagda-1783084733619.webp 600w, https:\/\/gundem59.com.tr\/wp-content\/uploads\/2026\/07\/0x0-bakan-uraloglu-tekirdagda-1783084733619-300x200.webp 300w\" sizes=\"auto, (max-width: 600px) 100vw, 600px\" \/><\/figure>\n\n\n\n<figure class=\"wp-block-image size-full\"><img  title=\"\" loading=\"lazy\" decoding=\"async\" width=\"600\" height=\"400\" src=\"https:\/\/gundem59.com.tr\/wp-content\/uploads\/2026\/07\/0x0-bakan-uraloglu-tekirdagda-1783084737203.webp\"  alt=\"0x0-bakan-uraloglu-tekirdagda-1783084737203 Bakan Abdulkadir Uralo\u011flu Tekirda\u011f&#039;da: &quot;Halkal\u0131-Kap\u0131kule H\u0131zl\u0131 Tren Projesi Tekirda\u011f&#039;\u0131 Lojistik \u00dcs Yapacak&quot;\"  class=\"wp-image-2717\" srcset=\"https:\/\/gundem59.com.tr\/wp-content\/uploads\/2026\/07\/0x0-bakan-uraloglu-tekirdagda-1783084737203.webp 600w, https:\/\/gundem59.com.tr\/wp-content\/uploads\/2026\/07\/0x0-bakan-uraloglu-tekirdagda-1783084737203-300x200.webp 300w\" sizes=\"auto, (max-width: 600px) 100vw, 600px\" \/><\/figure>\n","protected":false},"excerpt":{"rendered":"<p>TEK\u0130RDA\u011e \u2013 Ula\u015ft\u0131rma ve Altyap\u0131 Bakan\u0131 Abdulkadir Uralo\u011flu, \u00e7e\u015fitli programlara kat\u0131lmak \u00fczere geldi\u011fi Tekirda\u011f&#8217;da valilik&#8230;<\/p>\n","protected":false},"author":1,"featured_media":2710,"comment_status":"closed","ping_status":"closed","sticky":false,"template":"","format":"standard","meta":{"footnotes":""},"categories":[56],"tags":[],"ppma_author":[57],"class_list":["post-2709","post","type-post","status-publish","format-standard","has-post-thumbnail","hentry","category-guncel"],"authors":[{"term_id":57,"user_id":1,"is_guest":0,"slug":"admin","display_name":"Alp Aslan","avatar_url":"https:\/\/secure.gravatar.com\/avatar\/07c18c5ad3350b025db8f3328450e071acb435c703e565899c880c63362f137a?s=96&d=mm&r=g","author_category":"1","first_name":"Alp Aslan","last_name":"ER\u0130N","user_url":"http:\/\/www.gundem59.com.tr","job_title":"","description":""}],"_links":{"self":[{"href":"https:\/\/gundem59.com.tr\/index.php?rest_route=\/wp\/v2\/posts\/2709","targetHints":{"allow":["GET"]}}],"collection":[{"href":"https:\/\/gundem59.com.tr\/index.php?rest_route=\/wp\/v2\/posts"}],"about":[{"href":"https:\/\/gundem59.com.tr\/index.php?rest_route=\/wp\/v2\/types\/post"}],"author":[{"embeddable":true,"href":"https:\/\/gundem59.com.tr\/index.php?rest_route=\/wp\/v2\/users\/1"}],"replies":[{"embeddable":true,"href":"https:\/\/gundem59.com.tr\/index.php?rest_route=%2Fwp%2Fv2%2Fcomments&post=2709"}],"version-history":[{"count":2,"href":"https:\/\/gundem59.com.tr\/index.php?rest_route=\/wp\/v2\/posts\/2709\/revisions"}],"predecessor-version":[{"id":2718,"href":"https:\/\/gundem59.com.tr\/index.php?rest_route=\/wp\/v2\/posts\/2709\/revisions\/2718"}],"wp:featuredmedia":[{"embeddable":true,"href":"https:\/\/gundem59.com.tr\/index.php?rest_route=\/wp\/v2\/media\/2710"}],"wp:attachment":[{"href":"https:\/\/gundem59.com.tr\/index.php?rest_route=%2Fwp%2Fv2%2Fmedia&parent=2709"}],"wp:term":[{"taxonomy":"category","embeddable":true,"href":"https:\/\/gundem59.com.tr\/index.php?rest_route=%2Fwp%2Fv2%2Fcategories&post=2709"},{"taxonomy":"post_tag","embeddable":true,"href":"https:\/\/gundem59.com.tr\/index.php?rest_route=%2Fwp%2Fv2%2Ftags&post=2709"},{"taxonomy":"author","embeddable":true,"href":"https:\/\/gundem59.com.tr\/index.php?rest_route=%2Fwp%2Fv2%2Fppma_author&post=2709"}],"curies":[{"name":"wp","href":"https:\/\/api.w.org\/{rel}","templated":true}]}}